{"id":884,"date":"2024-09-17T09:39:50","date_gmt":"2024-09-17T08:39:50","guid":{"rendered":"https:\/\/www.hospitalsancarlos.es\/blog\/?p=884"},"modified":"2024-09-17T09:39:50","modified_gmt":"2024-09-17T08:39:50","slug":"el-dia-mundial-del-linfoma-llama-a-la-concienciacion-y-al-diagnostico-temprano-del-cancer-linfatico","status":"publish","type":"post","link":"https:\/\/www.hospitalsancarlos.es\/blog\/oncologia\/el-dia-mundial-del-linfoma-llama-a-la-concienciacion-y-al-diagnostico-temprano-del-cancer-linfatico\/","title":{"rendered":"El D\u00eda Mundial del Linfoma llama a la concienciaci\u00f3n y al diagn\u00f3stico temprano del c\u00e1ncer linf\u00e1tico"},"content":{"rendered":"<div class=\"wp-block-image\">\n<figure class=\"aligncenter size-full is-resized\"><img loading=\"lazy\" decoding=\"async\" width=\"1024\" height=\"595\" src=\"https:\/\/www.hospitalsancarlos.es\/blog\/wp-content\/uploads\/2024\/09\/Cancer-linfatico-web-2.jpg\" alt=\"\" class=\"wp-image-909\" style=\"width:888px;height:auto\" srcset=\"https:\/\/www.hospitalsancarlos.es\/blog\/wp-content\/uploads\/2024\/09\/Cancer-linfatico-web-2.jpg 1024w, https:\/\/www.hospitalsancarlos.es\/blog\/wp-content\/uploads\/2024\/09\/Cancer-linfatico-web-2-300x174.jpg 300w, https:\/\/www.hospitalsancarlos.es\/blog\/wp-content\/uploads\/2024\/09\/Cancer-linfatico-web-2-768x446.jpg 768w\" sizes=\"auto, (max-width: 1024px) 100vw, 1024px\" \/><figcaption class=\"wp-element-caption\"><br>15 de septiembre, D\u00eda Mundial del Linfoma<\/figcaption><\/figure>\n<\/div>\n\n\n<div style=\"height:43px\" aria-hidden=\"true\" class=\"wp-block-spacer\"><\/div>\n\n\n\n<p>El <strong>D\u00eda Mundial del Linfoma<\/strong> se celebra cada 15 de septiembre, una jornada dedicada a dar a conocer y a fomentar una mayor comprensi\u00f3n y concienciaci\u00f3n sobre este tipo de c\u00e1ncer.<\/p>\n\n\n\n<p>Los linfomas son un grupo de c\u00e1nceres que se originan en el <strong>sistema linf\u00e1tico<\/strong> y se localizan fundamentalmente en los <strong>ganglios linf\u00e1ticos<\/strong> y <strong>m\u00e9dula \u00f3sea<\/strong>. La jornada de este a\u00f1o se centra en la importancia de la detecci\u00f3n temprana y el acceso a tratamientos innovadores. Este d\u00eda es respaldado por organizaciones de salud y asociaciones de pacientes en todo el mundo que buscan educar a la poblaci\u00f3n sobre los signos y s\u00edntomas que permiten llegar a un diagn\u00f3stico m\u00e1s temprano de estas enfermedades, y fomentar el apoyo a las personas afectadas.<\/p>\n\n\n\n<p>Anualmente se diagnostican 735.000 nuevos casos en todo el mundo. Existen muchos tipos de linfomas y de tratamientos, sin embargo, los s\u00edntomas del linfoma pueden pasar desapercibidos o confundirse con otras afecciones, lo que hace que el <strong>diagn\u00f3stico temprano<\/strong> sea un objetivo primordial y complejo para los sistemas de salud.<\/p>\n\n\n\n<p><\/p>\n\n\n\n<div class=\"wp-block-media-text has-media-on-the-right is-stacked-on-mobile\" style=\"grid-template-columns:auto 22%\"><div class=\"wp-block-media-text__content\">\n<p>El <strong>especialista en oncolog\u00eda<\/strong> del <a href=\"https:\/\/www.hospitalsancarlos.es\/\"><strong>Hospital HLA San Carlos<\/strong><\/a> de Denia, el <strong>Dr. Joan Manuel Gasent<\/strong> dice que, entre los s\u00edntomas m\u00e1s comunes se encuentran el aumento de tama\u00f1o persistente de ganglios linf\u00e1ticos del cuello, axilas o ingle, fiebre recurrente sin causa infecciosa, frecuentes sudores nocturnos intensos, fatiga o p\u00e9rdida de peso, entre otros, sin explicaci\u00f3n aparente. Para llegar a un diagn\u00f3stico correcto se requerir\u00eda de un estudio histol\u00f3gico de los ganglios afectados, realizar estudios radiol\u00f3gicos y metab\u00f3licos que permitan establecer la extensi\u00f3n y el mejor tratamiento disponible para cada paciente.<\/p>\n<\/div><figure class=\"wp-block-media-text__media\"><img loading=\"lazy\" decoding=\"async\" width=\"1024\" height=\"1010\" src=\"https:\/\/www.hospitalsancarlos.es\/blog\/wp-content\/uploads\/2024\/09\/Dr.-Gasent-4-2-1024x1010.jpg\" alt=\"\" class=\"wp-image-905 size-full\" srcset=\"https:\/\/www.hospitalsancarlos.es\/blog\/wp-content\/uploads\/2024\/09\/Dr.-Gasent-4-2-1024x1010.jpg 1024w, https:\/\/www.hospitalsancarlos.es\/blog\/wp-content\/uploads\/2024\/09\/Dr.-Gasent-4-2-300x296.jpg 300w, https:\/\/www.hospitalsancarlos.es\/blog\/wp-content\/uploads\/2024\/09\/Dr.-Gasent-4-2-768x757.jpg 768w, https:\/\/www.hospitalsancarlos.es\/blog\/wp-content\/uploads\/2024\/09\/Dr.-Gasent-4-2-80x80.jpg 80w, https:\/\/www.hospitalsancarlos.es\/blog\/wp-content\/uploads\/2024\/09\/Dr.-Gasent-4-2.jpg 1070w\" sizes=\"auto, (max-width: 1024px) 100vw, 1024px\" \/><\/figure><\/div>\n\n\n\n<p>Poder disponer de un diagn\u00f3stico preciso y en estadios iniciales, impacta claramente en el pron\u00f3stico de las personas afectadas. Por ello es importante que nos concienciemos y prestemos especial atenci\u00f3n a estos signos, y consultemos con profesionales sanitarios de nuestro entorno\u00bb.<\/p>\n\n\n\n<p>En los \u00faltimos a\u00f1os la medicina ha logrado importantes avances en el <strong>tratamiento del linfoma<\/strong>. Los tratamientos de quimioterapia, las terapias dirigidas, inmunoterapias, tratamientos tipo CAR-T cell y las nuevas terapias celulares en desarrollo, est\u00e1n aumentando exponencialmente las posibilidades de curaci\u00f3n y la calidad de vida de los pacientes A pesar de estos avances, es vital que los sistemas de salud garanticen el acceso equitativo a estos tratamientos y que sigan destinando recursos a la investigaci\u00f3n cient\u00edfica.<\/p>\n\n\n\n<div style=\"height:18px\" aria-hidden=\"true\" class=\"wp-block-spacer\"><\/div>\n\n\n\n<p><strong>Sobre Grupo Hospitalario HLA<\/strong><\/p>\n\n\n\n<p>El <a href=\"https:\/\/www.grupohla.com\/\">Grupo Hospitalario HLA<\/a> es <strong>uno de los mayores proveedores hospitalarios de Espa\u00f1a<\/strong>. Lo componen 18 hospitales y 38 centros m\u00e9dicos multiespecialidad con unidades de referencia en tratamientos de \u00faltima generaci\u00f3n, que trabajan de forma integrada para proporcionar acceso a una asistencia sanitaria de alto nivel.\u00a0<\/p>\n\n\n\n<p>Con 1.300 camas de hospitalizaci\u00f3n y m\u00e1s de 40 a\u00f1os de experiencia, HLA es un referente en la atenci\u00f3n hospitalaria y ambulatoria. Sus profesionales garantizan un modelo de atenci\u00f3n que se basa en la excelencia, la innovaci\u00f3n, la responsabilidad y un trato humano y cercano con el paciente.&nbsp;<\/p>\n","protected":false},"excerpt":{"rendered":"<p>El D\u00eda Mundial del Linfoma se celebra cada 15 de septiembre, una jornada dedicada a dar a conocer y a fomentar una mayor comprensi\u00f3n y concienciaci\u00f3n sobre este tipo de c\u00e1ncer. Los linfomas son&#46;&#46;&#46;<\/p>\n","protected":false},"author":2,"featured_media":886,"comment_status":"closed","ping_status":"closed","sticky":false,"template":"","format":"standard","meta":{"footnotes":""},"categories":[24,6],"tags":[75,13,86],"class_list":["post-884","post","type-post","status-publish","format-standard","has-post-thumbnail","hentry","category-actualidad","category-oncologia","tag-cancer","tag-hospital-san-carlos","tag-oncologia"],"yoast_head":"<!-- This site is optimized with the Yoast SEO plugin v17.2 - https:\/\/yoast.com\/wordpress\/plugins\/seo\/ -->\n<title>El D\u00eda Mundial del Linfoma llama a la concienciaci\u00f3n y al diagn\u00f3stico temprano del c\u00e1ncer linf\u00e1tico - Hospital San Carlos<\/title>\n<meta name=\"robots\" content=\"index, follow, max-snippet:-1, max-image-preview:large, max-video-preview:-1\" \/>\n<link rel=\"canonical\" href=\"https:\/\/www.hospitalsancarlos.es\/blog\/oncologia\/el-dia-mundial-del-linfoma-llama-a-la-concienciacion-y-al-diagnostico-temprano-del-cancer-linfatico\/\" \/>\n<meta property=\"og:locale\" content=\"es_ES\" \/>\n<meta property=\"og:type\" content=\"article\" \/>\n<meta property=\"og:title\" content=\"El D\u00eda Mundial del Linfoma llama a la concienciaci\u00f3n y al diagn\u00f3stico temprano del c\u00e1ncer linf\u00e1tico - Hospital San Carlos\" \/>\n<meta property=\"og:description\" content=\"El D\u00eda Mundial del Linfoma se celebra cada 15 de septiembre, una jornada dedicada a dar a conocer y a fomentar una mayor comprensi\u00f3n y concienciaci\u00f3n sobre este tipo de c\u00e1ncer. Los linfomas son&#046;&#046;&#046;\" \/>\n<meta property=\"og:url\" content=\"https:\/\/www.hospitalsancarlos.es\/blog\/oncologia\/el-dia-mundial-del-linfoma-llama-a-la-concienciacion-y-al-diagnostico-temprano-del-cancer-linfatico\/\" \/>\n<meta property=\"og:site_name\" content=\"Hospital San Carlos\" \/>\n<meta property=\"article:published_time\" content=\"2024-09-17T08:39:50+00:00\" \/>\n<meta property=\"og:image\" content=\"https:\/\/www.hospitalsancarlos.es\/blog\/wp-content\/uploads\/2024\/09\/Cancer-linfatico-web-1.jpg\" \/>\n\t<meta property=\"og:image:width\" content=\"1024\" \/>\n\t<meta property=\"og:image:height\" content=\"630\" \/>\n<meta name=\"twitter:card\" content=\"summary_large_image\" \/>\n<meta name=\"twitter:label1\" content=\"Escrito por\" \/>\n\t<meta name=\"twitter:data1\" content=\"cpeiro\" \/>\n\t<meta name=\"twitter:label2\" content=\"Tiempo de lectura\" \/>\n\t<meta name=\"twitter:data2\" content=\"3 minutos\" \/>\n<script type=\"application\/ld+json\" class=\"yoast-schema-graph\">{\"@context\":\"https:\/\/schema.org\",\"@graph\":[{\"@type\":\"Organization\",\"@id\":\"https:\/\/www.hospitalsancarlos.es\/blog\/#organization\",\"name\":\"Hospital San Carlos\",\"url\":\"https:\/\/www.hospitalsancarlos.es\/blog\/\",\"sameAs\":[],\"logo\":{\"@type\":\"ImageObject\",\"@id\":\"https:\/\/www.hospitalsancarlos.es\/blog\/#logo\",\"inLanguage\":\"es\",\"url\":\"https:\/\/www.hospitalsancarlos.es\/blog\/wp-content\/uploads\/2021\/09\/logo-sancarlos.png\",\"contentUrl\":\"https:\/\/www.hospitalsancarlos.es\/blog\/wp-content\/uploads\/2021\/09\/logo-sancarlos.png\",\"width\":320,\"height\":52,\"caption\":\"Hospital San Carlos\"},\"image\":{\"@id\":\"https:\/\/www.hospitalsancarlos.es\/blog\/#logo\"}},{\"@type\":\"WebSite\",\"@id\":\"https:\/\/www.hospitalsancarlos.es\/blog\/#website\",\"url\":\"https:\/\/www.hospitalsancarlos.es\/blog\/\",\"name\":\"Hospital San Carlos\",\"description\":\"Hospital en Denia referente en la Marina Alta\",\"publisher\":{\"@id\":\"https:\/\/www.hospitalsancarlos.es\/blog\/#organization\"},\"potentialAction\":[{\"@type\":\"SearchAction\",\"target\":{\"@type\":\"EntryPoint\",\"urlTemplate\":\"https:\/\/www.hospitalsancarlos.es\/blog\/?s={search_term_string}\"},\"query-input\":\"required name=search_term_string\"}],\"inLanguage\":\"es\"},{\"@type\":\"ImageObject\",\"@id\":\"https:\/\/www.hospitalsancarlos.es\/blog\/oncologia\/el-dia-mundial-del-linfoma-llama-a-la-concienciacion-y-al-diagnostico-temprano-del-cancer-linfatico\/#primaryimage\",\"inLanguage\":\"es\",\"url\":\"https:\/\/www.hospitalsancarlos.es\/blog\/wp-content\/uploads\/2024\/09\/Cancer-linfatico-web-1.jpg\",\"contentUrl\":\"https:\/\/www.hospitalsancarlos.es\/blog\/wp-content\/uploads\/2024\/09\/Cancer-linfatico-web-1.jpg\",\"width\":1024,\"height\":630},{\"@type\":\"WebPage\",\"@id\":\"https:\/\/www.hospitalsancarlos.es\/blog\/oncologia\/el-dia-mundial-del-linfoma-llama-a-la-concienciacion-y-al-diagnostico-temprano-del-cancer-linfatico\/#webpage\",\"url\":\"https:\/\/www.hospitalsancarlos.es\/blog\/oncologia\/el-dia-mundial-del-linfoma-llama-a-la-concienciacion-y-al-diagnostico-temprano-del-cancer-linfatico\/\",\"name\":\"El D\\u00eda Mundial del Linfoma llama a la concienciaci\\u00f3n y al diagn\\u00f3stico temprano del c\\u00e1ncer linf\\u00e1tico - Hospital San Carlos\",\"isPartOf\":{\"@id\":\"https:\/\/www.hospitalsancarlos.es\/blog\/#website\"},\"primaryImageOfPage\":{\"@id\":\"https:\/\/www.hospitalsancarlos.es\/blog\/oncologia\/el-dia-mundial-del-linfoma-llama-a-la-concienciacion-y-al-diagnostico-temprano-del-cancer-linfatico\/#primaryimage\"},\"datePublished\":\"2024-09-17T08:39:50+00:00\",\"dateModified\":\"2024-09-17T08:39:50+00:00\",\"breadcrumb\":{\"@id\":\"https:\/\/www.hospitalsancarlos.es\/blog\/oncologia\/el-dia-mundial-del-linfoma-llama-a-la-concienciacion-y-al-diagnostico-temprano-del-cancer-linfatico\/#breadcrumb\"},\"inLanguage\":\"es\",\"potentialAction\":[{\"@type\":\"ReadAction\",\"target\":[\"https:\/\/www.hospitalsancarlos.es\/blog\/oncologia\/el-dia-mundial-del-linfoma-llama-a-la-concienciacion-y-al-diagnostico-temprano-del-cancer-linfatico\/\"]}]},{\"@type\":\"BreadcrumbList\",\"@id\":\"https:\/\/www.hospitalsancarlos.es\/blog\/oncologia\/el-dia-mundial-del-linfoma-llama-a-la-concienciacion-y-al-diagnostico-temprano-del-cancer-linfatico\/#breadcrumb\",\"itemListElement\":[{\"@type\":\"ListItem\",\"position\":1,\"name\":\"Portada\",\"item\":\"https:\/\/www.hospitalsancarlos.es\/blog\/\"},{\"@type\":\"ListItem\",\"position\":2,\"name\":\"El D\\u00eda Mundial del Linfoma llama a la concienciaci\\u00f3n y al diagn\\u00f3stico temprano del c\\u00e1ncer linf\\u00e1tico\"}]},{\"@type\":\"Article\",\"@id\":\"https:\/\/www.hospitalsancarlos.es\/blog\/oncologia\/el-dia-mundial-del-linfoma-llama-a-la-concienciacion-y-al-diagnostico-temprano-del-cancer-linfatico\/#article\",\"isPartOf\":{\"@id\":\"https:\/\/www.hospitalsancarlos.es\/blog\/oncologia\/el-dia-mundial-del-linfoma-llama-a-la-concienciacion-y-al-diagnostico-temprano-del-cancer-linfatico\/#webpage\"},\"author\":{\"@id\":\"https:\/\/www.hospitalsancarlos.es\/blog\/#\/schema\/person\/c1d5250fead0465bd1f1bfbc6e72b67e\"},\"headline\":\"El D\\u00eda Mundial del Linfoma llama a la concienciaci\\u00f3n y al diagn\\u00f3stico temprano del c\\u00e1ncer linf\\u00e1tico\",\"datePublished\":\"2024-09-17T08:39:50+00:00\",\"dateModified\":\"2024-09-17T08:39:50+00:00\",\"mainEntityOfPage\":{\"@id\":\"https:\/\/www.hospitalsancarlos.es\/blog\/oncologia\/el-dia-mundial-del-linfoma-llama-a-la-concienciacion-y-al-diagnostico-temprano-del-cancer-linfatico\/#webpage\"},\"wordCount\":549,\"publisher\":{\"@id\":\"https:\/\/www.hospitalsancarlos.es\/blog\/#organization\"},\"image\":{\"@id\":\"https:\/\/www.hospitalsancarlos.es\/blog\/oncologia\/el-dia-mundial-del-linfoma-llama-a-la-concienciacion-y-al-diagnostico-temprano-del-cancer-linfatico\/#primaryimage\"},\"thumbnailUrl\":\"https:\/\/www.hospitalsancarlos.es\/blog\/wp-content\/uploads\/2024\/09\/Cancer-linfatico-web-1.jpg\",\"keywords\":[\"c\\u00e1ncer\",\"Hospital San Carlos\",\"Oncolog\\u00eda\"],\"articleSection\":[\"Actualidad\",\"Oncolog\\u00eda\"],\"inLanguage\":\"es\"},{\"@type\":\"Person\",\"@id\":\"https:\/\/www.hospitalsancarlos.es\/blog\/#\/schema\/person\/c1d5250fead0465bd1f1bfbc6e72b67e\",\"name\":\"cpeiro\",\"image\":{\"@type\":\"ImageObject\",\"@id\":\"https:\/\/www.hospitalsancarlos.es\/blog\/#personlogo\",\"inLanguage\":\"es\",\"url\":\"https:\/\/secure.gravatar.com\/avatar\/ccda9b15179fd1fab596469501706a8d4ab328c17627e4cd9c5752f0efc1aaed?s=96&d=mm&r=g\",\"contentUrl\":\"https:\/\/secure.gravatar.com\/avatar\/ccda9b15179fd1fab596469501706a8d4ab328c17627e4cd9c5752f0efc1aaed?s=96&d=mm&r=g\",\"caption\":\"cpeiro\"}}]}<\/script>\n<!-- \/ Yoast SEO plugin. -->","yoast_head_json":{"title":"El D\u00eda Mundial del Linfoma llama a la concienciaci\u00f3n y al diagn\u00f3stico temprano del c\u00e1ncer linf\u00e1tico - Hospital San Carlos","robots":{"index":"index","follow":"follow","max-snippet":"max-snippet:-1","max-image-preview":"max-image-preview:large","max-video-preview":"max-video-preview:-1"},"canonical":"https:\/\/www.hospitalsancarlos.es\/blog\/oncologia\/el-dia-mundial-del-linfoma-llama-a-la-concienciacion-y-al-diagnostico-temprano-del-cancer-linfatico\/","og_locale":"es_ES","og_type":"article","og_title":"El D\u00eda Mundial del Linfoma llama a la concienciaci\u00f3n y al diagn\u00f3stico temprano del c\u00e1ncer linf\u00e1tico - Hospital San Carlos","og_description":"El D\u00eda Mundial del Linfoma se celebra cada 15 de septiembre, una jornada dedicada a dar a conocer y a fomentar una mayor comprensi\u00f3n y concienciaci\u00f3n sobre este tipo de c\u00e1ncer. Los linfomas son&#46;&#46;&#46;","og_url":"https:\/\/www.hospitalsancarlos.es\/blog\/oncologia\/el-dia-mundial-del-linfoma-llama-a-la-concienciacion-y-al-diagnostico-temprano-del-cancer-linfatico\/","og_site_name":"Hospital San Carlos","article_published_time":"2024-09-17T08:39:50+00:00","og_image":[{"width":1024,"height":630,"filesize":159542,"url":"https:\/\/www.hospitalsancarlos.es\/blog\/wp-content\/uploads\/2024\/09\/Cancer-linfatico-web-1.jpg","path":"\/var\/www\/vhosts\/hospitalsancarlos.es\/httpdocs\/blog\/wp-content\/uploads\/2024\/09\/Cancer-linfatico-web-1.jpg","size":"full","id":886,"alt":"","pixels":645120,"type":"image\/jpeg"}],"twitter_card":"summary_large_image","twitter_misc":{"Escrito por":"cpeiro","Tiempo de lectura":"3 minutos"},"schema":{"@context":"https:\/\/schema.org","@graph":[{"@type":"Organization","@id":"https:\/\/www.hospitalsancarlos.es\/blog\/#organization","name":"Hospital San Carlos","url":"https:\/\/www.hospitalsancarlos.es\/blog\/","sameAs":[],"logo":{"@type":"ImageObject","@id":"https:\/\/www.hospitalsancarlos.es\/blog\/#logo","inLanguage":"es","url":"https:\/\/www.hospitalsancarlos.es\/blog\/wp-content\/uploads\/2021\/09\/logo-sancarlos.png","contentUrl":"https:\/\/www.hospitalsancarlos.es\/blog\/wp-content\/uploads\/2021\/09\/logo-sancarlos.png","width":320,"height":52,"caption":"Hospital San Carlos"},"image":{"@id":"https:\/\/www.hospitalsancarlos.es\/blog\/#logo"}},{"@type":"WebSite","@id":"https:\/\/www.hospitalsancarlos.es\/blog\/#website","url":"https:\/\/www.hospitalsancarlos.es\/blog\/","name":"Hospital San Carlos","description":"Hospital en Denia referente en la Marina Alta","publisher":{"@id":"https:\/\/www.hospitalsancarlos.es\/blog\/#organization"},"potentialAction":[{"@type":"SearchAction","target":{"@type":"EntryPoint","urlTemplate":"https:\/\/www.hospitalsancarlos.es\/blog\/?s={search_term_string}"},"query-input":"required name=search_term_string"}],"inLanguage":"es"},{"@type":"ImageObject","@id":"https:\/\/www.hospitalsancarlos.es\/blog\/oncologia\/el-dia-mundial-del-linfoma-llama-a-la-concienciacion-y-al-diagnostico-temprano-del-cancer-linfatico\/#primaryimage","inLanguage":"es","url":"https:\/\/www.hospitalsancarlos.es\/blog\/wp-content\/uploads\/2024\/09\/Cancer-linfatico-web-1.jpg","contentUrl":"https:\/\/www.hospitalsancarlos.es\/blog\/wp-content\/uploads\/2024\/09\/Cancer-linfatico-web-1.jpg","width":1024,"height":630},{"@type":"WebPage","@id":"https:\/\/www.hospitalsancarlos.es\/blog\/oncologia\/el-dia-mundial-del-linfoma-llama-a-la-concienciacion-y-al-diagnostico-temprano-del-cancer-linfatico\/#webpage","url":"https:\/\/www.hospitalsancarlos.es\/blog\/oncologia\/el-dia-mundial-del-linfoma-llama-a-la-concienciacion-y-al-diagnostico-temprano-del-cancer-linfatico\/","name":"El D\u00eda Mundial del Linfoma llama a la concienciaci\u00f3n y al diagn\u00f3stico temprano del c\u00e1ncer linf\u00e1tico - Hospital San Carlos","isPartOf":{"@id":"https:\/\/www.hospitalsancarlos.es\/blog\/#website"},"primaryImageOfPage":{"@id":"https:\/\/www.hospitalsancarlos.es\/blog\/oncologia\/el-dia-mundial-del-linfoma-llama-a-la-concienciacion-y-al-diagnostico-temprano-del-cancer-linfatico\/#primaryimage"},"datePublished":"2024-09-17T08:39:50+00:00","dateModified":"2024-09-17T08:39:50+00:00","breadcrumb":{"@id":"https:\/\/www.hospitalsancarlos.es\/blog\/oncologia\/el-dia-mundial-del-linfoma-llama-a-la-concienciacion-y-al-diagnostico-temprano-del-cancer-linfatico\/#breadcrumb"},"inLanguage":"es","potentialAction":[{"@type":"ReadAction","target":["https:\/\/www.hospitalsancarlos.es\/blog\/oncologia\/el-dia-mundial-del-linfoma-llama-a-la-concienciacion-y-al-diagnostico-temprano-del-cancer-linfatico\/"]}]},{"@type":"BreadcrumbList","@id":"https:\/\/www.hospitalsancarlos.es\/blog\/oncologia\/el-dia-mundial-del-linfoma-llama-a-la-concienciacion-y-al-diagnostico-temprano-del-cancer-linfatico\/#breadcrumb","itemListElement":[{"@type":"ListItem","position":1,"name":"Portada","item":"https:\/\/www.hospitalsancarlos.es\/blog\/"},{"@type":"ListItem","position":2,"name":"El D\u00eda Mundial del Linfoma llama a la concienciaci\u00f3n y al diagn\u00f3stico temprano del c\u00e1ncer linf\u00e1tico"}]},{"@type":"Article","@id":"https:\/\/www.hospitalsancarlos.es\/blog\/oncologia\/el-dia-mundial-del-linfoma-llama-a-la-concienciacion-y-al-diagnostico-temprano-del-cancer-linfatico\/#article","isPartOf":{"@id":"https:\/\/www.hospitalsancarlos.es\/blog\/oncologia\/el-dia-mundial-del-linfoma-llama-a-la-concienciacion-y-al-diagnostico-temprano-del-cancer-linfatico\/#webpage"},"author":{"@id":"https:\/\/www.hospitalsancarlos.es\/blog\/#\/schema\/person\/c1d5250fead0465bd1f1bfbc6e72b67e"},"headline":"El D\u00eda Mundial del Linfoma llama a la concienciaci\u00f3n y al diagn\u00f3stico temprano del c\u00e1ncer linf\u00e1tico","datePublished":"2024-09-17T08:39:50+00:00","dateModified":"2024-09-17T08:39:50+00:00","mainEntityOfPage":{"@id":"https:\/\/www.hospitalsancarlos.es\/blog\/oncologia\/el-dia-mundial-del-linfoma-llama-a-la-concienciacion-y-al-diagnostico-temprano-del-cancer-linfatico\/#webpage"},"wordCount":549,"publisher":{"@id":"https:\/\/www.hospitalsancarlos.es\/blog\/#organization"},"image":{"@id":"https:\/\/www.hospitalsancarlos.es\/blog\/oncologia\/el-dia-mundial-del-linfoma-llama-a-la-concienciacion-y-al-diagnostico-temprano-del-cancer-linfatico\/#primaryimage"},"thumbnailUrl":"https:\/\/www.hospitalsancarlos.es\/blog\/wp-content\/uploads\/2024\/09\/Cancer-linfatico-web-1.jpg","keywords":["c\u00e1ncer","Hospital San Carlos","Oncolog\u00eda"],"articleSection":["Actualidad","Oncolog\u00eda"],"inLanguage":"es"},{"@type":"Person","@id":"https:\/\/www.hospitalsancarlos.es\/blog\/#\/schema\/person\/c1d5250fead0465bd1f1bfbc6e72b67e","name":"cpeiro","image":{"@type":"ImageObject","@id":"https:\/\/www.hospitalsancarlos.es\/blog\/#personlogo","inLanguage":"es","url":"https:\/\/secure.gravatar.com\/avatar\/ccda9b15179fd1fab596469501706a8d4ab328c17627e4cd9c5752f0efc1aaed?s=96&d=mm&r=g","contentUrl":"https:\/\/secure.gravatar.com\/avatar\/ccda9b15179fd1fab596469501706a8d4ab328c17627e4cd9c5752f0efc1aaed?s=96&d=mm&r=g","caption":"cpeiro"}}]}},"_links":{"self":[{"href":"https:\/\/www.hospitalsancarlos.es\/blog\/wp-json\/wp\/v2\/posts\/884","targetHints":{"allow":["GET"]}}],"collection":[{"href":"https:\/\/www.hospitalsancarlos.es\/blog\/wp-json\/wp\/v2\/posts"}],"about":[{"href":"https:\/\/www.hospitalsancarlos.es\/blog\/wp-json\/wp\/v2\/types\/post"}],"author":[{"embeddable":true,"href":"https:\/\/www.hospitalsancarlos.es\/blog\/wp-json\/wp\/v2\/users\/2"}],"replies":[{"embeddable":true,"href":"https:\/\/www.hospitalsancarlos.es\/blog\/wp-json\/wp\/v2\/comments?post=884"}],"version-history":[{"count":19,"href":"https:\/\/www.hospitalsancarlos.es\/blog\/wp-json\/wp\/v2\/posts\/884\/revisions"}],"predecessor-version":[{"id":919,"href":"https:\/\/www.hospitalsancarlos.es\/blog\/wp-json\/wp\/v2\/posts\/884\/revisions\/919"}],"wp:featuredmedia":[{"embeddable":true,"href":"https:\/\/www.hospitalsancarlos.es\/blog\/wp-json\/wp\/v2\/media\/886"}],"wp:attachment":[{"href":"https:\/\/www.hospitalsancarlos.es\/blog\/wp-json\/wp\/v2\/media?parent=884"}],"wp:term":[{"taxonomy":"category","embeddable":true,"href":"https:\/\/www.hospitalsancarlos.es\/blog\/wp-json\/wp\/v2\/categories?post=884"},{"taxonomy":"post_tag","embeddable":true,"href":"https:\/\/www.hospitalsancarlos.es\/blog\/wp-json\/wp\/v2\/tags?post=884"}],"curies":[{"name":"wp","href":"https:\/\/api.w.org\/{rel}","templated":true}]}}