{"id":810,"date":"2024-07-09T12:24:24","date_gmt":"2024-07-09T11:24:24","guid":{"rendered":"https:\/\/www.hospitalsancarlos.es\/blog\/?p=810"},"modified":"2024-07-09T12:24:24","modified_gmt":"2024-07-09T11:24:24","slug":"estos-profesionales-de-la-salud-son-fundamentales-para-el-funcionamiento-eficiente-de-los-servicios-sanitarios","status":"publish","type":"post","link":"https:\/\/www.hospitalsancarlos.es\/blog\/actualidad\/estos-profesionales-de-la-salud-son-fundamentales-para-el-funcionamiento-eficiente-de-los-servicios-sanitarios\/","title":{"rendered":"Estos profesionales de la salud son fundamentales para el funcionamiento eficiente de los servicios sanitarios"},"content":{"rendered":"\n<ul class=\"wp-block-list\">\n<li>14 de julio, D\u00eda Internacional del Auxiliar de Enfermer\u00eda<\/li>\n<\/ul>\n\n\n\n<p><strong>D\u00e9nia \u2013 09 de julio de 2024<\/strong>.- El pr\u00f3ximo d\u00eda 14 de julio se celebra el <strong>D\u00eda Internacional del Auxiliar de Enfermer\u00eda<\/strong> (TCAE). En esta fecha cabe recordar y destacar el trabajo esencial y la dedicaci\u00f3n de estos profesionales de la salud. Los auxiliares de enfermer\u00eda son fundamentales para el funcionamiento eficiente de los servicios sanitarios siendo una pieza clave que aporta una mayor calidad asistencial a nuestros pacientes. Estos profesionales colaboran con el personal m\u00e9dico y de enfermer\u00eda en los cuidados del paciente, interviniendo en los procesos de ingreso, hospitalizaci\u00f3n y recuperaci\u00f3n del mismo. Entre sus innumerables funciones se encuentran el asegurar una correcta higiene, alimentaci\u00f3n y movilidad, as\u00ed como procurar el bienestar y confort del paciente.<br><br>La jefa de enfermer\u00eda del Hospital HLA San Carlos, <strong>Arantxa Franco<\/strong>, nos dice que, \u201cadem\u00e1s de ser imprescindibles en sus tareas asistenciales, son los ojos del equipo. Son un apoyo fundamental tanto para sus compa\u00f1eros como para los pacientes. Vitales en el acompa\u00f1amiento y en el apoyo emocional, promueven una compa\u00f1\u00eda cercana y crean un ambiente de cuidado humano para el paciente y su familia. Son quienes escuchan y al mismo tiempo saben compartir silencios con respeto y complicidad\u201d.<br><br>Desde el <strong><a href=\"https:\/\/www.hospitalsancarlos.es\/\">Hospital HLA San Carlos de Denia<\/a><\/strong>, aprovechamos esta fecha para agradecer su esfuerzo, profesionalidad y entrega. Su compromiso y vocaci\u00f3n mejoran la calidad de vida de nuestros pacientes. En este d\u00eda celebramos su contribuci\u00f3n y reafirmamos la importancia de continuar apoyando y reconociendo su trabajo crucial en el mundo sanitario.<\/p>\n\n\n<div class=\"wp-block-image\">\n<figure class=\"aligncenter size-large is-resized\"><img loading=\"lazy\" decoding=\"async\" width=\"1024\" height=\"768\" src=\"https:\/\/www.hospitalsancarlos.es\/blog\/wp-content\/uploads\/2024\/07\/20240708_144338-min-1024x768.jpg\" alt=\"Auxiliares de Enfermer\u00eda Hospital San Carlos\" class=\"wp-image-811\" style=\"width:438px;height:auto\" srcset=\"https:\/\/www.hospitalsancarlos.es\/blog\/wp-content\/uploads\/2024\/07\/20240708_144338-min-1024x768.jpg 1024w, https:\/\/www.hospitalsancarlos.es\/blog\/wp-content\/uploads\/2024\/07\/20240708_144338-min-300x225.jpg 300w, https:\/\/www.hospitalsancarlos.es\/blog\/wp-content\/uploads\/2024\/07\/20240708_144338-min-768x576.jpg 768w, https:\/\/www.hospitalsancarlos.es\/blog\/wp-content\/uploads\/2024\/07\/20240708_144338-min-1536x1152.jpg 1536w, https:\/\/www.hospitalsancarlos.es\/blog\/wp-content\/uploads\/2024\/07\/20240708_144338-min-2048x1536.jpg 2048w\" sizes=\"auto, (max-width: 1024px) 100vw, 1024px\" \/><figcaption class=\"wp-element-caption\">Auxiliares de Enfermer\u00eda Hospital San Carlos<\/figcaption><\/figure>\n<\/div>\n\n\n<h2 class=\"wp-block-heading\">Sobre Grupo Hospitalario HLA<\/h2>\n\n\n\n<p>El Grupo Hospitalario HLA es uno de los mayores proveedores hospitalarios de Espa\u00f1a. Lo componen 17 hospitales y 36 centros m\u00e9dicos multiespecialidad con unidades de referencia en tratamientos de \u00faltima generaci\u00f3n, que trabajan de forma integrada para proporcionar acceso a una asistencia sanitaria de alto nivel.<\/p>\n\n\n\n<p>Con 1.300 plazas de hospitalizaci\u00f3n y 40 a\u00f1os de experiencia, HLA es un referente en la atenci\u00f3n hospitalaria y ambulatoria. Sus profesionales garantizan un modelo de atenci\u00f3n que se basa en la excelencia, la innovaci\u00f3n, la responsabilidad y un trato humano y cercano con el paciente.<\/p>\n\n\n\n<p>En 2020 el Grupo Hospitalario HLA ha sido la primera compa\u00f1\u00eda sanitaria en certificar sus protocolos frente a la COVID-19 en toda su red asistencial. Este certificado es un paso m\u00e1s en la estrategia de HLA por la excelencia y la calidad asistencial.<br><\/p>\n","protected":false},"excerpt":{"rendered":"<p>D\u00e9nia \u2013 09 de julio de 2024.- El pr\u00f3ximo d\u00eda 14 de julio se celebra el D\u00eda Internacional del Auxiliar de Enfermer\u00eda (TCAE). En esta fecha cabe recordar y destacar el trabajo esencial y&#46;&#46;&#46;<\/p>\n","protected":false},"author":2,"featured_media":811,"comment_status":"closed","ping_status":"closed","sticky":false,"template":"","format":"standard","meta":{"footnotes":""},"categories":[24,14],"tags":[54,10,13],"class_list":["post-810","post","type-post","status-publish","format-standard","has-post-thumbnail","hentry","category-actualidad","category-enfermeria","tag-actualidad","tag-hospital","tag-hospital-san-carlos"],"yoast_head":"<!-- This site is optimized with the Yoast SEO plugin v17.2 - https:\/\/yoast.com\/wordpress\/plugins\/seo\/ -->\n<title>D\u00eda Internacional del Auxiliar de Enfermer\u00eda - HLA San Carlos Denia<\/title>\n<meta name=\"description\" content=\"El 14 de julio se celebra el D\u00eda Internacional del Auxiliar de Enfermer\u00eda y cabe destacar el trabajo esencial de estos profesionales de salud\" \/>\n<meta name=\"robots\" content=\"index, follow, max-snippet:-1, max-image-preview:large, max-video-preview:-1\" \/>\n<link rel=\"canonical\" href=\"https:\/\/www.hospitalsancarlos.es\/blog\/actualidad\/estos-profesionales-de-la-salud-son-fundamentales-para-el-funcionamiento-eficiente-de-los-servicios-sanitarios\/\" \/>\n<meta property=\"og:locale\" content=\"es_ES\" \/>\n<meta property=\"og:type\" content=\"article\" \/>\n<meta property=\"og:title\" content=\"D\u00eda Internacional del Auxiliar de Enfermer\u00eda - HLA San Carlos Denia\" \/>\n<meta property=\"og:description\" content=\"El 14 de julio se celebra el D\u00eda Internacional del Auxiliar de Enfermer\u00eda y cabe destacar el trabajo esencial de estos profesionales de salud\" \/>\n<meta property=\"og:url\" content=\"https:\/\/www.hospitalsancarlos.es\/blog\/actualidad\/estos-profesionales-de-la-salud-son-fundamentales-para-el-funcionamiento-eficiente-de-los-servicios-sanitarios\/\" \/>\n<meta property=\"og:site_name\" content=\"Hospital San Carlos\" \/>\n<meta property=\"article:published_time\" content=\"2024-07-09T11:24:24+00:00\" \/>\n<meta property=\"og:image\" content=\"https:\/\/www.hospitalsancarlos.es\/blog\/wp-content\/uploads\/2024\/07\/20240708_144338-min-scaled.jpg\" \/>\n\t<meta property=\"og:image:width\" content=\"2560\" \/>\n\t<meta property=\"og:image:height\" content=\"1920\" \/>\n<meta name=\"twitter:card\" content=\"summary_large_image\" \/>\n<meta name=\"twitter:label1\" content=\"Escrito por\" \/>\n\t<meta name=\"twitter:data1\" content=\"cpeiro\" \/>\n\t<meta name=\"twitter:label2\" content=\"Tiempo de lectura\" \/>\n\t<meta name=\"twitter:data2\" content=\"2 minutos\" \/>\n<script type=\"application\/ld+json\" class=\"yoast-schema-graph\">{\"@context\":\"https:\/\/schema.org\",\"@graph\":[{\"@type\":\"Organization\",\"@id\":\"https:\/\/www.hospitalsancarlos.es\/blog\/#organization\",\"name\":\"Hospital San Carlos\",\"url\":\"https:\/\/www.hospitalsancarlos.es\/blog\/\",\"sameAs\":[],\"logo\":{\"@type\":\"ImageObject\",\"@id\":\"https:\/\/www.hospitalsancarlos.es\/blog\/#logo\",\"inLanguage\":\"es\",\"url\":\"https:\/\/www.hospitalsancarlos.es\/blog\/wp-content\/uploads\/2021\/09\/logo-sancarlos.png\",\"contentUrl\":\"https:\/\/www.hospitalsancarlos.es\/blog\/wp-content\/uploads\/2021\/09\/logo-sancarlos.png\",\"width\":320,\"height\":52,\"caption\":\"Hospital San Carlos\"},\"image\":{\"@id\":\"https:\/\/www.hospitalsancarlos.es\/blog\/#logo\"}},{\"@type\":\"WebSite\",\"@id\":\"https:\/\/www.hospitalsancarlos.es\/blog\/#website\",\"url\":\"https:\/\/www.hospitalsancarlos.es\/blog\/\",\"name\":\"Hospital San Carlos\",\"description\":\"Hospital en Denia referente en la Marina Alta\",\"publisher\":{\"@id\":\"https:\/\/www.hospitalsancarlos.es\/blog\/#organization\"},\"potentialAction\":[{\"@type\":\"SearchAction\",\"target\":{\"@type\":\"EntryPoint\",\"urlTemplate\":\"https:\/\/www.hospitalsancarlos.es\/blog\/?s={search_term_string}\"},\"query-input\":\"required name=search_term_string\"}],\"inLanguage\":\"es\"},{\"@type\":\"ImageObject\",\"@id\":\"https:\/\/www.hospitalsancarlos.es\/blog\/actualidad\/estos-profesionales-de-la-salud-son-fundamentales-para-el-funcionamiento-eficiente-de-los-servicios-sanitarios\/#primaryimage\",\"inLanguage\":\"es\",\"url\":\"https:\/\/www.hospitalsancarlos.es\/blog\/wp-content\/uploads\/2024\/07\/20240708_144338-min-scaled.jpg\",\"contentUrl\":\"https:\/\/www.hospitalsancarlos.es\/blog\/wp-content\/uploads\/2024\/07\/20240708_144338-min-scaled.jpg\",\"width\":2560,\"height\":1920,\"caption\":\"Auxiliares de Enfermer\\u00eda Hospital San Carlos\"},{\"@type\":\"WebPage\",\"@id\":\"https:\/\/www.hospitalsancarlos.es\/blog\/actualidad\/estos-profesionales-de-la-salud-son-fundamentales-para-el-funcionamiento-eficiente-de-los-servicios-sanitarios\/#webpage\",\"url\":\"https:\/\/www.hospitalsancarlos.es\/blog\/actualidad\/estos-profesionales-de-la-salud-son-fundamentales-para-el-funcionamiento-eficiente-de-los-servicios-sanitarios\/\",\"name\":\"D\\u00eda Internacional del Auxiliar de Enfermer\\u00eda - HLA San Carlos Denia\",\"isPartOf\":{\"@id\":\"https:\/\/www.hospitalsancarlos.es\/blog\/#website\"},\"primaryImageOfPage\":{\"@id\":\"https:\/\/www.hospitalsancarlos.es\/blog\/actualidad\/estos-profesionales-de-la-salud-son-fundamentales-para-el-funcionamiento-eficiente-de-los-servicios-sanitarios\/#primaryimage\"},\"datePublished\":\"2024-07-09T11:24:24+00:00\",\"dateModified\":\"2024-07-09T11:24:24+00:00\",\"description\":\"El 14 de julio se celebra el D\\u00eda Internacional del Auxiliar de Enfermer\\u00eda y cabe destacar el trabajo esencial de estos profesionales de salud\",\"breadcrumb\":{\"@id\":\"https:\/\/www.hospitalsancarlos.es\/blog\/actualidad\/estos-profesionales-de-la-salud-son-fundamentales-para-el-funcionamiento-eficiente-de-los-servicios-sanitarios\/#breadcrumb\"},\"inLanguage\":\"es\",\"potentialAction\":[{\"@type\":\"ReadAction\",\"target\":[\"https:\/\/www.hospitalsancarlos.es\/blog\/actualidad\/estos-profesionales-de-la-salud-son-fundamentales-para-el-funcionamiento-eficiente-de-los-servicios-sanitarios\/\"]}]},{\"@type\":\"BreadcrumbList\",\"@id\":\"https:\/\/www.hospitalsancarlos.es\/blog\/actualidad\/estos-profesionales-de-la-salud-son-fundamentales-para-el-funcionamiento-eficiente-de-los-servicios-sanitarios\/#breadcrumb\",\"itemListElement\":[{\"@type\":\"ListItem\",\"position\":1,\"name\":\"Portada\",\"item\":\"https:\/\/www.hospitalsancarlos.es\/blog\/\"},{\"@type\":\"ListItem\",\"position\":2,\"name\":\"Estos profesionales de la salud son fundamentales para el funcionamiento eficiente de los servicios sanitarios\"}]},{\"@type\":\"Article\",\"@id\":\"https:\/\/www.hospitalsancarlos.es\/blog\/actualidad\/estos-profesionales-de-la-salud-son-fundamentales-para-el-funcionamiento-eficiente-de-los-servicios-sanitarios\/#article\",\"isPartOf\":{\"@id\":\"https:\/\/www.hospitalsancarlos.es\/blog\/actualidad\/estos-profesionales-de-la-salud-son-fundamentales-para-el-funcionamiento-eficiente-de-los-servicios-sanitarios\/#webpage\"},\"author\":{\"@id\":\"https:\/\/www.hospitalsancarlos.es\/blog\/#\/schema\/person\/c1d5250fead0465bd1f1bfbc6e72b67e\"},\"headline\":\"Estos profesionales de la salud son fundamentales para el funcionamiento eficiente de los servicios sanitarios\",\"datePublished\":\"2024-07-09T11:24:24+00:00\",\"dateModified\":\"2024-07-09T11:24:24+00:00\",\"mainEntityOfPage\":{\"@id\":\"https:\/\/www.hospitalsancarlos.es\/blog\/actualidad\/estos-profesionales-de-la-salud-son-fundamentales-para-el-funcionamiento-eficiente-de-los-servicios-sanitarios\/#webpage\"},\"wordCount\":442,\"publisher\":{\"@id\":\"https:\/\/www.hospitalsancarlos.es\/blog\/#organization\"},\"image\":{\"@id\":\"https:\/\/www.hospitalsancarlos.es\/blog\/actualidad\/estos-profesionales-de-la-salud-son-fundamentales-para-el-funcionamiento-eficiente-de-los-servicios-sanitarios\/#primaryimage\"},\"thumbnailUrl\":\"https:\/\/www.hospitalsancarlos.es\/blog\/wp-content\/uploads\/2024\/07\/20240708_144338-min-scaled.jpg\",\"keywords\":[\"actualidad\",\"hospital\",\"Hospital San Carlos\"],\"articleSection\":[\"Actualidad\",\"Enfermer\\u00eda\"],\"inLanguage\":\"es\"},{\"@type\":\"Person\",\"@id\":\"https:\/\/www.hospitalsancarlos.es\/blog\/#\/schema\/person\/c1d5250fead0465bd1f1bfbc6e72b67e\",\"name\":\"cpeiro\",\"image\":{\"@type\":\"ImageObject\",\"@id\":\"https:\/\/www.hospitalsancarlos.es\/blog\/#personlogo\",\"inLanguage\":\"es\",\"url\":\"https:\/\/secure.gravatar.com\/avatar\/ccda9b15179fd1fab596469501706a8d4ab328c17627e4cd9c5752f0efc1aaed?s=96&d=mm&r=g\",\"contentUrl\":\"https:\/\/secure.gravatar.com\/avatar\/ccda9b15179fd1fab596469501706a8d4ab328c17627e4cd9c5752f0efc1aaed?s=96&d=mm&r=g\",\"caption\":\"cpeiro\"}}]}<\/script>\n<!-- \/ Yoast SEO plugin. -->","yoast_head_json":{"title":"D\u00eda Internacional del Auxiliar de Enfermer\u00eda - HLA San Carlos Denia","description":"El 14 de julio se celebra el D\u00eda Internacional del Auxiliar de Enfermer\u00eda y cabe destacar el trabajo esencial de estos profesionales de salud","robots":{"index":"index","follow":"follow","max-snippet":"max-snippet:-1","max-image-preview":"max-image-preview:large","max-video-preview":"max-video-preview:-1"},"canonical":"https:\/\/www.hospitalsancarlos.es\/blog\/actualidad\/estos-profesionales-de-la-salud-son-fundamentales-para-el-funcionamiento-eficiente-de-los-servicios-sanitarios\/","og_locale":"es_ES","og_type":"article","og_title":"D\u00eda Internacional del Auxiliar de Enfermer\u00eda - HLA San Carlos Denia","og_description":"El 14 de julio se celebra el D\u00eda Internacional del Auxiliar de Enfermer\u00eda y cabe destacar el trabajo esencial de estos profesionales de salud","og_url":"https:\/\/www.hospitalsancarlos.es\/blog\/actualidad\/estos-profesionales-de-la-salud-son-fundamentales-para-el-funcionamiento-eficiente-de-los-servicios-sanitarios\/","og_site_name":"Hospital San Carlos","article_published_time":"2024-07-09T11:24:24+00:00","og_image":[{"width":2560,"height":1920,"filesize":524054,"url":"https:\/\/www.hospitalsancarlos.es\/blog\/wp-content\/uploads\/2024\/07\/20240708_144338-min-scaled.jpg","path":"\/var\/www\/vhosts\/hospitalsancarlos.es\/httpdocs\/blog\/wp-content\/uploads\/2024\/07\/20240708_144338-min-scaled.jpg","size":"full","id":811,"alt":"Auxiliares de Enfermer\u00eda Hospital San Carlos","pixels":4915200,"type":"image\/jpeg"}],"twitter_card":"summary_large_image","twitter_misc":{"Escrito por":"cpeiro","Tiempo de lectura":"2 minutos"},"schema":{"@context":"https:\/\/schema.org","@graph":[{"@type":"Organization","@id":"https:\/\/www.hospitalsancarlos.es\/blog\/#organization","name":"Hospital San Carlos","url":"https:\/\/www.hospitalsancarlos.es\/blog\/","sameAs":[],"logo":{"@type":"ImageObject","@id":"https:\/\/www.hospitalsancarlos.es\/blog\/#logo","inLanguage":"es","url":"https:\/\/www.hospitalsancarlos.es\/blog\/wp-content\/uploads\/2021\/09\/logo-sancarlos.png","contentUrl":"https:\/\/www.hospitalsancarlos.es\/blog\/wp-content\/uploads\/2021\/09\/logo-sancarlos.png","width":320,"height":52,"caption":"Hospital San Carlos"},"image":{"@id":"https:\/\/www.hospitalsancarlos.es\/blog\/#logo"}},{"@type":"WebSite","@id":"https:\/\/www.hospitalsancarlos.es\/blog\/#website","url":"https:\/\/www.hospitalsancarlos.es\/blog\/","name":"Hospital San Carlos","description":"Hospital en Denia referente en la Marina Alta","publisher":{"@id":"https:\/\/www.hospitalsancarlos.es\/blog\/#organization"},"potentialAction":[{"@type":"SearchAction","target":{"@type":"EntryPoint","urlTemplate":"https:\/\/www.hospitalsancarlos.es\/blog\/?s={search_term_string}"},"query-input":"required name=search_term_string"}],"inLanguage":"es"},{"@type":"ImageObject","@id":"https:\/\/www.hospitalsancarlos.es\/blog\/actualidad\/estos-profesionales-de-la-salud-son-fundamentales-para-el-funcionamiento-eficiente-de-los-servicios-sanitarios\/#primaryimage","inLanguage":"es","url":"https:\/\/www.hospitalsancarlos.es\/blog\/wp-content\/uploads\/2024\/07\/20240708_144338-min-scaled.jpg","contentUrl":"https:\/\/www.hospitalsancarlos.es\/blog\/wp-content\/uploads\/2024\/07\/20240708_144338-min-scaled.jpg","width":2560,"height":1920,"caption":"Auxiliares de Enfermer\u00eda Hospital San Carlos"},{"@type":"WebPage","@id":"https:\/\/www.hospitalsancarlos.es\/blog\/actualidad\/estos-profesionales-de-la-salud-son-fundamentales-para-el-funcionamiento-eficiente-de-los-servicios-sanitarios\/#webpage","url":"https:\/\/www.hospitalsancarlos.es\/blog\/actualidad\/estos-profesionales-de-la-salud-son-fundamentales-para-el-funcionamiento-eficiente-de-los-servicios-sanitarios\/","name":"D\u00eda Internacional del Auxiliar de Enfermer\u00eda - HLA San Carlos Denia","isPartOf":{"@id":"https:\/\/www.hospitalsancarlos.es\/blog\/#website"},"primaryImageOfPage":{"@id":"https:\/\/www.hospitalsancarlos.es\/blog\/actualidad\/estos-profesionales-de-la-salud-son-fundamentales-para-el-funcionamiento-eficiente-de-los-servicios-sanitarios\/#primaryimage"},"datePublished":"2024-07-09T11:24:24+00:00","dateModified":"2024-07-09T11:24:24+00:00","description":"El 14 de julio se celebra el D\u00eda Internacional del Auxiliar de Enfermer\u00eda y cabe destacar el trabajo esencial de estos profesionales de salud","breadcrumb":{"@id":"https:\/\/www.hospitalsancarlos.es\/blog\/actualidad\/estos-profesionales-de-la-salud-son-fundamentales-para-el-funcionamiento-eficiente-de-los-servicios-sanitarios\/#breadcrumb"},"inLanguage":"es","potentialAction":[{"@type":"ReadAction","target":["https:\/\/www.hospitalsancarlos.es\/blog\/actualidad\/estos-profesionales-de-la-salud-son-fundamentales-para-el-funcionamiento-eficiente-de-los-servicios-sanitarios\/"]}]},{"@type":"BreadcrumbList","@id":"https:\/\/www.hospitalsancarlos.es\/blog\/actualidad\/estos-profesionales-de-la-salud-son-fundamentales-para-el-funcionamiento-eficiente-de-los-servicios-sanitarios\/#breadcrumb","itemListElement":[{"@type":"ListItem","position":1,"name":"Portada","item":"https:\/\/www.hospitalsancarlos.es\/blog\/"},{"@type":"ListItem","position":2,"name":"Estos profesionales de la salud son fundamentales para el funcionamiento eficiente de los servicios sanitarios"}]},{"@type":"Article","@id":"https:\/\/www.hospitalsancarlos.es\/blog\/actualidad\/estos-profesionales-de-la-salud-son-fundamentales-para-el-funcionamiento-eficiente-de-los-servicios-sanitarios\/#article","isPartOf":{"@id":"https:\/\/www.hospitalsancarlos.es\/blog\/actualidad\/estos-profesionales-de-la-salud-son-fundamentales-para-el-funcionamiento-eficiente-de-los-servicios-sanitarios\/#webpage"},"author":{"@id":"https:\/\/www.hospitalsancarlos.es\/blog\/#\/schema\/person\/c1d5250fead0465bd1f1bfbc6e72b67e"},"headline":"Estos profesionales de la salud son fundamentales para el funcionamiento eficiente de los servicios sanitarios","datePublished":"2024-07-09T11:24:24+00:00","dateModified":"2024-07-09T11:24:24+00:00","mainEntityOfPage":{"@id":"https:\/\/www.hospitalsancarlos.es\/blog\/actualidad\/estos-profesionales-de-la-salud-son-fundamentales-para-el-funcionamiento-eficiente-de-los-servicios-sanitarios\/#webpage"},"wordCount":442,"publisher":{"@id":"https:\/\/www.hospitalsancarlos.es\/blog\/#organization"},"image":{"@id":"https:\/\/www.hospitalsancarlos.es\/blog\/actualidad\/estos-profesionales-de-la-salud-son-fundamentales-para-el-funcionamiento-eficiente-de-los-servicios-sanitarios\/#primaryimage"},"thumbnailUrl":"https:\/\/www.hospitalsancarlos.es\/blog\/wp-content\/uploads\/2024\/07\/20240708_144338-min-scaled.jpg","keywords":["actualidad","hospital","Hospital San Carlos"],"articleSection":["Actualidad","Enfermer\u00eda"],"inLanguage":"es"},{"@type":"Person","@id":"https:\/\/www.hospitalsancarlos.es\/blog\/#\/schema\/person\/c1d5250fead0465bd1f1bfbc6e72b67e","name":"cpeiro","image":{"@type":"ImageObject","@id":"https:\/\/www.hospitalsancarlos.es\/blog\/#personlogo","inLanguage":"es","url":"https:\/\/secure.gravatar.com\/avatar\/ccda9b15179fd1fab596469501706a8d4ab328c17627e4cd9c5752f0efc1aaed?s=96&d=mm&r=g","contentUrl":"https:\/\/secure.gravatar.com\/avatar\/ccda9b15179fd1fab596469501706a8d4ab328c17627e4cd9c5752f0efc1aaed?s=96&d=mm&r=g","caption":"cpeiro"}}]}},"_links":{"self":[{"href":"https:\/\/www.hospitalsancarlos.es\/blog\/wp-json\/wp\/v2\/posts\/810","targetHints":{"allow":["GET"]}}],"collection":[{"href":"https:\/\/www.hospitalsancarlos.es\/blog\/wp-json\/wp\/v2\/posts"}],"about":[{"href":"https:\/\/www.hospitalsancarlos.es\/blog\/wp-json\/wp\/v2\/types\/post"}],"author":[{"embeddable":true,"href":"https:\/\/www.hospitalsancarlos.es\/blog\/wp-json\/wp\/v2\/users\/2"}],"replies":[{"embeddable":true,"href":"https:\/\/www.hospitalsancarlos.es\/blog\/wp-json\/wp\/v2\/comments?post=810"}],"version-history":[{"count":1,"href":"https:\/\/www.hospitalsancarlos.es\/blog\/wp-json\/wp\/v2\/posts\/810\/revisions"}],"predecessor-version":[{"id":812,"href":"https:\/\/www.hospitalsancarlos.es\/blog\/wp-json\/wp\/v2\/posts\/810\/revisions\/812"}],"wp:featuredmedia":[{"embeddable":true,"href":"https:\/\/www.hospitalsancarlos.es\/blog\/wp-json\/wp\/v2\/media\/811"}],"wp:attachment":[{"href":"https:\/\/www.hospitalsancarlos.es\/blog\/wp-json\/wp\/v2\/media?parent=810"}],"wp:term":[{"taxonomy":"category","embeddable":true,"href":"https:\/\/www.hospitalsancarlos.es\/blog\/wp-json\/wp\/v2\/categories?post=810"},{"taxonomy":"post_tag","embeddable":true,"href":"https:\/\/www.hospitalsancarlos.es\/blog\/wp-json\/wp\/v2\/tags?post=810"}],"curies":[{"name":"wp","href":"https:\/\/api.w.org\/{rel}","templated":true}]}}