{"id":754,"date":"2024-04-09T14:15:21","date_gmt":"2024-04-09T13:15:21","guid":{"rendered":"https:\/\/www.hospitalsancarlos.es\/blog\/?p=754"},"modified":"2024-04-09T14:15:21","modified_gmt":"2024-04-09T13:15:21","slug":"convenio-colaboracion-amunt-contra-el-cancer","status":"publish","type":"post","link":"https:\/\/www.hospitalsancarlos.es\/blog\/actualidad\/convenio-colaboracion-amunt-contra-el-cancer\/","title":{"rendered":"El hospital HLA San Carlos y la Asociaci\u00f3n AMUNT Contra el C\u00e1ncer firman un convenio de colaboraci\u00f3n"},"content":{"rendered":"\n<ul class=\"wp-block-list\">\n<li>El hospital colabora con la Asociaci\u00f3n AMUNT en la prevenci\u00f3n y detecci\u00f3n temprana del c\u00e1ncer de mama realizando revisiones en su Unidad de Mama<\/li>\n<\/ul>\n\n\n\n<p><strong>Denia \u2013 09 de abril de 2024<\/strong>. En el marco de su compromiso en la lucha contra el c\u00e1ncer de mama, el <a href=\"https:\/\/www.hospitalsancarlos.es\/\">hospital HLA San Carlos de Denia<\/a> y la Asociaci\u00f3n AMUNT Contra el C\u00e1ncer han firmado un convenio de colaboraci\u00f3n a trav\u00e9s del cual el centro hospitalario llevar\u00e1 a cabo revisiones a pacientes en su <strong>Unidad de Mama<\/strong>, que incluyen una consulta de prescripci\u00f3n de pruebas, una ecograf\u00eda y mamograf\u00eda y una consulta de resultados.<\/p>\n\n\n\n<p>El convenio ha sido firmado en las instalaciones del hospital por el <strong>Dr. David Va\u00f1\u00f3<\/strong>, Gerente de HLA San Carlos y <strong>D\u00f1a. Maria Isabel Llorca<\/strong>, presidenta de AMUNT.<\/p>\n\n\n\n<p><strong>AMUNT Contra el C\u00e1ncer<\/strong> es una asociaci\u00f3n sin \u00e1nimo de lucro que lleva a cabo diferentes iniciativas encaminadas a la optimizaci\u00f3n de la calidad de vida de los pacientes con c\u00e1ncer y de sus familiares.<\/p>\n\n\n\n<figure class=\"wp-block-image size-large is-resized\"><img loading=\"lazy\" decoding=\"async\" width=\"1024\" height=\"585\" src=\"https:\/\/www.hospitalsancarlos.es\/blog\/wp-content\/uploads\/2024\/04\/HLAxi-1024x585.png\" alt=\"Dr. David Va\u00f1\u00f3, Gerente de HLA San Carlos y D\u00f1a. Maria Isabel Llorca, presidenta de AMUNT\" class=\"wp-image-756\" style=\"aspect-ratio:1.7504273504273504;width:620px;height:auto\" srcset=\"https:\/\/www.hospitalsancarlos.es\/blog\/wp-content\/uploads\/2024\/04\/HLAxi-1024x585.png 1024w, https:\/\/www.hospitalsancarlos.es\/blog\/wp-content\/uploads\/2024\/04\/HLAxi-300x171.png 300w, https:\/\/www.hospitalsancarlos.es\/blog\/wp-content\/uploads\/2024\/04\/HLAxi-768x439.png 768w, https:\/\/www.hospitalsancarlos.es\/blog\/wp-content\/uploads\/2024\/04\/HLAxi.png 1080w\" sizes=\"auto, (max-width: 1024px) 100vw, 1024px\" \/><figcaption class=\"wp-element-caption\">Dr. David Va\u00f1\u00f3, Gerente de HLA San Carlos y D\u00f1a. Maria Isabel Llorca, presidenta de AMUNT<\/figcaption><\/figure>\n\n\n\n<p>El <strong><a href=\"https:\/\/www.grupohla.com\/\">Grupo HLA<\/a><\/strong> cuenta con una decena de unidades multidisciplinares de la mujer que atienden de forma integral a las patolog\u00edas con mayor prevalencia en mujeres, como es el c\u00e1ncer de mama. Estas unidades disponen de la tecnolog\u00eda m\u00e1s avanzada para el diagn\u00f3stico precoz de esta enfermedad, as\u00ed como de profesionales altamente especializados.<\/p>\n","protected":false},"excerpt":{"rendered":"<p>Denia \u2013 09 de abril de 2024. En el marco de su compromiso en la lucha contra el c\u00e1ncer de mama, el hospital HLA San Carlos de Denia y la Asociaci\u00f3n AMUNT Contra el&#46;&#46;&#46;<\/p>\n","protected":false},"author":2,"featured_media":755,"comment_status":"closed","ping_status":"closed","sticky":false,"template":"","format":"standard","meta":{"footnotes":""},"categories":[24],"tags":[54,75,13],"class_list":["post-754","post","type-post","status-publish","format-standard","has-post-thumbnail","hentry","category-actualidad","tag-actualidad","tag-cancer","tag-hospital-san-carlos"],"yoast_head":"<!-- This site is optimized with the Yoast SEO plugin v17.2 - https:\/\/yoast.com\/wordpress\/plugins\/seo\/ -->\n<title>El hospital HLA San Carlos y la Asociaci\u00f3n AMUNT Contra el C\u00e1ncer firman un convenio de colaboraci\u00f3n - Hospital San Carlos<\/title>\n<meta name=\"description\" content=\"El hospital colabora con la Asociaci\u00f3n AMUNT en la prevenci\u00f3n y detecci\u00f3n temprana del c\u00e1ncer de mama con revisiones en su Unidad de Mama\" \/>\n<meta name=\"robots\" content=\"index, follow, max-snippet:-1, max-image-preview:large, max-video-preview:-1\" \/>\n<link rel=\"canonical\" href=\"https:\/\/www.hospitalsancarlos.es\/blog\/actualidad\/convenio-colaboracion-amunt-contra-el-cancer\/\" \/>\n<meta property=\"og:locale\" content=\"es_ES\" \/>\n<meta property=\"og:type\" content=\"article\" \/>\n<meta property=\"og:title\" content=\"El hospital HLA San Carlos y la Asociaci\u00f3n AMUNT Contra el C\u00e1ncer firman un convenio de colaboraci\u00f3n - Hospital San Carlos\" \/>\n<meta property=\"og:description\" content=\"El hospital colabora con la Asociaci\u00f3n AMUNT en la prevenci\u00f3n y detecci\u00f3n temprana del c\u00e1ncer de mama con revisiones en su Unidad de Mama\" \/>\n<meta property=\"og:url\" content=\"https:\/\/www.hospitalsancarlos.es\/blog\/actualidad\/convenio-colaboracion-amunt-contra-el-cancer\/\" \/>\n<meta property=\"og:site_name\" content=\"Hospital San Carlos\" \/>\n<meta property=\"article:published_time\" content=\"2024-04-09T13:15:21+00:00\" \/>\n<meta property=\"og:image\" content=\"https:\/\/www.hospitalsancarlos.es\/blog\/wp-content\/uploads\/2024\/04\/HLAx.png\" \/>\n\t<meta property=\"og:image:width\" content=\"1080\" \/>\n\t<meta property=\"og:image:height\" content=\"617\" \/>\n<meta name=\"twitter:card\" content=\"summary_large_image\" \/>\n<meta name=\"twitter:label1\" content=\"Escrito por\" \/>\n\t<meta name=\"twitter:data1\" content=\"cpeiro\" \/>\n\t<meta name=\"twitter:label2\" content=\"Tiempo de lectura\" \/>\n\t<meta name=\"twitter:data2\" content=\"1 minuto\" \/>\n<script type=\"application\/ld+json\" class=\"yoast-schema-graph\">{\"@context\":\"https:\/\/schema.org\",\"@graph\":[{\"@type\":\"Organization\",\"@id\":\"https:\/\/www.hospitalsancarlos.es\/blog\/#organization\",\"name\":\"Hospital San Carlos\",\"url\":\"https:\/\/www.hospitalsancarlos.es\/blog\/\",\"sameAs\":[],\"logo\":{\"@type\":\"ImageObject\",\"@id\":\"https:\/\/www.hospitalsancarlos.es\/blog\/#logo\",\"inLanguage\":\"es\",\"url\":\"https:\/\/www.hospitalsancarlos.es\/blog\/wp-content\/uploads\/2021\/09\/logo-sancarlos.png\",\"contentUrl\":\"https:\/\/www.hospitalsancarlos.es\/blog\/wp-content\/uploads\/2021\/09\/logo-sancarlos.png\",\"width\":320,\"height\":52,\"caption\":\"Hospital San Carlos\"},\"image\":{\"@id\":\"https:\/\/www.hospitalsancarlos.es\/blog\/#logo\"}},{\"@type\":\"WebSite\",\"@id\":\"https:\/\/www.hospitalsancarlos.es\/blog\/#website\",\"url\":\"https:\/\/www.hospitalsancarlos.es\/blog\/\",\"name\":\"Hospital San Carlos\",\"description\":\"Hospital en Denia referente en la Marina Alta\",\"publisher\":{\"@id\":\"https:\/\/www.hospitalsancarlos.es\/blog\/#organization\"},\"potentialAction\":[{\"@type\":\"SearchAction\",\"target\":{\"@type\":\"EntryPoint\",\"urlTemplate\":\"https:\/\/www.hospitalsancarlos.es\/blog\/?s={search_term_string}\"},\"query-input\":\"required name=search_term_string\"}],\"inLanguage\":\"es\"},{\"@type\":\"ImageObject\",\"@id\":\"https:\/\/www.hospitalsancarlos.es\/blog\/actualidad\/convenio-colaboracion-amunt-contra-el-cancer\/#primaryimage\",\"inLanguage\":\"es\",\"url\":\"https:\/\/www.hospitalsancarlos.es\/blog\/wp-content\/uploads\/2024\/04\/HLAx.png\",\"contentUrl\":\"https:\/\/www.hospitalsancarlos.es\/blog\/wp-content\/uploads\/2024\/04\/HLAx.png\",\"width\":1080,\"height\":617,\"caption\":\"El hospital HLA San Carlos y la Asociaci\\u00f3n AMUNT\"},{\"@type\":\"WebPage\",\"@id\":\"https:\/\/www.hospitalsancarlos.es\/blog\/actualidad\/convenio-colaboracion-amunt-contra-el-cancer\/#webpage\",\"url\":\"https:\/\/www.hospitalsancarlos.es\/blog\/actualidad\/convenio-colaboracion-amunt-contra-el-cancer\/\",\"name\":\"El hospital HLA San Carlos y la Asociaci\\u00f3n AMUNT Contra el C\\u00e1ncer firman un convenio de colaboraci\\u00f3n - Hospital San Carlos\",\"isPartOf\":{\"@id\":\"https:\/\/www.hospitalsancarlos.es\/blog\/#website\"},\"primaryImageOfPage\":{\"@id\":\"https:\/\/www.hospitalsancarlos.es\/blog\/actualidad\/convenio-colaboracion-amunt-contra-el-cancer\/#primaryimage\"},\"datePublished\":\"2024-04-09T13:15:21+00:00\",\"dateModified\":\"2024-04-09T13:15:21+00:00\",\"description\":\"El hospital colabora con la Asociaci\\u00f3n AMUNT en la prevenci\\u00f3n y detecci\\u00f3n temprana del c\\u00e1ncer de mama con revisiones en su Unidad de Mama\",\"breadcrumb\":{\"@id\":\"https:\/\/www.hospitalsancarlos.es\/blog\/actualidad\/convenio-colaboracion-amunt-contra-el-cancer\/#breadcrumb\"},\"inLanguage\":\"es\",\"potentialAction\":[{\"@type\":\"ReadAction\",\"target\":[\"https:\/\/www.hospitalsancarlos.es\/blog\/actualidad\/convenio-colaboracion-amunt-contra-el-cancer\/\"]}]},{\"@type\":\"BreadcrumbList\",\"@id\":\"https:\/\/www.hospitalsancarlos.es\/blog\/actualidad\/convenio-colaboracion-amunt-contra-el-cancer\/#breadcrumb\",\"itemListElement\":[{\"@type\":\"ListItem\",\"position\":1,\"name\":\"Portada\",\"item\":\"https:\/\/www.hospitalsancarlos.es\/blog\/\"},{\"@type\":\"ListItem\",\"position\":2,\"name\":\"El hospital HLA San Carlos y la Asociaci\\u00f3n AMUNT Contra el C\\u00e1ncer firman un convenio de colaboraci\\u00f3n\"}]},{\"@type\":\"Article\",\"@id\":\"https:\/\/www.hospitalsancarlos.es\/blog\/actualidad\/convenio-colaboracion-amunt-contra-el-cancer\/#article\",\"isPartOf\":{\"@id\":\"https:\/\/www.hospitalsancarlos.es\/blog\/actualidad\/convenio-colaboracion-amunt-contra-el-cancer\/#webpage\"},\"author\":{\"@id\":\"https:\/\/www.hospitalsancarlos.es\/blog\/#\/schema\/person\/c1d5250fead0465bd1f1bfbc6e72b67e\"},\"headline\":\"El hospital HLA San Carlos y la Asociaci\\u00f3n AMUNT Contra el C\\u00e1ncer firman un convenio de colaboraci\\u00f3n\",\"datePublished\":\"2024-04-09T13:15:21+00:00\",\"dateModified\":\"2024-04-09T13:15:21+00:00\",\"mainEntityOfPage\":{\"@id\":\"https:\/\/www.hospitalsancarlos.es\/blog\/actualidad\/convenio-colaboracion-amunt-contra-el-cancer\/#webpage\"},\"wordCount\":272,\"publisher\":{\"@id\":\"https:\/\/www.hospitalsancarlos.es\/blog\/#organization\"},\"image\":{\"@id\":\"https:\/\/www.hospitalsancarlos.es\/blog\/actualidad\/convenio-colaboracion-amunt-contra-el-cancer\/#primaryimage\"},\"thumbnailUrl\":\"https:\/\/www.hospitalsancarlos.es\/blog\/wp-content\/uploads\/2024\/04\/HLAx.png\",\"keywords\":[\"actualidad\",\"c\\u00e1ncer\",\"Hospital San Carlos\"],\"articleSection\":[\"Actualidad\"],\"inLanguage\":\"es\"},{\"@type\":\"Person\",\"@id\":\"https:\/\/www.hospitalsancarlos.es\/blog\/#\/schema\/person\/c1d5250fead0465bd1f1bfbc6e72b67e\",\"name\":\"cpeiro\",\"image\":{\"@type\":\"ImageObject\",\"@id\":\"https:\/\/www.hospitalsancarlos.es\/blog\/#personlogo\",\"inLanguage\":\"es\",\"url\":\"https:\/\/secure.gravatar.com\/avatar\/ccda9b15179fd1fab596469501706a8d4ab328c17627e4cd9c5752f0efc1aaed?s=96&d=mm&r=g\",\"contentUrl\":\"https:\/\/secure.gravatar.com\/avatar\/ccda9b15179fd1fab596469501706a8d4ab328c17627e4cd9c5752f0efc1aaed?s=96&d=mm&r=g\",\"caption\":\"cpeiro\"}}]}<\/script>\n<!-- \/ Yoast SEO plugin. -->","yoast_head_json":{"title":"El hospital HLA San Carlos y la Asociaci\u00f3n AMUNT Contra el C\u00e1ncer firman un convenio de colaboraci\u00f3n - Hospital San Carlos","description":"El hospital colabora con la Asociaci\u00f3n AMUNT en la prevenci\u00f3n y detecci\u00f3n temprana del c\u00e1ncer de mama con revisiones en su Unidad de Mama","robots":{"index":"index","follow":"follow","max-snippet":"max-snippet:-1","max-image-preview":"max-image-preview:large","max-video-preview":"max-video-preview:-1"},"canonical":"https:\/\/www.hospitalsancarlos.es\/blog\/actualidad\/convenio-colaboracion-amunt-contra-el-cancer\/","og_locale":"es_ES","og_type":"article","og_title":"El hospital HLA San Carlos y la Asociaci\u00f3n AMUNT Contra el C\u00e1ncer firman un convenio de colaboraci\u00f3n - Hospital San Carlos","og_description":"El hospital colabora con la Asociaci\u00f3n AMUNT en la prevenci\u00f3n y detecci\u00f3n temprana del c\u00e1ncer de mama con revisiones en su Unidad de Mama","og_url":"https:\/\/www.hospitalsancarlos.es\/blog\/actualidad\/convenio-colaboracion-amunt-contra-el-cancer\/","og_site_name":"Hospital San Carlos","article_published_time":"2024-04-09T13:15:21+00:00","og_image":[{"width":1080,"height":617,"filesize":177167,"url":"https:\/\/www.hospitalsancarlos.es\/blog\/wp-content\/uploads\/2024\/04\/HLAx.png","path":"\/var\/www\/vhosts\/hospitalsancarlos.es\/httpdocs\/blog\/wp-content\/uploads\/2024\/04\/HLAx.png","size":"full","id":755,"alt":"El hospital HLA San Carlos y la Asociaci\u00f3n AMUNT","pixels":666360,"type":"image\/png"}],"twitter_card":"summary_large_image","twitter_misc":{"Escrito por":"cpeiro","Tiempo de lectura":"1 minuto"},"schema":{"@context":"https:\/\/schema.org","@graph":[{"@type":"Organization","@id":"https:\/\/www.hospitalsancarlos.es\/blog\/#organization","name":"Hospital San Carlos","url":"https:\/\/www.hospitalsancarlos.es\/blog\/","sameAs":[],"logo":{"@type":"ImageObject","@id":"https:\/\/www.hospitalsancarlos.es\/blog\/#logo","inLanguage":"es","url":"https:\/\/www.hospitalsancarlos.es\/blog\/wp-content\/uploads\/2021\/09\/logo-sancarlos.png","contentUrl":"https:\/\/www.hospitalsancarlos.es\/blog\/wp-content\/uploads\/2021\/09\/logo-sancarlos.png","width":320,"height":52,"caption":"Hospital San Carlos"},"image":{"@id":"https:\/\/www.hospitalsancarlos.es\/blog\/#logo"}},{"@type":"WebSite","@id":"https:\/\/www.hospitalsancarlos.es\/blog\/#website","url":"https:\/\/www.hospitalsancarlos.es\/blog\/","name":"Hospital San Carlos","description":"Hospital en Denia referente en la Marina Alta","publisher":{"@id":"https:\/\/www.hospitalsancarlos.es\/blog\/#organization"},"potentialAction":[{"@type":"SearchAction","target":{"@type":"EntryPoint","urlTemplate":"https:\/\/www.hospitalsancarlos.es\/blog\/?s={search_term_string}"},"query-input":"required name=search_term_string"}],"inLanguage":"es"},{"@type":"ImageObject","@id":"https:\/\/www.hospitalsancarlos.es\/blog\/actualidad\/convenio-colaboracion-amunt-contra-el-cancer\/#primaryimage","inLanguage":"es","url":"https:\/\/www.hospitalsancarlos.es\/blog\/wp-content\/uploads\/2024\/04\/HLAx.png","contentUrl":"https:\/\/www.hospitalsancarlos.es\/blog\/wp-content\/uploads\/2024\/04\/HLAx.png","width":1080,"height":617,"caption":"El hospital HLA San Carlos y la Asociaci\u00f3n AMUNT"},{"@type":"WebPage","@id":"https:\/\/www.hospitalsancarlos.es\/blog\/actualidad\/convenio-colaboracion-amunt-contra-el-cancer\/#webpage","url":"https:\/\/www.hospitalsancarlos.es\/blog\/actualidad\/convenio-colaboracion-amunt-contra-el-cancer\/","name":"El hospital HLA San Carlos y la Asociaci\u00f3n AMUNT Contra el C\u00e1ncer firman un convenio de colaboraci\u00f3n - Hospital San Carlos","isPartOf":{"@id":"https:\/\/www.hospitalsancarlos.es\/blog\/#website"},"primaryImageOfPage":{"@id":"https:\/\/www.hospitalsancarlos.es\/blog\/actualidad\/convenio-colaboracion-amunt-contra-el-cancer\/#primaryimage"},"datePublished":"2024-04-09T13:15:21+00:00","dateModified":"2024-04-09T13:15:21+00:00","description":"El hospital colabora con la Asociaci\u00f3n AMUNT en la prevenci\u00f3n y detecci\u00f3n temprana del c\u00e1ncer de mama con revisiones en su Unidad de Mama","breadcrumb":{"@id":"https:\/\/www.hospitalsancarlos.es\/blog\/actualidad\/convenio-colaboracion-amunt-contra-el-cancer\/#breadcrumb"},"inLanguage":"es","potentialAction":[{"@type":"ReadAction","target":["https:\/\/www.hospitalsancarlos.es\/blog\/actualidad\/convenio-colaboracion-amunt-contra-el-cancer\/"]}]},{"@type":"BreadcrumbList","@id":"https:\/\/www.hospitalsancarlos.es\/blog\/actualidad\/convenio-colaboracion-amunt-contra-el-cancer\/#breadcrumb","itemListElement":[{"@type":"ListItem","position":1,"name":"Portada","item":"https:\/\/www.hospitalsancarlos.es\/blog\/"},{"@type":"ListItem","position":2,"name":"El hospital HLA San Carlos y la Asociaci\u00f3n AMUNT Contra el C\u00e1ncer firman un convenio de colaboraci\u00f3n"}]},{"@type":"Article","@id":"https:\/\/www.hospitalsancarlos.es\/blog\/actualidad\/convenio-colaboracion-amunt-contra-el-cancer\/#article","isPartOf":{"@id":"https:\/\/www.hospitalsancarlos.es\/blog\/actualidad\/convenio-colaboracion-amunt-contra-el-cancer\/#webpage"},"author":{"@id":"https:\/\/www.hospitalsancarlos.es\/blog\/#\/schema\/person\/c1d5250fead0465bd1f1bfbc6e72b67e"},"headline":"El hospital HLA San Carlos y la Asociaci\u00f3n AMUNT Contra el C\u00e1ncer firman un convenio de colaboraci\u00f3n","datePublished":"2024-04-09T13:15:21+00:00","dateModified":"2024-04-09T13:15:21+00:00","mainEntityOfPage":{"@id":"https:\/\/www.hospitalsancarlos.es\/blog\/actualidad\/convenio-colaboracion-amunt-contra-el-cancer\/#webpage"},"wordCount":272,"publisher":{"@id":"https:\/\/www.hospitalsancarlos.es\/blog\/#organization"},"image":{"@id":"https:\/\/www.hospitalsancarlos.es\/blog\/actualidad\/convenio-colaboracion-amunt-contra-el-cancer\/#primaryimage"},"thumbnailUrl":"https:\/\/www.hospitalsancarlos.es\/blog\/wp-content\/uploads\/2024\/04\/HLAx.png","keywords":["actualidad","c\u00e1ncer","Hospital San Carlos"],"articleSection":["Actualidad"],"inLanguage":"es"},{"@type":"Person","@id":"https:\/\/www.hospitalsancarlos.es\/blog\/#\/schema\/person\/c1d5250fead0465bd1f1bfbc6e72b67e","name":"cpeiro","image":{"@type":"ImageObject","@id":"https:\/\/www.hospitalsancarlos.es\/blog\/#personlogo","inLanguage":"es","url":"https:\/\/secure.gravatar.com\/avatar\/ccda9b15179fd1fab596469501706a8d4ab328c17627e4cd9c5752f0efc1aaed?s=96&d=mm&r=g","contentUrl":"https:\/\/secure.gravatar.com\/avatar\/ccda9b15179fd1fab596469501706a8d4ab328c17627e4cd9c5752f0efc1aaed?s=96&d=mm&r=g","caption":"cpeiro"}}]}},"_links":{"self":[{"href":"https:\/\/www.hospitalsancarlos.es\/blog\/wp-json\/wp\/v2\/posts\/754","targetHints":{"allow":["GET"]}}],"collection":[{"href":"https:\/\/www.hospitalsancarlos.es\/blog\/wp-json\/wp\/v2\/posts"}],"about":[{"href":"https:\/\/www.hospitalsancarlos.es\/blog\/wp-json\/wp\/v2\/types\/post"}],"author":[{"embeddable":true,"href":"https:\/\/www.hospitalsancarlos.es\/blog\/wp-json\/wp\/v2\/users\/2"}],"replies":[{"embeddable":true,"href":"https:\/\/www.hospitalsancarlos.es\/blog\/wp-json\/wp\/v2\/comments?post=754"}],"version-history":[{"count":1,"href":"https:\/\/www.hospitalsancarlos.es\/blog\/wp-json\/wp\/v2\/posts\/754\/revisions"}],"predecessor-version":[{"id":757,"href":"https:\/\/www.hospitalsancarlos.es\/blog\/wp-json\/wp\/v2\/posts\/754\/revisions\/757"}],"wp:featuredmedia":[{"embeddable":true,"href":"https:\/\/www.hospitalsancarlos.es\/blog\/wp-json\/wp\/v2\/media\/755"}],"wp:attachment":[{"href":"https:\/\/www.hospitalsancarlos.es\/blog\/wp-json\/wp\/v2\/media?parent=754"}],"wp:term":[{"taxonomy":"category","embeddable":true,"href":"https:\/\/www.hospitalsancarlos.es\/blog\/wp-json\/wp\/v2\/categories?post=754"},{"taxonomy":"post_tag","embeddable":true,"href":"https:\/\/www.hospitalsancarlos.es\/blog\/wp-json\/wp\/v2\/tags?post=754"}],"curies":[{"name":"wp","href":"https:\/\/api.w.org\/{rel}","templated":true}]}}