{"id":662,"date":"2023-10-23T15:01:21","date_gmt":"2023-10-23T14:01:21","guid":{"rendered":"https:\/\/www.hospitalsancarlos.es\/blog\/?p=662"},"modified":"2023-10-23T15:01:41","modified_gmt":"2023-10-23T14:01:41","slug":"sibo-una-patologia-digestiva-cada-vez-mas-comun","status":"publish","type":"post","link":"https:\/\/www.hospitalsancarlos.es\/blog\/actualidad\/sibo-una-patologia-digestiva-cada-vez-mas-comun\/","title":{"rendered":"SIBO: una patolog\u00eda digestiva cada vez m\u00e1s com\u00fan"},"content":{"rendered":"\n<ul class=\"wp-block-list\">\n<li><strong>Dolor abdominal, diarrea o estre\u00f1imiento, son algunos de los s\u00edntomas asociados al Sobrecrecimiento Bacteriano del Intestino Delgado (SIBO)<\/strong><\/li>\n<\/ul>\n\n\n<div class=\"wp-block-image\">\n<figure class=\"aligncenter size-full\"><img loading=\"lazy\" decoding=\"async\" width=\"753\" height=\"480\" src=\"https:\/\/www.hospitalsancarlos.es\/blog\/wp-content\/uploads\/2023\/10\/Dra-Ana-Mayor.jpg\" alt=\"\" class=\"wp-image-663\" srcset=\"https:\/\/www.hospitalsancarlos.es\/blog\/wp-content\/uploads\/2023\/10\/Dra-Ana-Mayor.jpg 753w, https:\/\/www.hospitalsancarlos.es\/blog\/wp-content\/uploads\/2023\/10\/Dra-Ana-Mayor-300x191.jpg 300w\" sizes=\"auto, (max-width: 753px) 100vw, 753px\" \/><\/figure>\n<\/div>\n\n\n<p><strong>Denia \u2013 23 de octubre de 2023.<\/strong> Las patolog\u00edas del sistema digestivo son enfermedades o trastornos con alta prevalencia y representan uno de los principales motivos en consulta en Atenci\u00f3n Primaria.<\/p>\n\n\n\n<p>Una patolog\u00eda cada vez m\u00e1s com\u00fan dentro de este grupo de enfermedades es el Sobrecrecimiento Bacteriano del Intestino Delgado (SIBO), mejor conocida como<strong> SIBO<\/strong>. Se produce por un crecimiento excesivo de las bacterias que colonizan el intestino delgado y sus <strong>causas son multifactoriales<\/strong>, pudiendo asociarse a algunos f\u00e1rmacos, una dieta rica en procesados, el estr\u00e9s, la hipoclorhidria g\u00e1strica o la falta de enzimas digestivas, entre otras.<\/p>\n\n\n\n<p>La <strong>Dra. Ana Mayor<\/strong>, especialista en medicina interna del hospital <strong>HLA San Carlos<\/strong> explica que, \u201cel motivo por el que parece haber un aumento de patolog\u00edas digestivas es multifactorial. Por un lado, hay un <strong>mayor conocimiento<\/strong> e inter\u00e9s por la <strong>salud digestiva<\/strong> por parte de la poblaci\u00f3n general, y, por otro lado, se han <strong>mejorado<\/strong> las <strong>t\u00e9cnicas diagn\u00f3sticas<\/strong> de alta resoluci\u00f3n como la gastroscopia y la colonoscopia, lo que hace posibles diagn\u00f3sticos m\u00e1s certeros. Los h\u00e1bitos de<strong> alimentaci\u00f3n poco saludables<\/strong> y el <strong>estr\u00e9s<\/strong> tambi\u00e9n pueden favorecer la aparici\u00f3n de este tipo de trastornos\u201d.<\/p>\n\n\n\n<p>La Dra. Mayor explica que, \u201clos <strong>s\u00edntomas<\/strong> asociados al SIBO son <strong>muy variados<\/strong>, desde el dolor abdominal, diarrea o estre\u00f1imiento, hinchaz\u00f3n, digestiones pesadas e indigesti\u00f3n entre otros. El <strong>diagn\u00f3stico <\/strong>sigue siendo <strong>dificultoso<\/strong> porque s\u00f3lo contamos con el test de aliento para detectar hidr\u00f3geno y metano. Tambi\u00e9n contamos con el cultivo de aspirado duodenal, pero esta supone una t\u00e9cnica invasiva y costosa\u201d.<\/p>\n\n\n\n<p>La<strong> dieta <\/strong>representa un <strong>factor clave <\/strong>en el estudio de los pacientes con SIBO, ya que est\u00e1 relacionada con el desarrollo de m\u00faltiples trastornos intestinales y al mismo tiempo es uno de sus enfoques terap\u00e9uticos m\u00e1s prometedores.<\/p>\n\n\n\n<p>Otro factor para tener en cuenta son los <strong>t\u00f3xicos alimentarios<\/strong>. Estudios demuestran que estos <strong>aditivos alimentarios<\/strong> son un posible \u201c<strong>impulsor<\/strong>\u201d oculto de la inflamaci\u00f3n intestinal porque aumenta la diversidad microbiana.<\/p>\n\n\n\n<p>El <strong>estr\u00e9s<\/strong> es otro factor desencadenante ya que afecta la<strong> inmunidad<\/strong> protectora y crea un nicho favorable para la <strong>disbiosis<\/strong>.<\/p>\n\n\n\n<p>Se debe <strong>consultar <\/strong>a un <strong>especialista<\/strong> para detectar una posible patolog\u00eda de este tipo cuando se tienen s\u00edntomas como p\u00e9rdida de peso inexplicable, alternancia del ritmo intestinal con diarrea y estre\u00f1imiento, diarrea con sangre o moco, dolor o distensi\u00f3n abdominal\u201d, afirma la Dra. Mayor.<\/p>\n\n\n\n<p>La<strong> Dra. Ana Mayor <\/strong>forma junto al <strong>Dr. David Vanyo<\/strong> y la <strong>Dra. Gisela Abataneo<\/strong> el equipo de m\u00e9dicos internistas del hospital San Carlos y que junto con otros especialistas del centro forman una <strong>unidad multidisciplinar<\/strong> para poder tratar al paciente de cualquier problema de salud que \u00e9ste presente.<\/p>\n","protected":false},"excerpt":{"rendered":"<p>Denia \u2013 23 de octubre de 2023. Las patolog\u00edas del sistema digestivo son enfermedades o trastornos con alta prevalencia y representan uno de los principales motivos en consulta en Atenci\u00f3n Primaria. Una patolog\u00eda cada&#46;&#46;&#46;<\/p>\n","protected":false},"author":2,"featured_media":663,"comment_status":"closed","ping_status":"closed","sticky":false,"template":"","format":"standard","meta":{"footnotes":"[]"},"categories":[24],"tags":[],"class_list":["post-662","post","type-post","status-publish","format-standard","has-post-thumbnail","hentry","category-actualidad"],"yoast_head":"<!-- This site is optimized with the Yoast SEO plugin v17.2 - https:\/\/yoast.com\/wordpress\/plugins\/seo\/ -->\n<title>SIBO: una patolog\u00eda digestiva cada vez m\u00e1s com\u00fan - Hospital San Carlos<\/title>\n<meta name=\"robots\" content=\"index, follow, max-snippet:-1, max-image-preview:large, max-video-preview:-1\" \/>\n<link rel=\"canonical\" href=\"https:\/\/www.hospitalsancarlos.es\/blog\/actualidad\/sibo-una-patologia-digestiva-cada-vez-mas-comun\/\" \/>\n<meta property=\"og:locale\" content=\"es_ES\" \/>\n<meta property=\"og:type\" content=\"article\" \/>\n<meta property=\"og:title\" content=\"SIBO: una patolog\u00eda digestiva cada vez m\u00e1s com\u00fan - Hospital San Carlos\" \/>\n<meta property=\"og:description\" content=\"Denia \u2013 23 de octubre de 2023. Las patolog\u00edas del sistema digestivo son enfermedades o trastornos con alta prevalencia y representan uno de los principales motivos en consulta en Atenci\u00f3n Primaria. Una patolog\u00eda cada&#046;&#046;&#046;\" \/>\n<meta property=\"og:url\" content=\"https:\/\/www.hospitalsancarlos.es\/blog\/actualidad\/sibo-una-patologia-digestiva-cada-vez-mas-comun\/\" \/>\n<meta property=\"og:site_name\" content=\"Hospital San Carlos\" \/>\n<meta property=\"article:published_time\" content=\"2023-10-23T14:01:21+00:00\" \/>\n<meta property=\"article:modified_time\" content=\"2023-10-23T14:01:41+00:00\" \/>\n<meta property=\"og:image\" content=\"https:\/\/www.hospitalsancarlos.es\/blog\/wp-content\/uploads\/2023\/10\/Dra-Ana-Mayor.jpg\" \/>\n\t<meta property=\"og:image:width\" content=\"753\" \/>\n\t<meta property=\"og:image:height\" content=\"480\" \/>\n<meta name=\"twitter:card\" content=\"summary_large_image\" \/>\n<meta name=\"twitter:label1\" content=\"Escrito por\" \/>\n\t<meta name=\"twitter:data1\" content=\"cpeiro\" \/>\n\t<meta name=\"twitter:label2\" content=\"Tiempo de lectura\" \/>\n\t<meta name=\"twitter:data2\" content=\"2 minutos\" \/>\n<script type=\"application\/ld+json\" class=\"yoast-schema-graph\">{\"@context\":\"https:\/\/schema.org\",\"@graph\":[{\"@type\":\"Organization\",\"@id\":\"https:\/\/www.hospitalsancarlos.es\/blog\/#organization\",\"name\":\"Hospital San Carlos\",\"url\":\"https:\/\/www.hospitalsancarlos.es\/blog\/\",\"sameAs\":[],\"logo\":{\"@type\":\"ImageObject\",\"@id\":\"https:\/\/www.hospitalsancarlos.es\/blog\/#logo\",\"inLanguage\":\"es\",\"url\":\"https:\/\/www.hospitalsancarlos.es\/blog\/wp-content\/uploads\/2021\/09\/logo-sancarlos.png\",\"contentUrl\":\"https:\/\/www.hospitalsancarlos.es\/blog\/wp-content\/uploads\/2021\/09\/logo-sancarlos.png\",\"width\":320,\"height\":52,\"caption\":\"Hospital San Carlos\"},\"image\":{\"@id\":\"https:\/\/www.hospitalsancarlos.es\/blog\/#logo\"}},{\"@type\":\"WebSite\",\"@id\":\"https:\/\/www.hospitalsancarlos.es\/blog\/#website\",\"url\":\"https:\/\/www.hospitalsancarlos.es\/blog\/\",\"name\":\"Hospital San Carlos\",\"description\":\"Hospital en Denia referente en la Marina Alta\",\"publisher\":{\"@id\":\"https:\/\/www.hospitalsancarlos.es\/blog\/#organization\"},\"potentialAction\":[{\"@type\":\"SearchAction\",\"target\":{\"@type\":\"EntryPoint\",\"urlTemplate\":\"https:\/\/www.hospitalsancarlos.es\/blog\/?s={search_term_string}\"},\"query-input\":\"required name=search_term_string\"}],\"inLanguage\":\"es\"},{\"@type\":\"ImageObject\",\"@id\":\"https:\/\/www.hospitalsancarlos.es\/blog\/actualidad\/sibo-una-patologia-digestiva-cada-vez-mas-comun\/#primaryimage\",\"inLanguage\":\"es\",\"url\":\"https:\/\/www.hospitalsancarlos.es\/blog\/wp-content\/uploads\/2023\/10\/Dra-Ana-Mayor.jpg\",\"contentUrl\":\"https:\/\/www.hospitalsancarlos.es\/blog\/wp-content\/uploads\/2023\/10\/Dra-Ana-Mayor.jpg\",\"width\":753,\"height\":480,\"caption\":\"Dra. Ana Mayor, interista del Hospital San Carlos Denia\"},{\"@type\":\"WebPage\",\"@id\":\"https:\/\/www.hospitalsancarlos.es\/blog\/actualidad\/sibo-una-patologia-digestiva-cada-vez-mas-comun\/#webpage\",\"url\":\"https:\/\/www.hospitalsancarlos.es\/blog\/actualidad\/sibo-una-patologia-digestiva-cada-vez-mas-comun\/\",\"name\":\"SIBO: una patolog\\u00eda digestiva cada vez m\\u00e1s com\\u00fan - Hospital San Carlos\",\"isPartOf\":{\"@id\":\"https:\/\/www.hospitalsancarlos.es\/blog\/#website\"},\"primaryImageOfPage\":{\"@id\":\"https:\/\/www.hospitalsancarlos.es\/blog\/actualidad\/sibo-una-patologia-digestiva-cada-vez-mas-comun\/#primaryimage\"},\"datePublished\":\"2023-10-23T14:01:21+00:00\",\"dateModified\":\"2023-10-23T14:01:41+00:00\",\"breadcrumb\":{\"@id\":\"https:\/\/www.hospitalsancarlos.es\/blog\/actualidad\/sibo-una-patologia-digestiva-cada-vez-mas-comun\/#breadcrumb\"},\"inLanguage\":\"es\",\"potentialAction\":[{\"@type\":\"ReadAction\",\"target\":[\"https:\/\/www.hospitalsancarlos.es\/blog\/actualidad\/sibo-una-patologia-digestiva-cada-vez-mas-comun\/\"]}]},{\"@type\":\"BreadcrumbList\",\"@id\":\"https:\/\/www.hospitalsancarlos.es\/blog\/actualidad\/sibo-una-patologia-digestiva-cada-vez-mas-comun\/#breadcrumb\",\"itemListElement\":[{\"@type\":\"ListItem\",\"position\":1,\"name\":\"Portada\",\"item\":\"https:\/\/www.hospitalsancarlos.es\/blog\/\"},{\"@type\":\"ListItem\",\"position\":2,\"name\":\"SIBO: una patolog\\u00eda digestiva cada vez m\\u00e1s com\\u00fan\"}]},{\"@type\":\"Article\",\"@id\":\"https:\/\/www.hospitalsancarlos.es\/blog\/actualidad\/sibo-una-patologia-digestiva-cada-vez-mas-comun\/#article\",\"isPartOf\":{\"@id\":\"https:\/\/www.hospitalsancarlos.es\/blog\/actualidad\/sibo-una-patologia-digestiva-cada-vez-mas-comun\/#webpage\"},\"author\":{\"@id\":\"https:\/\/www.hospitalsancarlos.es\/blog\/#\/schema\/person\/c1d5250fead0465bd1f1bfbc6e72b67e\"},\"headline\":\"SIBO: una patolog\\u00eda digestiva cada vez m\\u00e1s com\\u00fan\",\"datePublished\":\"2023-10-23T14:01:21+00:00\",\"dateModified\":\"2023-10-23T14:01:41+00:00\",\"mainEntityOfPage\":{\"@id\":\"https:\/\/www.hospitalsancarlos.es\/blog\/actualidad\/sibo-una-patologia-digestiva-cada-vez-mas-comun\/#webpage\"},\"wordCount\":501,\"publisher\":{\"@id\":\"https:\/\/www.hospitalsancarlos.es\/blog\/#organization\"},\"image\":{\"@id\":\"https:\/\/www.hospitalsancarlos.es\/blog\/actualidad\/sibo-una-patologia-digestiva-cada-vez-mas-comun\/#primaryimage\"},\"thumbnailUrl\":\"https:\/\/www.hospitalsancarlos.es\/blog\/wp-content\/uploads\/2023\/10\/Dra-Ana-Mayor.jpg\",\"articleSection\":[\"Actualidad\"],\"inLanguage\":\"es\"},{\"@type\":\"Person\",\"@id\":\"https:\/\/www.hospitalsancarlos.es\/blog\/#\/schema\/person\/c1d5250fead0465bd1f1bfbc6e72b67e\",\"name\":\"cpeiro\",\"image\":{\"@type\":\"ImageObject\",\"@id\":\"https:\/\/www.hospitalsancarlos.es\/blog\/#personlogo\",\"inLanguage\":\"es\",\"url\":\"https:\/\/secure.gravatar.com\/avatar\/ccda9b15179fd1fab596469501706a8d4ab328c17627e4cd9c5752f0efc1aaed?s=96&d=mm&r=g\",\"contentUrl\":\"https:\/\/secure.gravatar.com\/avatar\/ccda9b15179fd1fab596469501706a8d4ab328c17627e4cd9c5752f0efc1aaed?s=96&d=mm&r=g\",\"caption\":\"cpeiro\"}}]}<\/script>\n<!-- \/ Yoast SEO plugin. -->","yoast_head_json":{"title":"SIBO: una patolog\u00eda digestiva cada vez m\u00e1s com\u00fan - Hospital San Carlos","robots":{"index":"index","follow":"follow","max-snippet":"max-snippet:-1","max-image-preview":"max-image-preview:large","max-video-preview":"max-video-preview:-1"},"canonical":"https:\/\/www.hospitalsancarlos.es\/blog\/actualidad\/sibo-una-patologia-digestiva-cada-vez-mas-comun\/","og_locale":"es_ES","og_type":"article","og_title":"SIBO: una patolog\u00eda digestiva cada vez m\u00e1s com\u00fan - Hospital San Carlos","og_description":"Denia \u2013 23 de octubre de 2023. Las patolog\u00edas del sistema digestivo son enfermedades o trastornos con alta prevalencia y representan uno de los principales motivos en consulta en Atenci\u00f3n Primaria. Una patolog\u00eda cada&#46;&#46;&#46;","og_url":"https:\/\/www.hospitalsancarlos.es\/blog\/actualidad\/sibo-una-patologia-digestiva-cada-vez-mas-comun\/","og_site_name":"Hospital San Carlos","article_published_time":"2023-10-23T14:01:21+00:00","article_modified_time":"2023-10-23T14:01:41+00:00","og_image":[{"width":753,"height":480,"filesize":90129,"url":"https:\/\/www.hospitalsancarlos.es\/blog\/wp-content\/uploads\/2023\/10\/Dra-Ana-Mayor.jpg","path":"\/var\/www\/vhosts\/hospitalsancarlos.es\/httpdocs\/blog\/wp-content\/uploads\/2023\/10\/Dra-Ana-Mayor.jpg","size":"full","id":663,"alt":"","pixels":361440,"type":"image\/jpeg"}],"twitter_card":"summary_large_image","twitter_misc":{"Escrito por":"cpeiro","Tiempo de lectura":"2 minutos"},"schema":{"@context":"https:\/\/schema.org","@graph":[{"@type":"Organization","@id":"https:\/\/www.hospitalsancarlos.es\/blog\/#organization","name":"Hospital San Carlos","url":"https:\/\/www.hospitalsancarlos.es\/blog\/","sameAs":[],"logo":{"@type":"ImageObject","@id":"https:\/\/www.hospitalsancarlos.es\/blog\/#logo","inLanguage":"es","url":"https:\/\/www.hospitalsancarlos.es\/blog\/wp-content\/uploads\/2021\/09\/logo-sancarlos.png","contentUrl":"https:\/\/www.hospitalsancarlos.es\/blog\/wp-content\/uploads\/2021\/09\/logo-sancarlos.png","width":320,"height":52,"caption":"Hospital San Carlos"},"image":{"@id":"https:\/\/www.hospitalsancarlos.es\/blog\/#logo"}},{"@type":"WebSite","@id":"https:\/\/www.hospitalsancarlos.es\/blog\/#website","url":"https:\/\/www.hospitalsancarlos.es\/blog\/","name":"Hospital San Carlos","description":"Hospital en Denia referente en la Marina Alta","publisher":{"@id":"https:\/\/www.hospitalsancarlos.es\/blog\/#organization"},"potentialAction":[{"@type":"SearchAction","target":{"@type":"EntryPoint","urlTemplate":"https:\/\/www.hospitalsancarlos.es\/blog\/?s={search_term_string}"},"query-input":"required name=search_term_string"}],"inLanguage":"es"},{"@type":"ImageObject","@id":"https:\/\/www.hospitalsancarlos.es\/blog\/actualidad\/sibo-una-patologia-digestiva-cada-vez-mas-comun\/#primaryimage","inLanguage":"es","url":"https:\/\/www.hospitalsancarlos.es\/blog\/wp-content\/uploads\/2023\/10\/Dra-Ana-Mayor.jpg","contentUrl":"https:\/\/www.hospitalsancarlos.es\/blog\/wp-content\/uploads\/2023\/10\/Dra-Ana-Mayor.jpg","width":753,"height":480,"caption":"Dra. Ana Mayor, interista del Hospital San Carlos Denia"},{"@type":"WebPage","@id":"https:\/\/www.hospitalsancarlos.es\/blog\/actualidad\/sibo-una-patologia-digestiva-cada-vez-mas-comun\/#webpage","url":"https:\/\/www.hospitalsancarlos.es\/blog\/actualidad\/sibo-una-patologia-digestiva-cada-vez-mas-comun\/","name":"SIBO: una patolog\u00eda digestiva cada vez m\u00e1s com\u00fan - Hospital San Carlos","isPartOf":{"@id":"https:\/\/www.hospitalsancarlos.es\/blog\/#website"},"primaryImageOfPage":{"@id":"https:\/\/www.hospitalsancarlos.es\/blog\/actualidad\/sibo-una-patologia-digestiva-cada-vez-mas-comun\/#primaryimage"},"datePublished":"2023-10-23T14:01:21+00:00","dateModified":"2023-10-23T14:01:41+00:00","breadcrumb":{"@id":"https:\/\/www.hospitalsancarlos.es\/blog\/actualidad\/sibo-una-patologia-digestiva-cada-vez-mas-comun\/#breadcrumb"},"inLanguage":"es","potentialAction":[{"@type":"ReadAction","target":["https:\/\/www.hospitalsancarlos.es\/blog\/actualidad\/sibo-una-patologia-digestiva-cada-vez-mas-comun\/"]}]},{"@type":"BreadcrumbList","@id":"https:\/\/www.hospitalsancarlos.es\/blog\/actualidad\/sibo-una-patologia-digestiva-cada-vez-mas-comun\/#breadcrumb","itemListElement":[{"@type":"ListItem","position":1,"name":"Portada","item":"https:\/\/www.hospitalsancarlos.es\/blog\/"},{"@type":"ListItem","position":2,"name":"SIBO: una patolog\u00eda digestiva cada vez m\u00e1s com\u00fan"}]},{"@type":"Article","@id":"https:\/\/www.hospitalsancarlos.es\/blog\/actualidad\/sibo-una-patologia-digestiva-cada-vez-mas-comun\/#article","isPartOf":{"@id":"https:\/\/www.hospitalsancarlos.es\/blog\/actualidad\/sibo-una-patologia-digestiva-cada-vez-mas-comun\/#webpage"},"author":{"@id":"https:\/\/www.hospitalsancarlos.es\/blog\/#\/schema\/person\/c1d5250fead0465bd1f1bfbc6e72b67e"},"headline":"SIBO: una patolog\u00eda digestiva cada vez m\u00e1s com\u00fan","datePublished":"2023-10-23T14:01:21+00:00","dateModified":"2023-10-23T14:01:41+00:00","mainEntityOfPage":{"@id":"https:\/\/www.hospitalsancarlos.es\/blog\/actualidad\/sibo-una-patologia-digestiva-cada-vez-mas-comun\/#webpage"},"wordCount":501,"publisher":{"@id":"https:\/\/www.hospitalsancarlos.es\/blog\/#organization"},"image":{"@id":"https:\/\/www.hospitalsancarlos.es\/blog\/actualidad\/sibo-una-patologia-digestiva-cada-vez-mas-comun\/#primaryimage"},"thumbnailUrl":"https:\/\/www.hospitalsancarlos.es\/blog\/wp-content\/uploads\/2023\/10\/Dra-Ana-Mayor.jpg","articleSection":["Actualidad"],"inLanguage":"es"},{"@type":"Person","@id":"https:\/\/www.hospitalsancarlos.es\/blog\/#\/schema\/person\/c1d5250fead0465bd1f1bfbc6e72b67e","name":"cpeiro","image":{"@type":"ImageObject","@id":"https:\/\/www.hospitalsancarlos.es\/blog\/#personlogo","inLanguage":"es","url":"https:\/\/secure.gravatar.com\/avatar\/ccda9b15179fd1fab596469501706a8d4ab328c17627e4cd9c5752f0efc1aaed?s=96&d=mm&r=g","contentUrl":"https:\/\/secure.gravatar.com\/avatar\/ccda9b15179fd1fab596469501706a8d4ab328c17627e4cd9c5752f0efc1aaed?s=96&d=mm&r=g","caption":"cpeiro"}}]}},"_links":{"self":[{"href":"https:\/\/www.hospitalsancarlos.es\/blog\/wp-json\/wp\/v2\/posts\/662","targetHints":{"allow":["GET"]}}],"collection":[{"href":"https:\/\/www.hospitalsancarlos.es\/blog\/wp-json\/wp\/v2\/posts"}],"about":[{"href":"https:\/\/www.hospitalsancarlos.es\/blog\/wp-json\/wp\/v2\/types\/post"}],"author":[{"embeddable":true,"href":"https:\/\/www.hospitalsancarlos.es\/blog\/wp-json\/wp\/v2\/users\/2"}],"replies":[{"embeddable":true,"href":"https:\/\/www.hospitalsancarlos.es\/blog\/wp-json\/wp\/v2\/comments?post=662"}],"version-history":[{"count":2,"href":"https:\/\/www.hospitalsancarlos.es\/blog\/wp-json\/wp\/v2\/posts\/662\/revisions"}],"predecessor-version":[{"id":665,"href":"https:\/\/www.hospitalsancarlos.es\/blog\/wp-json\/wp\/v2\/posts\/662\/revisions\/665"}],"wp:featuredmedia":[{"embeddable":true,"href":"https:\/\/www.hospitalsancarlos.es\/blog\/wp-json\/wp\/v2\/media\/663"}],"wp:attachment":[{"href":"https:\/\/www.hospitalsancarlos.es\/blog\/wp-json\/wp\/v2\/media?parent=662"}],"wp:term":[{"taxonomy":"category","embeddable":true,"href":"https:\/\/www.hospitalsancarlos.es\/blog\/wp-json\/wp\/v2\/categories?post=662"},{"taxonomy":"post_tag","embeddable":true,"href":"https:\/\/www.hospitalsancarlos.es\/blog\/wp-json\/wp\/v2\/tags?post=662"}],"curies":[{"name":"wp","href":"https:\/\/api.w.org\/{rel}","templated":true}]}}