{"id":659,"date":"2023-10-18T10:51:20","date_gmt":"2023-10-18T09:51:20","guid":{"rendered":"https:\/\/www.hospitalsancarlos.es\/blog\/?p=659"},"modified":"2023-10-18T10:51:21","modified_gmt":"2023-10-18T09:51:21","slug":"la-directora-medica-del-hospital-san-carlos-de-denia-hace-entrega-de-las-gafas-de-sol-y-gorras-recogidas-en-la-campana-a-favor-de-las-personas-albinas-de-mozambique","status":"publish","type":"post","link":"https:\/\/www.hospitalsancarlos.es\/blog\/actualidad\/la-directora-medica-del-hospital-san-carlos-de-denia-hace-entrega-de-las-gafas-de-sol-y-gorras-recogidas-en-la-campana-a-favor-de-las-personas-albinas-de-mozambique\/","title":{"rendered":"La Directora M\u00e9dica del Hospital San Carlos de Denia hace entrega de las gafas de sol y gorras recogidas en la campa\u00f1a a favor de las personas albinas de Mozambique"},"content":{"rendered":"<div class=\"wp-block-image\">\n<figure class=\"aligncenter size-full\"><img loading=\"lazy\" decoding=\"async\" width=\"700\" height=\"447\" src=\"https:\/\/www.hospitalsancarlos.es\/blog\/wp-content\/uploads\/2023\/10\/recogida-mozambique.jpg\" alt=\"\" class=\"wp-image-660\" srcset=\"https:\/\/www.hospitalsancarlos.es\/blog\/wp-content\/uploads\/2023\/10\/recogida-mozambique.jpg 700w, https:\/\/www.hospitalsancarlos.es\/blog\/wp-content\/uploads\/2023\/10\/recogida-mozambique-300x192.jpg 300w\" sizes=\"auto, (max-width: 700px) 100vw, 700px\" \/><\/figure>\n<\/div>\n\n\n<p><strong>Denia \u2013 18\/10\/2023.<\/strong> La Dra. Patricia Iranzo, Directora M\u00e9dica del Hospital San Carlos de Denia ha hecho entrega a los dermat\u00f3logos, la Dra. Joana Crua\u00f1es y el Dr. Juan Monte, especialistas de este centro, en representaci\u00f3n de la ONG \u00c1frica Directo, de las gafas de sol y gorras recogidas en la campa\u00f1a que se organiz\u00f3 a favor de todas las personas albinas de Mozambique.<\/p>\n\n\n\n<p>El Hospital San Carlos de Denia quiere expresar su m\u00e1s sincero agradecimiento a todas las personas por la generosa donaci\u00f3n de gafas de sol y gorras. Hacer una menci\u00f3n especial a Oftalvist que tambi\u00e9n ha donado varios neceseres con gafas de sol y a todos los profesionales del hospital que tambi\u00e9n han colaborado en esta bonita iniciativa. La contribuci\u00f3n de toda la gente que ha participado en esta causa solidaria ha tenido un impacto importante. Las gafas de sol y gorras ser\u00e1n distribuidas de una manera significativa y ayudar\u00e1n a mejorar considerablemente la calidad de vida de estas personas. Estos art\u00edculos no s\u00f3lo brindar\u00e1n protecci\u00f3n contra los elementos, sino que tambi\u00e9n elevar\u00e1n el \u00e1nimo de quienes lo reciban.<\/p>\n\n\n\n<p><a><\/a> Los doctores, Joana Crua\u00f1es y Juan Monte, dirigen la Unidad de Dermatolog\u00eda Avanzada del Hospital San Carlos. Para el hospital ha sido muy gratificante ayudarles en esta iniciativa.<\/p>\n","protected":false},"excerpt":{"rendered":"<p>Denia \u2013 18\/10\/2023. La Dra. Patricia Iranzo, Directora M\u00e9dica del Hospital San Carlos de Denia ha hecho entrega a los dermat\u00f3logos, la Dra. Joana Crua\u00f1es y el Dr. Juan Monte, especialistas de este centro,&#46;&#46;&#46;<\/p>\n","protected":false},"author":2,"featured_media":660,"comment_status":"closed","ping_status":"closed","sticky":false,"template":"","format":"standard","meta":{"footnotes":""},"categories":[24],"tags":[],"class_list":["post-659","post","type-post","status-publish","format-standard","has-post-thumbnail","hentry","category-actualidad"],"yoast_head":"<!-- This site is optimized with the Yoast SEO plugin v17.2 - https:\/\/yoast.com\/wordpress\/plugins\/seo\/ -->\n<title>La Directora M\u00e9dica del Hospital San Carlos de Denia hace entrega de las gafas de sol y gorras recogidas en la campa\u00f1a a favor de las personas albinas de Mozambique - Hospital San Carlos<\/title>\n<meta name=\"robots\" content=\"index, follow, max-snippet:-1, max-image-preview:large, max-video-preview:-1\" \/>\n<link rel=\"canonical\" href=\"https:\/\/www.hospitalsancarlos.es\/blog\/neumologia\/la-directora-medica-del-hospital-san-carlos-de-denia-hace-entrega-de-las-gafas-de-sol-y-gorras-recogidas-en-la-campana-a-favor-de-las-personas-albinas-de-mozambique\/\" \/>\n<meta property=\"og:locale\" content=\"es_ES\" \/>\n<meta property=\"og:type\" content=\"article\" \/>\n<meta property=\"og:title\" content=\"La Directora M\u00e9dica del Hospital San Carlos de Denia hace entrega de las gafas de sol y gorras recogidas en la campa\u00f1a a favor de las personas albinas de Mozambique - Hospital San Carlos\" \/>\n<meta property=\"og:description\" content=\"Denia \u2013 18\/10\/2023. La Dra. Patricia Iranzo, Directora M\u00e9dica del Hospital San Carlos de Denia ha hecho entrega a los dermat\u00f3logos, la Dra. Joana Crua\u00f1es y el Dr. Juan Monte, especialistas de este centro,&#046;&#046;&#046;\" \/>\n<meta property=\"og:url\" content=\"https:\/\/www.hospitalsancarlos.es\/blog\/neumologia\/la-directora-medica-del-hospital-san-carlos-de-denia-hace-entrega-de-las-gafas-de-sol-y-gorras-recogidas-en-la-campana-a-favor-de-las-personas-albinas-de-mozambique\/\" \/>\n<meta property=\"og:site_name\" content=\"Hospital San Carlos\" \/>\n<meta property=\"article:published_time\" content=\"2023-10-18T09:51:20+00:00\" \/>\n<meta property=\"article:modified_time\" content=\"2023-10-18T09:51:21+00:00\" \/>\n<meta property=\"og:image\" content=\"https:\/\/www.hospitalsancarlos.es\/blog\/wp-content\/uploads\/2023\/10\/recogida-mozambique.jpg\" \/>\n<meta name=\"twitter:card\" content=\"summary_large_image\" \/>\n<meta name=\"twitter:label1\" content=\"Escrito por\" \/>\n\t<meta name=\"twitter:data1\" content=\"cpeiro\" \/>\n\t<meta name=\"twitter:label2\" content=\"Tiempo de lectura\" \/>\n\t<meta name=\"twitter:data2\" content=\"1 minuto\" \/>\n<script type=\"application\/ld+json\" class=\"yoast-schema-graph\">{\"@context\":\"https:\/\/schema.org\",\"@graph\":[{\"@type\":\"Organization\",\"@id\":\"https:\/\/www.hospitalsancarlos.es\/blog\/#organization\",\"name\":\"Hospital San Carlos\",\"url\":\"https:\/\/www.hospitalsancarlos.es\/blog\/\",\"sameAs\":[],\"logo\":{\"@type\":\"ImageObject\",\"@id\":\"https:\/\/www.hospitalsancarlos.es\/blog\/#logo\",\"inLanguage\":\"es\",\"url\":\"https:\/\/www.hospitalsancarlos.es\/blog\/wp-content\/uploads\/2021\/09\/logo-sancarlos.png\",\"contentUrl\":\"https:\/\/www.hospitalsancarlos.es\/blog\/wp-content\/uploads\/2021\/09\/logo-sancarlos.png\",\"width\":320,\"height\":52,\"caption\":\"Hospital San Carlos\"},\"image\":{\"@id\":\"https:\/\/www.hospitalsancarlos.es\/blog\/#logo\"}},{\"@type\":\"WebSite\",\"@id\":\"https:\/\/www.hospitalsancarlos.es\/blog\/#website\",\"url\":\"https:\/\/www.hospitalsancarlos.es\/blog\/\",\"name\":\"Hospital San Carlos\",\"description\":\"Hospital en Denia referente en la Marina Alta\",\"publisher\":{\"@id\":\"https:\/\/www.hospitalsancarlos.es\/blog\/#organization\"},\"potentialAction\":[{\"@type\":\"SearchAction\",\"target\":{\"@type\":\"EntryPoint\",\"urlTemplate\":\"https:\/\/www.hospitalsancarlos.es\/blog\/?s={search_term_string}\"},\"query-input\":\"required name=search_term_string\"}],\"inLanguage\":\"es\"},{\"@type\":\"ImageObject\",\"@id\":\"https:\/\/www.hospitalsancarlos.es\/blog\/neumologia\/la-directora-medica-del-hospital-san-carlos-de-denia-hace-entrega-de-las-gafas-de-sol-y-gorras-recogidas-en-la-campana-a-favor-de-las-personas-albinas-de-mozambique\/#primaryimage\",\"inLanguage\":\"es\",\"url\":\"https:\/\/www.hospitalsancarlos.es\/blog\/wp-content\/uploads\/2023\/10\/recogida-mozambique.jpg\",\"contentUrl\":\"https:\/\/www.hospitalsancarlos.es\/blog\/wp-content\/uploads\/2023\/10\/recogida-mozambique.jpg\",\"width\":700,\"height\":447},{\"@type\":\"WebPage\",\"@id\":\"https:\/\/www.hospitalsancarlos.es\/blog\/neumologia\/la-directora-medica-del-hospital-san-carlos-de-denia-hace-entrega-de-las-gafas-de-sol-y-gorras-recogidas-en-la-campana-a-favor-de-las-personas-albinas-de-mozambique\/#webpage\",\"url\":\"https:\/\/www.hospitalsancarlos.es\/blog\/neumologia\/la-directora-medica-del-hospital-san-carlos-de-denia-hace-entrega-de-las-gafas-de-sol-y-gorras-recogidas-en-la-campana-a-favor-de-las-personas-albinas-de-mozambique\/\",\"name\":\"La Directora M\\u00e9dica del Hospital San Carlos de Denia hace entrega de las gafas de sol y gorras recogidas en la campa\\u00f1a a favor de las personas albinas de Mozambique - Hospital San Carlos\",\"isPartOf\":{\"@id\":\"https:\/\/www.hospitalsancarlos.es\/blog\/#website\"},\"primaryImageOfPage\":{\"@id\":\"https:\/\/www.hospitalsancarlos.es\/blog\/neumologia\/la-directora-medica-del-hospital-san-carlos-de-denia-hace-entrega-de-las-gafas-de-sol-y-gorras-recogidas-en-la-campana-a-favor-de-las-personas-albinas-de-mozambique\/#primaryimage\"},\"datePublished\":\"2023-10-18T09:51:20+00:00\",\"dateModified\":\"2023-10-18T09:51:21+00:00\",\"breadcrumb\":{\"@id\":\"https:\/\/www.hospitalsancarlos.es\/blog\/neumologia\/la-directora-medica-del-hospital-san-carlos-de-denia-hace-entrega-de-las-gafas-de-sol-y-gorras-recogidas-en-la-campana-a-favor-de-las-personas-albinas-de-mozambique\/#breadcrumb\"},\"inLanguage\":\"es\",\"potentialAction\":[{\"@type\":\"ReadAction\",\"target\":[\"https:\/\/www.hospitalsancarlos.es\/blog\/neumologia\/la-directora-medica-del-hospital-san-carlos-de-denia-hace-entrega-de-las-gafas-de-sol-y-gorras-recogidas-en-la-campana-a-favor-de-las-personas-albinas-de-mozambique\/\"]}]},{\"@type\":\"BreadcrumbList\",\"@id\":\"https:\/\/www.hospitalsancarlos.es\/blog\/neumologia\/la-directora-medica-del-hospital-san-carlos-de-denia-hace-entrega-de-las-gafas-de-sol-y-gorras-recogidas-en-la-campana-a-favor-de-las-personas-albinas-de-mozambique\/#breadcrumb\",\"itemListElement\":[{\"@type\":\"ListItem\",\"position\":1,\"name\":\"Portada\",\"item\":\"https:\/\/www.hospitalsancarlos.es\/blog\/\"},{\"@type\":\"ListItem\",\"position\":2,\"name\":\"La Directora M\\u00e9dica del Hospital San Carlos de Denia hace entrega de las gafas de sol y gorras recogidas en la campa\\u00f1a a favor de las personas albinas de Mozambique\"}]},{\"@type\":\"Article\",\"@id\":\"https:\/\/www.hospitalsancarlos.es\/blog\/neumologia\/la-directora-medica-del-hospital-san-carlos-de-denia-hace-entrega-de-las-gafas-de-sol-y-gorras-recogidas-en-la-campana-a-favor-de-las-personas-albinas-de-mozambique\/#article\",\"isPartOf\":{\"@id\":\"https:\/\/www.hospitalsancarlos.es\/blog\/neumologia\/la-directora-medica-del-hospital-san-carlos-de-denia-hace-entrega-de-las-gafas-de-sol-y-gorras-recogidas-en-la-campana-a-favor-de-las-personas-albinas-de-mozambique\/#webpage\"},\"author\":{\"@id\":\"https:\/\/www.hospitalsancarlos.es\/blog\/#\/schema\/person\/c1d5250fead0465bd1f1bfbc6e72b67e\"},\"headline\":\"La Directora M\\u00e9dica del Hospital San Carlos de Denia hace entrega de las gafas de sol y gorras recogidas en la campa\\u00f1a a favor de las personas albinas de Mozambique\",\"datePublished\":\"2023-10-18T09:51:20+00:00\",\"dateModified\":\"2023-10-18T09:51:21+00:00\",\"mainEntityOfPage\":{\"@id\":\"https:\/\/www.hospitalsancarlos.es\/blog\/neumologia\/la-directora-medica-del-hospital-san-carlos-de-denia-hace-entrega-de-las-gafas-de-sol-y-gorras-recogidas-en-la-campana-a-favor-de-las-personas-albinas-de-mozambique\/#webpage\"},\"wordCount\":261,\"publisher\":{\"@id\":\"https:\/\/www.hospitalsancarlos.es\/blog\/#organization\"},\"image\":{\"@id\":\"https:\/\/www.hospitalsancarlos.es\/blog\/neumologia\/la-directora-medica-del-hospital-san-carlos-de-denia-hace-entrega-de-las-gafas-de-sol-y-gorras-recogidas-en-la-campana-a-favor-de-las-personas-albinas-de-mozambique\/#primaryimage\"},\"thumbnailUrl\":\"https:\/\/www.hospitalsancarlos.es\/blog\/wp-content\/uploads\/2023\/10\/recogida-mozambique.jpg\",\"articleSection\":[\"Actualidad\"],\"inLanguage\":\"es\"},{\"@type\":\"Person\",\"@id\":\"https:\/\/www.hospitalsancarlos.es\/blog\/#\/schema\/person\/c1d5250fead0465bd1f1bfbc6e72b67e\",\"name\":\"cpeiro\",\"image\":{\"@type\":\"ImageObject\",\"@id\":\"https:\/\/www.hospitalsancarlos.es\/blog\/#personlogo\",\"inLanguage\":\"es\",\"url\":\"https:\/\/secure.gravatar.com\/avatar\/ccda9b15179fd1fab596469501706a8d4ab328c17627e4cd9c5752f0efc1aaed?s=96&d=mm&r=g\",\"contentUrl\":\"https:\/\/secure.gravatar.com\/avatar\/ccda9b15179fd1fab596469501706a8d4ab328c17627e4cd9c5752f0efc1aaed?s=96&d=mm&r=g\",\"caption\":\"cpeiro\"}}]}<\/script>\n<!-- \/ Yoast SEO plugin. -->","yoast_head_json":{"title":"La Directora M\u00e9dica del Hospital San Carlos de Denia hace entrega de las gafas de sol y gorras recogidas en la campa\u00f1a a favor de las personas albinas de Mozambique - Hospital San Carlos","robots":{"index":"index","follow":"follow","max-snippet":"max-snippet:-1","max-image-preview":"max-image-preview:large","max-video-preview":"max-video-preview:-1"},"canonical":"https:\/\/www.hospitalsancarlos.es\/blog\/neumologia\/la-directora-medica-del-hospital-san-carlos-de-denia-hace-entrega-de-las-gafas-de-sol-y-gorras-recogidas-en-la-campana-a-favor-de-las-personas-albinas-de-mozambique\/","og_locale":"es_ES","og_type":"article","og_title":"La Directora M\u00e9dica del Hospital San Carlos de Denia hace entrega de las gafas de sol y gorras recogidas en la campa\u00f1a a favor de las personas albinas de Mozambique - Hospital San Carlos","og_description":"Denia \u2013 18\/10\/2023. La Dra. Patricia Iranzo, Directora M\u00e9dica del Hospital San Carlos de Denia ha hecho entrega a los dermat\u00f3logos, la Dra. Joana Crua\u00f1es y el Dr. Juan Monte, especialistas de este centro,&#46;&#46;&#46;","og_url":"https:\/\/www.hospitalsancarlos.es\/blog\/neumologia\/la-directora-medica-del-hospital-san-carlos-de-denia-hace-entrega-de-las-gafas-de-sol-y-gorras-recogidas-en-la-campana-a-favor-de-las-personas-albinas-de-mozambique\/","og_site_name":"Hospital San Carlos","article_published_time":"2023-10-18T09:51:20+00:00","article_modified_time":"2023-10-18T09:51:21+00:00","og_image":[{"url":"https:\/\/www.hospitalsancarlos.es\/blog\/wp-content\/uploads\/2023\/10\/recogida-mozambique.jpg"}],"twitter_card":"summary_large_image","twitter_misc":{"Escrito por":"cpeiro","Tiempo de lectura":"1 minuto"},"schema":{"@context":"https:\/\/schema.org","@graph":[{"@type":"Organization","@id":"https:\/\/www.hospitalsancarlos.es\/blog\/#organization","name":"Hospital San Carlos","url":"https:\/\/www.hospitalsancarlos.es\/blog\/","sameAs":[],"logo":{"@type":"ImageObject","@id":"https:\/\/www.hospitalsancarlos.es\/blog\/#logo","inLanguage":"es","url":"https:\/\/www.hospitalsancarlos.es\/blog\/wp-content\/uploads\/2021\/09\/logo-sancarlos.png","contentUrl":"https:\/\/www.hospitalsancarlos.es\/blog\/wp-content\/uploads\/2021\/09\/logo-sancarlos.png","width":320,"height":52,"caption":"Hospital San Carlos"},"image":{"@id":"https:\/\/www.hospitalsancarlos.es\/blog\/#logo"}},{"@type":"WebSite","@id":"https:\/\/www.hospitalsancarlos.es\/blog\/#website","url":"https:\/\/www.hospitalsancarlos.es\/blog\/","name":"Hospital San Carlos","description":"Hospital en Denia referente en la Marina Alta","publisher":{"@id":"https:\/\/www.hospitalsancarlos.es\/blog\/#organization"},"potentialAction":[{"@type":"SearchAction","target":{"@type":"EntryPoint","urlTemplate":"https:\/\/www.hospitalsancarlos.es\/blog\/?s={search_term_string}"},"query-input":"required name=search_term_string"}],"inLanguage":"es"},{"@type":"ImageObject","@id":"https:\/\/www.hospitalsancarlos.es\/blog\/neumologia\/la-directora-medica-del-hospital-san-carlos-de-denia-hace-entrega-de-las-gafas-de-sol-y-gorras-recogidas-en-la-campana-a-favor-de-las-personas-albinas-de-mozambique\/#primaryimage","inLanguage":"es","url":"https:\/\/www.hospitalsancarlos.es\/blog\/wp-content\/uploads\/2023\/10\/recogida-mozambique.jpg","contentUrl":"https:\/\/www.hospitalsancarlos.es\/blog\/wp-content\/uploads\/2023\/10\/recogida-mozambique.jpg","width":700,"height":447},{"@type":"WebPage","@id":"https:\/\/www.hospitalsancarlos.es\/blog\/neumologia\/la-directora-medica-del-hospital-san-carlos-de-denia-hace-entrega-de-las-gafas-de-sol-y-gorras-recogidas-en-la-campana-a-favor-de-las-personas-albinas-de-mozambique\/#webpage","url":"https:\/\/www.hospitalsancarlos.es\/blog\/neumologia\/la-directora-medica-del-hospital-san-carlos-de-denia-hace-entrega-de-las-gafas-de-sol-y-gorras-recogidas-en-la-campana-a-favor-de-las-personas-albinas-de-mozambique\/","name":"La Directora M\u00e9dica del Hospital San Carlos de Denia hace entrega de las gafas de sol y gorras recogidas en la campa\u00f1a a favor de las personas albinas de Mozambique - Hospital San Carlos","isPartOf":{"@id":"https:\/\/www.hospitalsancarlos.es\/blog\/#website"},"primaryImageOfPage":{"@id":"https:\/\/www.hospitalsancarlos.es\/blog\/neumologia\/la-directora-medica-del-hospital-san-carlos-de-denia-hace-entrega-de-las-gafas-de-sol-y-gorras-recogidas-en-la-campana-a-favor-de-las-personas-albinas-de-mozambique\/#primaryimage"},"datePublished":"2023-10-18T09:51:20+00:00","dateModified":"2023-10-18T09:51:21+00:00","breadcrumb":{"@id":"https:\/\/www.hospitalsancarlos.es\/blog\/neumologia\/la-directora-medica-del-hospital-san-carlos-de-denia-hace-entrega-de-las-gafas-de-sol-y-gorras-recogidas-en-la-campana-a-favor-de-las-personas-albinas-de-mozambique\/#breadcrumb"},"inLanguage":"es","potentialAction":[{"@type":"ReadAction","target":["https:\/\/www.hospitalsancarlos.es\/blog\/neumologia\/la-directora-medica-del-hospital-san-carlos-de-denia-hace-entrega-de-las-gafas-de-sol-y-gorras-recogidas-en-la-campana-a-favor-de-las-personas-albinas-de-mozambique\/"]}]},{"@type":"BreadcrumbList","@id":"https:\/\/www.hospitalsancarlos.es\/blog\/neumologia\/la-directora-medica-del-hospital-san-carlos-de-denia-hace-entrega-de-las-gafas-de-sol-y-gorras-recogidas-en-la-campana-a-favor-de-las-personas-albinas-de-mozambique\/#breadcrumb","itemListElement":[{"@type":"ListItem","position":1,"name":"Portada","item":"https:\/\/www.hospitalsancarlos.es\/blog\/"},{"@type":"ListItem","position":2,"name":"La Directora M\u00e9dica del Hospital San Carlos de Denia hace entrega de las gafas de sol y gorras recogidas en la campa\u00f1a a favor de las personas albinas de Mozambique"}]},{"@type":"Article","@id":"https:\/\/www.hospitalsancarlos.es\/blog\/neumologia\/la-directora-medica-del-hospital-san-carlos-de-denia-hace-entrega-de-las-gafas-de-sol-y-gorras-recogidas-en-la-campana-a-favor-de-las-personas-albinas-de-mozambique\/#article","isPartOf":{"@id":"https:\/\/www.hospitalsancarlos.es\/blog\/neumologia\/la-directora-medica-del-hospital-san-carlos-de-denia-hace-entrega-de-las-gafas-de-sol-y-gorras-recogidas-en-la-campana-a-favor-de-las-personas-albinas-de-mozambique\/#webpage"},"author":{"@id":"https:\/\/www.hospitalsancarlos.es\/blog\/#\/schema\/person\/c1d5250fead0465bd1f1bfbc6e72b67e"},"headline":"La Directora M\u00e9dica del Hospital San Carlos de Denia hace entrega de las gafas de sol y gorras recogidas en la campa\u00f1a a favor de las personas albinas de Mozambique","datePublished":"2023-10-18T09:51:20+00:00","dateModified":"2023-10-18T09:51:21+00:00","mainEntityOfPage":{"@id":"https:\/\/www.hospitalsancarlos.es\/blog\/neumologia\/la-directora-medica-del-hospital-san-carlos-de-denia-hace-entrega-de-las-gafas-de-sol-y-gorras-recogidas-en-la-campana-a-favor-de-las-personas-albinas-de-mozambique\/#webpage"},"wordCount":261,"publisher":{"@id":"https:\/\/www.hospitalsancarlos.es\/blog\/#organization"},"image":{"@id":"https:\/\/www.hospitalsancarlos.es\/blog\/neumologia\/la-directora-medica-del-hospital-san-carlos-de-denia-hace-entrega-de-las-gafas-de-sol-y-gorras-recogidas-en-la-campana-a-favor-de-las-personas-albinas-de-mozambique\/#primaryimage"},"thumbnailUrl":"https:\/\/www.hospitalsancarlos.es\/blog\/wp-content\/uploads\/2023\/10\/recogida-mozambique.jpg","articleSection":["Actualidad"],"inLanguage":"es"},{"@type":"Person","@id":"https:\/\/www.hospitalsancarlos.es\/blog\/#\/schema\/person\/c1d5250fead0465bd1f1bfbc6e72b67e","name":"cpeiro","image":{"@type":"ImageObject","@id":"https:\/\/www.hospitalsancarlos.es\/blog\/#personlogo","inLanguage":"es","url":"https:\/\/secure.gravatar.com\/avatar\/ccda9b15179fd1fab596469501706a8d4ab328c17627e4cd9c5752f0efc1aaed?s=96&d=mm&r=g","contentUrl":"https:\/\/secure.gravatar.com\/avatar\/ccda9b15179fd1fab596469501706a8d4ab328c17627e4cd9c5752f0efc1aaed?s=96&d=mm&r=g","caption":"cpeiro"}}]}},"_links":{"self":[{"href":"https:\/\/www.hospitalsancarlos.es\/blog\/wp-json\/wp\/v2\/posts\/659","targetHints":{"allow":["GET"]}}],"collection":[{"href":"https:\/\/www.hospitalsancarlos.es\/blog\/wp-json\/wp\/v2\/posts"}],"about":[{"href":"https:\/\/www.hospitalsancarlos.es\/blog\/wp-json\/wp\/v2\/types\/post"}],"author":[{"embeddable":true,"href":"https:\/\/www.hospitalsancarlos.es\/blog\/wp-json\/wp\/v2\/users\/2"}],"replies":[{"embeddable":true,"href":"https:\/\/www.hospitalsancarlos.es\/blog\/wp-json\/wp\/v2\/comments?post=659"}],"version-history":[{"count":1,"href":"https:\/\/www.hospitalsancarlos.es\/blog\/wp-json\/wp\/v2\/posts\/659\/revisions"}],"predecessor-version":[{"id":661,"href":"https:\/\/www.hospitalsancarlos.es\/blog\/wp-json\/wp\/v2\/posts\/659\/revisions\/661"}],"wp:featuredmedia":[{"embeddable":true,"href":"https:\/\/www.hospitalsancarlos.es\/blog\/wp-json\/wp\/v2\/media\/660"}],"wp:attachment":[{"href":"https:\/\/www.hospitalsancarlos.es\/blog\/wp-json\/wp\/v2\/media?parent=659"}],"wp:term":[{"taxonomy":"category","embeddable":true,"href":"https:\/\/www.hospitalsancarlos.es\/blog\/wp-json\/wp\/v2\/categories?post=659"},{"taxonomy":"post_tag","embeddable":true,"href":"https:\/\/www.hospitalsancarlos.es\/blog\/wp-json\/wp\/v2\/tags?post=659"}],"curies":[{"name":"wp","href":"https:\/\/api.w.org\/{rel}","templated":true}]}}