{"id":534,"date":"2023-04-20T15:27:32","date_gmt":"2023-04-20T14:27:32","guid":{"rendered":"https:\/\/www.hospitalsancarlos.es\/blog\/?p=534"},"modified":"2023-04-21T15:29:52","modified_gmt":"2023-04-21T14:29:52","slug":"la-guardia-civil-y-la-policia-nacional-de-la-marina-alta-participan-en-jornadas-de-rcp-y-manejo-de-desfibrilador","status":"publish","type":"post","link":"https:\/\/www.hospitalsancarlos.es\/blog\/actualidad\/la-guardia-civil-y-la-policia-nacional-de-la-marina-alta-participan-en-jornadas-de-rcp-y-manejo-de-desfibrilador\/","title":{"rendered":"La Guardia Civil y la Polic\u00eda Nacional de la Marina Alta participan en jornadas de RCP y manejo de desfibrilador"},"content":{"rendered":"<div class=\"wp-block-image\">\n<figure class=\"aligncenter size-full\"><img loading=\"lazy\" decoding=\"async\" width=\"700\" height=\"447\" src=\"https:\/\/www.hospitalsancarlos.es\/blog\/wp-content\/uploads\/2023\/04\/guardia-700.jpg\" alt=\"\" class=\"wp-image-535\" srcset=\"https:\/\/www.hospitalsancarlos.es\/blog\/wp-content\/uploads\/2023\/04\/guardia-700.jpg 700w, https:\/\/www.hospitalsancarlos.es\/blog\/wp-content\/uploads\/2023\/04\/guardia-700-300x192.jpg 300w\" sizes=\"auto, (max-width: 700px) 100vw, 700px\" \/><\/figure>\n<\/div>\n\n\n<ul class=\"wp-block-list\">\n<li><strong>Esta ma\u00f1ana, el Hospital San Carlos de D\u00e9nia ha realizado estas jornadas en Marina D\u00e9nia<\/strong><\/li>\n<\/ul>\n\n\n\n<p><em>Jueves, 20 de abril de 2023.-<\/em> Esta ma\u00f1ana, las instalaciones de Marina D\u00e9nia han acogido las jornadas de reanimaci\u00f3n cardio pulmonar y de manejo de desfibrilador, que el equipo del Hospital San Carlos de D\u00e9nia, ha realizado a la Guardia Civil y Polic\u00eda Nacional de la Marina Alta. \u00a0<\/p>\n\n\n\n<p>En marzo ya se hicieron estos talleres para la Polic\u00eda Local y hoy, los m\u00e1s de 40 agentes de Guardia Civil y Polic\u00eda Nacional se han formado sobre c\u00f3mo saber usar adecuadamente un equipo de desfibrilaci\u00f3n, como realizar una reanimaci\u00f3n cardio pulmonar y saber cu\u00e1les son los primeros pasos que seguir ante una situaci\u00f3n de emergencia.<\/p>\n\n\n\n<p>Los pr\u00f3ximos talleres se realizar\u00e1n para la ciudadan\u00eda en general, ya que son de gran utilidad para poder salvar la vida de cualquier persona que est\u00e9 en peligro de sufrir un infarto. Todos los talleres son gratuitos y se imparten en las instalaciones de Marina Denia por parte del equipo de anestesistas y reanimaci\u00f3n del Hospital San Carlos compuesto por los doctores Miguel Burguera, Ali Nassar, Pepe Di\u00e9guez y Carlos Garc\u00eda.<\/p>\n\n\n<div class=\"wp-block-image\">\n<figure class=\"aligncenter size-full\"><img loading=\"lazy\" decoding=\"async\" width=\"700\" height=\"447\" src=\"https:\/\/www.hospitalsancarlos.es\/blog\/wp-content\/uploads\/2023\/04\/policia-700.jpg\" alt=\"\" class=\"wp-image-536\" srcset=\"https:\/\/www.hospitalsancarlos.es\/blog\/wp-content\/uploads\/2023\/04\/policia-700.jpg 700w, https:\/\/www.hospitalsancarlos.es\/blog\/wp-content\/uploads\/2023\/04\/policia-700-300x192.jpg 300w\" sizes=\"auto, (max-width: 700px) 100vw, 700px\" \/><\/figure>\n<\/div>","protected":false},"excerpt":{"rendered":"<p>Jueves, 20 de abril de 2023.- Esta ma\u00f1ana, las instalaciones de Marina D\u00e9nia han acogido las jornadas de reanimaci\u00f3n cardio pulmonar y de manejo de desfibrilador, que el equipo del Hospital San Carlos de&#46;&#46;&#46;<\/p>\n","protected":false},"author":2,"featured_media":540,"comment_status":"closed","ping_status":"closed","sticky":false,"template":"","format":"standard","meta":{"footnotes":""},"categories":[24],"tags":[],"class_list":["post-534","post","type-post","status-publish","format-standard","has-post-thumbnail","hentry","category-actualidad"],"yoast_head":"<!-- This site is optimized with the Yoast SEO plugin v17.2 - https:\/\/yoast.com\/wordpress\/plugins\/seo\/ -->\n<title>La Guardia Civil y la Polic\u00eda Nacional de la Marina Alta participan en jornadas de RCP y manejo de desfibrilador - Hospital San Carlos<\/title>\n<meta name=\"robots\" content=\"index, follow, max-snippet:-1, max-image-preview:large, max-video-preview:-1\" \/>\n<link rel=\"canonical\" href=\"https:\/\/www.hospitalsancarlos.es\/blog\/actualidad\/la-guardia-civil-y-la-policia-nacional-de-la-marina-alta-participan-en-jornadas-de-rcp-y-manejo-de-desfibrilador\/\" \/>\n<meta property=\"og:locale\" content=\"es_ES\" \/>\n<meta property=\"og:type\" content=\"article\" \/>\n<meta property=\"og:title\" content=\"La Guardia Civil y la Polic\u00eda Nacional de la Marina Alta participan en jornadas de RCP y manejo de desfibrilador\" \/>\n<meta property=\"og:description\" content=\"Esta ma\u00f1ana, las instalaciones de Marina D\u00e9nia han acogido las jornadas de reanimaci\u00f3n cardio pulmonar y de manejo de desfibrilador, que el equipo del Hospital San Carlos de D\u00e9nia, ha realizado a la Guardia Civil y Polic\u00eda Nacional de la Marina Alta. \u00a0\" \/>\n<meta property=\"og:url\" content=\"https:\/\/www.hospitalsancarlos.es\/blog\/actualidad\/la-guardia-civil-y-la-policia-nacional-de-la-marina-alta-participan-en-jornadas-de-rcp-y-manejo-de-desfibrilador\/\" \/>\n<meta property=\"og:site_name\" content=\"Hospital San Carlos\" \/>\n<meta property=\"article:published_time\" content=\"2023-04-20T14:27:32+00:00\" \/>\n<meta property=\"article:modified_time\" content=\"2023-04-21T14:29:52+00:00\" \/>\n<meta property=\"og:image\" content=\"https:\/\/www.hospitalsancarlos.es\/blog\/wp-content\/uploads\/2023\/04\/guardia-web-1.jpg\" \/>\n\t<meta property=\"og:image:width\" content=\"1204\" \/>\n\t<meta property=\"og:image:height\" content=\"768\" \/>\n<meta name=\"twitter:card\" content=\"summary_large_image\" \/>\n<meta name=\"twitter:label1\" content=\"Escrito por\" \/>\n\t<meta name=\"twitter:data1\" content=\"cpeiro\" \/>\n\t<meta name=\"twitter:label2\" content=\"Tiempo de lectura\" \/>\n\t<meta name=\"twitter:data2\" content=\"1 minuto\" \/>\n<script type=\"application\/ld+json\" class=\"yoast-schema-graph\">{\"@context\":\"https:\/\/schema.org\",\"@graph\":[{\"@type\":\"Organization\",\"@id\":\"https:\/\/www.hospitalsancarlos.es\/blog\/#organization\",\"name\":\"Hospital San Carlos\",\"url\":\"https:\/\/www.hospitalsancarlos.es\/blog\/\",\"sameAs\":[],\"logo\":{\"@type\":\"ImageObject\",\"@id\":\"https:\/\/www.hospitalsancarlos.es\/blog\/#logo\",\"inLanguage\":\"es\",\"url\":\"https:\/\/www.hospitalsancarlos.es\/blog\/wp-content\/uploads\/2021\/09\/logo-sancarlos.png\",\"contentUrl\":\"https:\/\/www.hospitalsancarlos.es\/blog\/wp-content\/uploads\/2021\/09\/logo-sancarlos.png\",\"width\":320,\"height\":52,\"caption\":\"Hospital San Carlos\"},\"image\":{\"@id\":\"https:\/\/www.hospitalsancarlos.es\/blog\/#logo\"}},{\"@type\":\"WebSite\",\"@id\":\"https:\/\/www.hospitalsancarlos.es\/blog\/#website\",\"url\":\"https:\/\/www.hospitalsancarlos.es\/blog\/\",\"name\":\"Hospital San Carlos\",\"description\":\"Hospital en Denia referente en la Marina Alta\",\"publisher\":{\"@id\":\"https:\/\/www.hospitalsancarlos.es\/blog\/#organization\"},\"potentialAction\":[{\"@type\":\"SearchAction\",\"target\":{\"@type\":\"EntryPoint\",\"urlTemplate\":\"https:\/\/www.hospitalsancarlos.es\/blog\/?s={search_term_string}\"},\"query-input\":\"required name=search_term_string\"}],\"inLanguage\":\"es\"},{\"@type\":\"ImageObject\",\"@id\":\"https:\/\/www.hospitalsancarlos.es\/blog\/actualidad\/la-guardia-civil-y-la-policia-nacional-de-la-marina-alta-participan-en-jornadas-de-rcp-y-manejo-de-desfibrilador\/#primaryimage\",\"inLanguage\":\"es\",\"url\":\"https:\/\/www.hospitalsancarlos.es\/blog\/wp-content\/uploads\/2023\/04\/guardia-web-1.jpg\",\"contentUrl\":\"https:\/\/www.hospitalsancarlos.es\/blog\/wp-content\/uploads\/2023\/04\/guardia-web-1.jpg\",\"width\":1204,\"height\":768},{\"@type\":\"WebPage\",\"@id\":\"https:\/\/www.hospitalsancarlos.es\/blog\/actualidad\/la-guardia-civil-y-la-policia-nacional-de-la-marina-alta-participan-en-jornadas-de-rcp-y-manejo-de-desfibrilador\/#webpage\",\"url\":\"https:\/\/www.hospitalsancarlos.es\/blog\/actualidad\/la-guardia-civil-y-la-policia-nacional-de-la-marina-alta-participan-en-jornadas-de-rcp-y-manejo-de-desfibrilador\/\",\"name\":\"La Guardia Civil y la Polic\\u00eda Nacional de la Marina Alta participan en jornadas de RCP y manejo de desfibrilador - Hospital San Carlos\",\"isPartOf\":{\"@id\":\"https:\/\/www.hospitalsancarlos.es\/blog\/#website\"},\"primaryImageOfPage\":{\"@id\":\"https:\/\/www.hospitalsancarlos.es\/blog\/actualidad\/la-guardia-civil-y-la-policia-nacional-de-la-marina-alta-participan-en-jornadas-de-rcp-y-manejo-de-desfibrilador\/#primaryimage\"},\"datePublished\":\"2023-04-20T14:27:32+00:00\",\"dateModified\":\"2023-04-21T14:29:52+00:00\",\"breadcrumb\":{\"@id\":\"https:\/\/www.hospitalsancarlos.es\/blog\/actualidad\/la-guardia-civil-y-la-policia-nacional-de-la-marina-alta-participan-en-jornadas-de-rcp-y-manejo-de-desfibrilador\/#breadcrumb\"},\"inLanguage\":\"es\",\"potentialAction\":[{\"@type\":\"ReadAction\",\"target\":[\"https:\/\/www.hospitalsancarlos.es\/blog\/actualidad\/la-guardia-civil-y-la-policia-nacional-de-la-marina-alta-participan-en-jornadas-de-rcp-y-manejo-de-desfibrilador\/\"]}]},{\"@type\":\"BreadcrumbList\",\"@id\":\"https:\/\/www.hospitalsancarlos.es\/blog\/actualidad\/la-guardia-civil-y-la-policia-nacional-de-la-marina-alta-participan-en-jornadas-de-rcp-y-manejo-de-desfibrilador\/#breadcrumb\",\"itemListElement\":[{\"@type\":\"ListItem\",\"position\":1,\"name\":\"Portada\",\"item\":\"https:\/\/www.hospitalsancarlos.es\/blog\/\"},{\"@type\":\"ListItem\",\"position\":2,\"name\":\"La Guardia Civil y la Polic\\u00eda Nacional de la Marina Alta participan en jornadas de RCP y manejo de desfibrilador\"}]},{\"@type\":\"Article\",\"@id\":\"https:\/\/www.hospitalsancarlos.es\/blog\/actualidad\/la-guardia-civil-y-la-policia-nacional-de-la-marina-alta-participan-en-jornadas-de-rcp-y-manejo-de-desfibrilador\/#article\",\"isPartOf\":{\"@id\":\"https:\/\/www.hospitalsancarlos.es\/blog\/actualidad\/la-guardia-civil-y-la-policia-nacional-de-la-marina-alta-participan-en-jornadas-de-rcp-y-manejo-de-desfibrilador\/#webpage\"},\"author\":{\"@id\":\"https:\/\/www.hospitalsancarlos.es\/blog\/#\/schema\/person\/c1d5250fead0465bd1f1bfbc6e72b67e\"},\"headline\":\"La Guardia Civil y la Polic\\u00eda Nacional de la Marina Alta participan en jornadas de RCP y manejo de desfibrilador\",\"datePublished\":\"2023-04-20T14:27:32+00:00\",\"dateModified\":\"2023-04-21T14:29:52+00:00\",\"mainEntityOfPage\":{\"@id\":\"https:\/\/www.hospitalsancarlos.es\/blog\/actualidad\/la-guardia-civil-y-la-policia-nacional-de-la-marina-alta-participan-en-jornadas-de-rcp-y-manejo-de-desfibrilador\/#webpage\"},\"wordCount\":231,\"publisher\":{\"@id\":\"https:\/\/www.hospitalsancarlos.es\/blog\/#organization\"},\"image\":{\"@id\":\"https:\/\/www.hospitalsancarlos.es\/blog\/actualidad\/la-guardia-civil-y-la-policia-nacional-de-la-marina-alta-participan-en-jornadas-de-rcp-y-manejo-de-desfibrilador\/#primaryimage\"},\"thumbnailUrl\":\"https:\/\/www.hospitalsancarlos.es\/blog\/wp-content\/uploads\/2023\/04\/guardia-web-1.jpg\",\"articleSection\":[\"Actualidad\"],\"inLanguage\":\"es\"},{\"@type\":\"Person\",\"@id\":\"https:\/\/www.hospitalsancarlos.es\/blog\/#\/schema\/person\/c1d5250fead0465bd1f1bfbc6e72b67e\",\"name\":\"cpeiro\",\"image\":{\"@type\":\"ImageObject\",\"@id\":\"https:\/\/www.hospitalsancarlos.es\/blog\/#personlogo\",\"inLanguage\":\"es\",\"url\":\"https:\/\/secure.gravatar.com\/avatar\/ccda9b15179fd1fab596469501706a8d4ab328c17627e4cd9c5752f0efc1aaed?s=96&d=mm&r=g\",\"contentUrl\":\"https:\/\/secure.gravatar.com\/avatar\/ccda9b15179fd1fab596469501706a8d4ab328c17627e4cd9c5752f0efc1aaed?s=96&d=mm&r=g\",\"caption\":\"cpeiro\"}}]}<\/script>\n<!-- \/ Yoast SEO plugin. -->","yoast_head_json":{"title":"La Guardia Civil y la Polic\u00eda Nacional de la Marina Alta participan en jornadas de RCP y manejo de desfibrilador - Hospital San Carlos","robots":{"index":"index","follow":"follow","max-snippet":"max-snippet:-1","max-image-preview":"max-image-preview:large","max-video-preview":"max-video-preview:-1"},"canonical":"https:\/\/www.hospitalsancarlos.es\/blog\/actualidad\/la-guardia-civil-y-la-policia-nacional-de-la-marina-alta-participan-en-jornadas-de-rcp-y-manejo-de-desfibrilador\/","og_locale":"es_ES","og_type":"article","og_title":"La Guardia Civil y la Polic\u00eda Nacional de la Marina Alta participan en jornadas de RCP y manejo de desfibrilador","og_description":"Esta ma\u00f1ana, las instalaciones de Marina D\u00e9nia han acogido las jornadas de reanimaci\u00f3n cardio pulmonar y de manejo de desfibrilador, que el equipo del Hospital San Carlos de D\u00e9nia, ha realizado a la Guardia Civil y Polic\u00eda Nacional de la Marina Alta. \u00a0","og_url":"https:\/\/www.hospitalsancarlos.es\/blog\/actualidad\/la-guardia-civil-y-la-policia-nacional-de-la-marina-alta-participan-en-jornadas-de-rcp-y-manejo-de-desfibrilador\/","og_site_name":"Hospital San Carlos","article_published_time":"2023-04-20T14:27:32+00:00","article_modified_time":"2023-04-21T14:29:52+00:00","og_image":[{"width":1204,"height":768,"filesize":123377,"url":"https:\/\/www.hospitalsancarlos.es\/blog\/wp-content\/uploads\/2023\/04\/guardia-web-1.jpg","path":"\/var\/www\/vhosts\/hospitalsancarlos.es\/httpdocs\/blog\/wp-content\/uploads\/2023\/04\/guardia-web-1.jpg","size":"full","id":"540","alt":"","pixels":924672,"type":"image\/jpeg"}],"twitter_card":"summary_large_image","twitter_misc":{"Escrito por":"cpeiro","Tiempo de lectura":"1 minuto"},"schema":{"@context":"https:\/\/schema.org","@graph":[{"@type":"Organization","@id":"https:\/\/www.hospitalsancarlos.es\/blog\/#organization","name":"Hospital San Carlos","url":"https:\/\/www.hospitalsancarlos.es\/blog\/","sameAs":[],"logo":{"@type":"ImageObject","@id":"https:\/\/www.hospitalsancarlos.es\/blog\/#logo","inLanguage":"es","url":"https:\/\/www.hospitalsancarlos.es\/blog\/wp-content\/uploads\/2021\/09\/logo-sancarlos.png","contentUrl":"https:\/\/www.hospitalsancarlos.es\/blog\/wp-content\/uploads\/2021\/09\/logo-sancarlos.png","width":320,"height":52,"caption":"Hospital San Carlos"},"image":{"@id":"https:\/\/www.hospitalsancarlos.es\/blog\/#logo"}},{"@type":"WebSite","@id":"https:\/\/www.hospitalsancarlos.es\/blog\/#website","url":"https:\/\/www.hospitalsancarlos.es\/blog\/","name":"Hospital San Carlos","description":"Hospital en Denia referente en la Marina Alta","publisher":{"@id":"https:\/\/www.hospitalsancarlos.es\/blog\/#organization"},"potentialAction":[{"@type":"SearchAction","target":{"@type":"EntryPoint","urlTemplate":"https:\/\/www.hospitalsancarlos.es\/blog\/?s={search_term_string}"},"query-input":"required name=search_term_string"}],"inLanguage":"es"},{"@type":"ImageObject","@id":"https:\/\/www.hospitalsancarlos.es\/blog\/actualidad\/la-guardia-civil-y-la-policia-nacional-de-la-marina-alta-participan-en-jornadas-de-rcp-y-manejo-de-desfibrilador\/#primaryimage","inLanguage":"es","url":"https:\/\/www.hospitalsancarlos.es\/blog\/wp-content\/uploads\/2023\/04\/guardia-web-1.jpg","contentUrl":"https:\/\/www.hospitalsancarlos.es\/blog\/wp-content\/uploads\/2023\/04\/guardia-web-1.jpg","width":1204,"height":768},{"@type":"WebPage","@id":"https:\/\/www.hospitalsancarlos.es\/blog\/actualidad\/la-guardia-civil-y-la-policia-nacional-de-la-marina-alta-participan-en-jornadas-de-rcp-y-manejo-de-desfibrilador\/#webpage","url":"https:\/\/www.hospitalsancarlos.es\/blog\/actualidad\/la-guardia-civil-y-la-policia-nacional-de-la-marina-alta-participan-en-jornadas-de-rcp-y-manejo-de-desfibrilador\/","name":"La Guardia Civil y la Polic\u00eda Nacional de la Marina Alta participan en jornadas de RCP y manejo de desfibrilador - Hospital San Carlos","isPartOf":{"@id":"https:\/\/www.hospitalsancarlos.es\/blog\/#website"},"primaryImageOfPage":{"@id":"https:\/\/www.hospitalsancarlos.es\/blog\/actualidad\/la-guardia-civil-y-la-policia-nacional-de-la-marina-alta-participan-en-jornadas-de-rcp-y-manejo-de-desfibrilador\/#primaryimage"},"datePublished":"2023-04-20T14:27:32+00:00","dateModified":"2023-04-21T14:29:52+00:00","breadcrumb":{"@id":"https:\/\/www.hospitalsancarlos.es\/blog\/actualidad\/la-guardia-civil-y-la-policia-nacional-de-la-marina-alta-participan-en-jornadas-de-rcp-y-manejo-de-desfibrilador\/#breadcrumb"},"inLanguage":"es","potentialAction":[{"@type":"ReadAction","target":["https:\/\/www.hospitalsancarlos.es\/blog\/actualidad\/la-guardia-civil-y-la-policia-nacional-de-la-marina-alta-participan-en-jornadas-de-rcp-y-manejo-de-desfibrilador\/"]}]},{"@type":"BreadcrumbList","@id":"https:\/\/www.hospitalsancarlos.es\/blog\/actualidad\/la-guardia-civil-y-la-policia-nacional-de-la-marina-alta-participan-en-jornadas-de-rcp-y-manejo-de-desfibrilador\/#breadcrumb","itemListElement":[{"@type":"ListItem","position":1,"name":"Portada","item":"https:\/\/www.hospitalsancarlos.es\/blog\/"},{"@type":"ListItem","position":2,"name":"La Guardia Civil y la Polic\u00eda Nacional de la Marina Alta participan en jornadas de RCP y manejo de desfibrilador"}]},{"@type":"Article","@id":"https:\/\/www.hospitalsancarlos.es\/blog\/actualidad\/la-guardia-civil-y-la-policia-nacional-de-la-marina-alta-participan-en-jornadas-de-rcp-y-manejo-de-desfibrilador\/#article","isPartOf":{"@id":"https:\/\/www.hospitalsancarlos.es\/blog\/actualidad\/la-guardia-civil-y-la-policia-nacional-de-la-marina-alta-participan-en-jornadas-de-rcp-y-manejo-de-desfibrilador\/#webpage"},"author":{"@id":"https:\/\/www.hospitalsancarlos.es\/blog\/#\/schema\/person\/c1d5250fead0465bd1f1bfbc6e72b67e"},"headline":"La Guardia Civil y la Polic\u00eda Nacional de la Marina Alta participan en jornadas de RCP y manejo de desfibrilador","datePublished":"2023-04-20T14:27:32+00:00","dateModified":"2023-04-21T14:29:52+00:00","mainEntityOfPage":{"@id":"https:\/\/www.hospitalsancarlos.es\/blog\/actualidad\/la-guardia-civil-y-la-policia-nacional-de-la-marina-alta-participan-en-jornadas-de-rcp-y-manejo-de-desfibrilador\/#webpage"},"wordCount":231,"publisher":{"@id":"https:\/\/www.hospitalsancarlos.es\/blog\/#organization"},"image":{"@id":"https:\/\/www.hospitalsancarlos.es\/blog\/actualidad\/la-guardia-civil-y-la-policia-nacional-de-la-marina-alta-participan-en-jornadas-de-rcp-y-manejo-de-desfibrilador\/#primaryimage"},"thumbnailUrl":"https:\/\/www.hospitalsancarlos.es\/blog\/wp-content\/uploads\/2023\/04\/guardia-web-1.jpg","articleSection":["Actualidad"],"inLanguage":"es"},{"@type":"Person","@id":"https:\/\/www.hospitalsancarlos.es\/blog\/#\/schema\/person\/c1d5250fead0465bd1f1bfbc6e72b67e","name":"cpeiro","image":{"@type":"ImageObject","@id":"https:\/\/www.hospitalsancarlos.es\/blog\/#personlogo","inLanguage":"es","url":"https:\/\/secure.gravatar.com\/avatar\/ccda9b15179fd1fab596469501706a8d4ab328c17627e4cd9c5752f0efc1aaed?s=96&d=mm&r=g","contentUrl":"https:\/\/secure.gravatar.com\/avatar\/ccda9b15179fd1fab596469501706a8d4ab328c17627e4cd9c5752f0efc1aaed?s=96&d=mm&r=g","caption":"cpeiro"}}]}},"_links":{"self":[{"href":"https:\/\/www.hospitalsancarlos.es\/blog\/wp-json\/wp\/v2\/posts\/534","targetHints":{"allow":["GET"]}}],"collection":[{"href":"https:\/\/www.hospitalsancarlos.es\/blog\/wp-json\/wp\/v2\/posts"}],"about":[{"href":"https:\/\/www.hospitalsancarlos.es\/blog\/wp-json\/wp\/v2\/types\/post"}],"author":[{"embeddable":true,"href":"https:\/\/www.hospitalsancarlos.es\/blog\/wp-json\/wp\/v2\/users\/2"}],"replies":[{"embeddable":true,"href":"https:\/\/www.hospitalsancarlos.es\/blog\/wp-json\/wp\/v2\/comments?post=534"}],"version-history":[{"count":3,"href":"https:\/\/www.hospitalsancarlos.es\/blog\/wp-json\/wp\/v2\/posts\/534\/revisions"}],"predecessor-version":[{"id":543,"href":"https:\/\/www.hospitalsancarlos.es\/blog\/wp-json\/wp\/v2\/posts\/534\/revisions\/543"}],"wp:featuredmedia":[{"embeddable":true,"href":"https:\/\/www.hospitalsancarlos.es\/blog\/wp-json\/wp\/v2\/media\/540"}],"wp:attachment":[{"href":"https:\/\/www.hospitalsancarlos.es\/blog\/wp-json\/wp\/v2\/media?parent=534"}],"wp:term":[{"taxonomy":"category","embeddable":true,"href":"https:\/\/www.hospitalsancarlos.es\/blog\/wp-json\/wp\/v2\/categories?post=534"},{"taxonomy":"post_tag","embeddable":true,"href":"https:\/\/www.hospitalsancarlos.es\/blog\/wp-json\/wp\/v2\/tags?post=534"}],"curies":[{"name":"wp","href":"https:\/\/api.w.org\/{rel}","templated":true}]}}