{"id":524,"date":"2023-04-13T11:39:35","date_gmt":"2023-04-13T10:39:35","guid":{"rendered":"https:\/\/www.hospitalsancarlos.es\/blog\/?p=524"},"modified":"2023-04-13T11:39:36","modified_gmt":"2023-04-13T10:39:36","slug":"el-hospital-san-carlos-de-denia-incorpora-una-nueva-especialista-al-equipo-de-medicina-interna","status":"publish","type":"post","link":"https:\/\/www.hospitalsancarlos.es\/blog\/medicina-interna\/el-hospital-san-carlos-de-denia-incorpora-una-nueva-especialista-al-equipo-de-medicina-interna\/","title":{"rendered":"El Hospital San Carlos de Denia incorpora una nueva especialista al equipo de Medicina Interna"},"content":{"rendered":"<div class=\"wp-block-image\">\n<figure class=\"aligncenter size-full\"><img loading=\"lazy\" decoding=\"async\" width=\"700\" height=\"447\" src=\"https:\/\/www.hospitalsancarlos.es\/blog\/wp-content\/uploads\/2023\/04\/Ana-Mayor-700.jpg\" alt=\"\" class=\"wp-image-525\" srcset=\"https:\/\/www.hospitalsancarlos.es\/blog\/wp-content\/uploads\/2023\/04\/Ana-Mayor-700.jpg 700w, https:\/\/www.hospitalsancarlos.es\/blog\/wp-content\/uploads\/2023\/04\/Ana-Mayor-700-300x192.jpg 300w\" sizes=\"auto, (max-width: 700px) 100vw, 700px\" \/><\/figure>\n<\/div>\n\n\n<p>El Hospital San Carlos de Denia del Grupo HLA incorpora a la Dra. Ana Mayor P\u00e9rez al equipo de la Unidad de Medicina Interna compuesto por los Doctores David Va\u00f1o, Gisela Abataneo y Mayka Mafe. Con esta incorporaci\u00f3n se refuerza la atenci\u00f3n en el \u00e1rea de hospitalizaci\u00f3n y en consultas externas del centro.<\/p>\n\n\n\n<p>La Dra. Ana Mayor P\u00e9rez complet\u00f3 la especialidad de Medicina Interna en el a\u00f1o 2013 en el Hospital Marina Baixa, habiendo realizado estancias formativas en hospitales de relevancia nacional como el Hospital Vall d\u2019Ebron de Barcelona donde complet\u00f3 su formaci\u00f3n en enfermedades infecciosas, dedicando posteriormente parte de su tiempo a formarse en enfermedades tropicales en pa\u00edses como Etiop\u00eda, Chile e India.<\/p>\n\n\n\n<p>La Dra. Mayor destaca \u201c vivimos en una sociedad donde cada vez es m\u00e1s frecuente tener pacientes de avanzada edad, polimedicados, pluripatol\u00f3gicos as\u00ed como personas inmunodeprimidas por diferentes terapias biol\u00f3gicas como las reumatol\u00f3gicas, todo ello ha puesto de manifiesto la necesidad de tener equipos de internistas que representen el pilar fundamental del tratamiento del paciente en el hospital, la figura del hospitalista, como se nos conoce en Sudam\u00e9rica, siendo nuestra formaci\u00f3n la que nos permite una valoraci\u00f3n integral del estado de enfermedad del adulto ,y a la vez destacar\u00eda tambi\u00e9n que la pandemia de la COVID19, ha puesto en relevancia la Medicina Interna como pivote fundamental no solo dentro del hospital sino tambi\u00e9n para el mantenimiento de la salud del adulto, ya que es el internista el que tiene esta visi\u00f3n global que nos permite entender que ocurre en el cuerpo y como solucionarlo, cabr\u00eda esperar que el internista pueda ayudar tambi\u00e9n a los adultos sanos a conocer c\u00f3mo prevenir estados de enfermedad futura y con ello me refiero a controles de salud cardiovascular, manejo de la obesidad, estudio de los estados de inflamaci\u00f3n, estados de inmunosupresi\u00f3n; con todo esto me quiero referir a que no solo nos dedicamos a manejar enfermedades dif\u00edciles y complejas como las autoinmunes o las infecciosas, sino que el futuro de la Medicina Interna pasar\u00e1 por una medicina individualizada y de precisi\u00f3n que nos permita no solo curar al enfermo sino tambi\u00e9n conectar con el adulto sano a trav\u00e9s de la prevenci\u00f3n de salud\u201d<\/p>\n","protected":false},"excerpt":{"rendered":"<p>El Hospital San Carlos de Denia del Grupo HLA incorpora a la Dra. Ana Mayor P\u00e9rez al equipo de la Unidad de Medicina Interna compuesto por los Doctores David Va\u00f1o, Gisela Abataneo y Mayka&#46;&#46;&#46;<\/p>\n","protected":false},"author":2,"featured_media":0,"comment_status":"closed","ping_status":"closed","sticky":false,"template":"","format":"standard","meta":{"footnotes":""},"categories":[48],"tags":[],"class_list":["post-524","post","type-post","status-publish","format-standard","hentry","category-medicina-interna"],"yoast_head":"<!-- This site is optimized with the Yoast SEO plugin v17.2 - https:\/\/yoast.com\/wordpress\/plugins\/seo\/ -->\n<title>El Hospital San Carlos de Denia incorpora una nueva especialista al equipo de Medicina Interna - Hospital San Carlos<\/title>\n<meta name=\"robots\" content=\"index, follow, max-snippet:-1, max-image-preview:large, max-video-preview:-1\" \/>\n<link rel=\"canonical\" href=\"https:\/\/www.hospitalsancarlos.es\/blog\/medicina-interna\/el-hospital-san-carlos-de-denia-incorpora-una-nueva-especialista-al-equipo-de-medicina-interna\/\" \/>\n<meta property=\"og:locale\" content=\"es_ES\" \/>\n<meta property=\"og:type\" content=\"article\" \/>\n<meta property=\"og:title\" content=\"El Hospital San Carlos de Denia incorpora una nueva especialista al equipo de Medicina Interna\" \/>\n<meta property=\"og:description\" content=\"El Hospital San Carlos de Denia del Grupo HLA incorpora a la Dra. Ana Mayor P\u00e9rez al equipo de la Unidad de Medicina Interna compuesto por los Doctores David Va\u00f1o, Gisela Abataneo y Mayka Mafe. Con esta incorporaci\u00f3n se refuerza la atenci\u00f3n en el \u00e1rea de hospitalizaci\u00f3n y en consultas externas del centro.\" \/>\n<meta property=\"og:url\" content=\"https:\/\/www.hospitalsancarlos.es\/blog\/medicina-interna\/el-hospital-san-carlos-de-denia-incorpora-una-nueva-especialista-al-equipo-de-medicina-interna\/\" \/>\n<meta property=\"og:site_name\" content=\"Hospital San Carlos\" \/>\n<meta property=\"article:published_time\" content=\"2023-04-13T10:39:35+00:00\" \/>\n<meta property=\"article:modified_time\" content=\"2023-04-13T10:39:36+00:00\" \/>\n<meta property=\"og:image\" content=\"https:\/\/www.hospitalsancarlos.es\/blog\/wp-content\/uploads\/2023\/04\/Ana-Mayor.jpg\" \/>\n\t<meta property=\"og:image:width\" content=\"1204\" \/>\n\t<meta property=\"og:image:height\" content=\"768\" \/>\n<meta name=\"twitter:card\" content=\"summary_large_image\" \/>\n<meta name=\"twitter:label1\" content=\"Escrito por\" \/>\n\t<meta name=\"twitter:data1\" content=\"cpeiro\" \/>\n\t<meta name=\"twitter:label2\" content=\"Tiempo de lectura\" \/>\n\t<meta name=\"twitter:data2\" content=\"2 minutos\" \/>\n<script type=\"application\/ld+json\" class=\"yoast-schema-graph\">{\"@context\":\"https:\/\/schema.org\",\"@graph\":[{\"@type\":\"Organization\",\"@id\":\"https:\/\/www.hospitalsancarlos.es\/blog\/#organization\",\"name\":\"Hospital San Carlos\",\"url\":\"https:\/\/www.hospitalsancarlos.es\/blog\/\",\"sameAs\":[],\"logo\":{\"@type\":\"ImageObject\",\"@id\":\"https:\/\/www.hospitalsancarlos.es\/blog\/#logo\",\"inLanguage\":\"es\",\"url\":\"https:\/\/www.hospitalsancarlos.es\/blog\/wp-content\/uploads\/2021\/09\/logo-sancarlos.png\",\"contentUrl\":\"https:\/\/www.hospitalsancarlos.es\/blog\/wp-content\/uploads\/2021\/09\/logo-sancarlos.png\",\"width\":320,\"height\":52,\"caption\":\"Hospital San Carlos\"},\"image\":{\"@id\":\"https:\/\/www.hospitalsancarlos.es\/blog\/#logo\"}},{\"@type\":\"WebSite\",\"@id\":\"https:\/\/www.hospitalsancarlos.es\/blog\/#website\",\"url\":\"https:\/\/www.hospitalsancarlos.es\/blog\/\",\"name\":\"Hospital San Carlos\",\"description\":\"Hospital en Denia referente en la Marina Alta\",\"publisher\":{\"@id\":\"https:\/\/www.hospitalsancarlos.es\/blog\/#organization\"},\"potentialAction\":[{\"@type\":\"SearchAction\",\"target\":{\"@type\":\"EntryPoint\",\"urlTemplate\":\"https:\/\/www.hospitalsancarlos.es\/blog\/?s={search_term_string}\"},\"query-input\":\"required name=search_term_string\"}],\"inLanguage\":\"es\"},{\"@type\":\"ImageObject\",\"@id\":\"https:\/\/www.hospitalsancarlos.es\/blog\/medicina-interna\/el-hospital-san-carlos-de-denia-incorpora-una-nueva-especialista-al-equipo-de-medicina-interna\/#primaryimage\",\"inLanguage\":\"es\",\"url\":\"https:\/\/www.hospitalsancarlos.es\/blog\/wp-content\/uploads\/2023\/04\/Ana-Mayor.jpg\",\"contentUrl\":\"https:\/\/www.hospitalsancarlos.es\/blog\/wp-content\/uploads\/2023\/04\/Ana-Mayor.jpg\",\"width\":1204,\"height\":768},{\"@type\":\"WebPage\",\"@id\":\"https:\/\/www.hospitalsancarlos.es\/blog\/medicina-interna\/el-hospital-san-carlos-de-denia-incorpora-una-nueva-especialista-al-equipo-de-medicina-interna\/#webpage\",\"url\":\"https:\/\/www.hospitalsancarlos.es\/blog\/medicina-interna\/el-hospital-san-carlos-de-denia-incorpora-una-nueva-especialista-al-equipo-de-medicina-interna\/\",\"name\":\"El Hospital San Carlos de Denia incorpora una nueva especialista al equipo de Medicina Interna - Hospital San Carlos\",\"isPartOf\":{\"@id\":\"https:\/\/www.hospitalsancarlos.es\/blog\/#website\"},\"primaryImageOfPage\":{\"@id\":\"https:\/\/www.hospitalsancarlos.es\/blog\/medicina-interna\/el-hospital-san-carlos-de-denia-incorpora-una-nueva-especialista-al-equipo-de-medicina-interna\/#primaryimage\"},\"datePublished\":\"2023-04-13T10:39:35+00:00\",\"dateModified\":\"2023-04-13T10:39:36+00:00\",\"breadcrumb\":{\"@id\":\"https:\/\/www.hospitalsancarlos.es\/blog\/medicina-interna\/el-hospital-san-carlos-de-denia-incorpora-una-nueva-especialista-al-equipo-de-medicina-interna\/#breadcrumb\"},\"inLanguage\":\"es\",\"potentialAction\":[{\"@type\":\"ReadAction\",\"target\":[\"https:\/\/www.hospitalsancarlos.es\/blog\/medicina-interna\/el-hospital-san-carlos-de-denia-incorpora-una-nueva-especialista-al-equipo-de-medicina-interna\/\"]}]},{\"@type\":\"BreadcrumbList\",\"@id\":\"https:\/\/www.hospitalsancarlos.es\/blog\/medicina-interna\/el-hospital-san-carlos-de-denia-incorpora-una-nueva-especialista-al-equipo-de-medicina-interna\/#breadcrumb\",\"itemListElement\":[{\"@type\":\"ListItem\",\"position\":1,\"name\":\"Portada\",\"item\":\"https:\/\/www.hospitalsancarlos.es\/blog\/\"},{\"@type\":\"ListItem\",\"position\":2,\"name\":\"El Hospital San Carlos de Denia incorpora una nueva especialista al equipo de Medicina Interna\"}]},{\"@type\":\"Article\",\"@id\":\"https:\/\/www.hospitalsancarlos.es\/blog\/medicina-interna\/el-hospital-san-carlos-de-denia-incorpora-una-nueva-especialista-al-equipo-de-medicina-interna\/#article\",\"isPartOf\":{\"@id\":\"https:\/\/www.hospitalsancarlos.es\/blog\/medicina-interna\/el-hospital-san-carlos-de-denia-incorpora-una-nueva-especialista-al-equipo-de-medicina-interna\/#webpage\"},\"author\":{\"@id\":\"https:\/\/www.hospitalsancarlos.es\/blog\/#\/schema\/person\/c1d5250fead0465bd1f1bfbc6e72b67e\"},\"headline\":\"El Hospital San Carlos de Denia incorpora una nueva especialista al equipo de Medicina Interna\",\"datePublished\":\"2023-04-13T10:39:35+00:00\",\"dateModified\":\"2023-04-13T10:39:36+00:00\",\"mainEntityOfPage\":{\"@id\":\"https:\/\/www.hospitalsancarlos.es\/blog\/medicina-interna\/el-hospital-san-carlos-de-denia-incorpora-una-nueva-especialista-al-equipo-de-medicina-interna\/#webpage\"},\"wordCount\":408,\"publisher\":{\"@id\":\"https:\/\/www.hospitalsancarlos.es\/blog\/#organization\"},\"image\":{\"@id\":\"https:\/\/www.hospitalsancarlos.es\/blog\/medicina-interna\/el-hospital-san-carlos-de-denia-incorpora-una-nueva-especialista-al-equipo-de-medicina-interna\/#primaryimage\"},\"thumbnailUrl\":\"https:\/\/www.hospitalsancarlos.es\/blog\/wp-content\/uploads\/2023\/04\/Ana-Mayor-700.jpg\",\"articleSection\":[\"Medicina Interna\"],\"inLanguage\":\"es\"},{\"@type\":\"Person\",\"@id\":\"https:\/\/www.hospitalsancarlos.es\/blog\/#\/schema\/person\/c1d5250fead0465bd1f1bfbc6e72b67e\",\"name\":\"cpeiro\",\"image\":{\"@type\":\"ImageObject\",\"@id\":\"https:\/\/www.hospitalsancarlos.es\/blog\/#personlogo\",\"inLanguage\":\"es\",\"url\":\"https:\/\/secure.gravatar.com\/avatar\/ccda9b15179fd1fab596469501706a8d4ab328c17627e4cd9c5752f0efc1aaed?s=96&d=mm&r=g\",\"contentUrl\":\"https:\/\/secure.gravatar.com\/avatar\/ccda9b15179fd1fab596469501706a8d4ab328c17627e4cd9c5752f0efc1aaed?s=96&d=mm&r=g\",\"caption\":\"cpeiro\"}}]}<\/script>\n<!-- \/ Yoast SEO plugin. -->","yoast_head_json":{"title":"El Hospital San Carlos de Denia incorpora una nueva especialista al equipo de Medicina Interna - Hospital San Carlos","robots":{"index":"index","follow":"follow","max-snippet":"max-snippet:-1","max-image-preview":"max-image-preview:large","max-video-preview":"max-video-preview:-1"},"canonical":"https:\/\/www.hospitalsancarlos.es\/blog\/medicina-interna\/el-hospital-san-carlos-de-denia-incorpora-una-nueva-especialista-al-equipo-de-medicina-interna\/","og_locale":"es_ES","og_type":"article","og_title":"El Hospital San Carlos de Denia incorpora una nueva especialista al equipo de Medicina Interna","og_description":"El Hospital San Carlos de Denia del Grupo HLA incorpora a la Dra. Ana Mayor P\u00e9rez al equipo de la Unidad de Medicina Interna compuesto por los Doctores David Va\u00f1o, Gisela Abataneo y Mayka Mafe. Con esta incorporaci\u00f3n se refuerza la atenci\u00f3n en el \u00e1rea de hospitalizaci\u00f3n y en consultas externas del centro.","og_url":"https:\/\/www.hospitalsancarlos.es\/blog\/medicina-interna\/el-hospital-san-carlos-de-denia-incorpora-una-nueva-especialista-al-equipo-de-medicina-interna\/","og_site_name":"Hospital San Carlos","article_published_time":"2023-04-13T10:39:35+00:00","article_modified_time":"2023-04-13T10:39:36+00:00","og_image":[{"width":1204,"height":768,"filesize":96075,"url":"https:\/\/www.hospitalsancarlos.es\/blog\/wp-content\/uploads\/2023\/04\/Ana-Mayor.jpg","path":"\/var\/www\/vhosts\/hospitalsancarlos.es\/httpdocs\/blog\/wp-content\/uploads\/2023\/04\/Ana-Mayor.jpg","size":"full","id":"526","alt":"","pixels":924672,"type":"image\/jpeg"}],"twitter_card":"summary_large_image","twitter_misc":{"Escrito por":"cpeiro","Tiempo de lectura":"2 minutos"},"schema":{"@context":"https:\/\/schema.org","@graph":[{"@type":"Organization","@id":"https:\/\/www.hospitalsancarlos.es\/blog\/#organization","name":"Hospital San Carlos","url":"https:\/\/www.hospitalsancarlos.es\/blog\/","sameAs":[],"logo":{"@type":"ImageObject","@id":"https:\/\/www.hospitalsancarlos.es\/blog\/#logo","inLanguage":"es","url":"https:\/\/www.hospitalsancarlos.es\/blog\/wp-content\/uploads\/2021\/09\/logo-sancarlos.png","contentUrl":"https:\/\/www.hospitalsancarlos.es\/blog\/wp-content\/uploads\/2021\/09\/logo-sancarlos.png","width":320,"height":52,"caption":"Hospital San Carlos"},"image":{"@id":"https:\/\/www.hospitalsancarlos.es\/blog\/#logo"}},{"@type":"WebSite","@id":"https:\/\/www.hospitalsancarlos.es\/blog\/#website","url":"https:\/\/www.hospitalsancarlos.es\/blog\/","name":"Hospital San Carlos","description":"Hospital en Denia referente en la Marina Alta","publisher":{"@id":"https:\/\/www.hospitalsancarlos.es\/blog\/#organization"},"potentialAction":[{"@type":"SearchAction","target":{"@type":"EntryPoint","urlTemplate":"https:\/\/www.hospitalsancarlos.es\/blog\/?s={search_term_string}"},"query-input":"required name=search_term_string"}],"inLanguage":"es"},{"@type":"ImageObject","@id":"https:\/\/www.hospitalsancarlos.es\/blog\/medicina-interna\/el-hospital-san-carlos-de-denia-incorpora-una-nueva-especialista-al-equipo-de-medicina-interna\/#primaryimage","inLanguage":"es","url":"https:\/\/www.hospitalsancarlos.es\/blog\/wp-content\/uploads\/2023\/04\/Ana-Mayor.jpg","contentUrl":"https:\/\/www.hospitalsancarlos.es\/blog\/wp-content\/uploads\/2023\/04\/Ana-Mayor.jpg","width":1204,"height":768},{"@type":"WebPage","@id":"https:\/\/www.hospitalsancarlos.es\/blog\/medicina-interna\/el-hospital-san-carlos-de-denia-incorpora-una-nueva-especialista-al-equipo-de-medicina-interna\/#webpage","url":"https:\/\/www.hospitalsancarlos.es\/blog\/medicina-interna\/el-hospital-san-carlos-de-denia-incorpora-una-nueva-especialista-al-equipo-de-medicina-interna\/","name":"El Hospital San Carlos de Denia incorpora una nueva especialista al equipo de Medicina Interna - Hospital San Carlos","isPartOf":{"@id":"https:\/\/www.hospitalsancarlos.es\/blog\/#website"},"primaryImageOfPage":{"@id":"https:\/\/www.hospitalsancarlos.es\/blog\/medicina-interna\/el-hospital-san-carlos-de-denia-incorpora-una-nueva-especialista-al-equipo-de-medicina-interna\/#primaryimage"},"datePublished":"2023-04-13T10:39:35+00:00","dateModified":"2023-04-13T10:39:36+00:00","breadcrumb":{"@id":"https:\/\/www.hospitalsancarlos.es\/blog\/medicina-interna\/el-hospital-san-carlos-de-denia-incorpora-una-nueva-especialista-al-equipo-de-medicina-interna\/#breadcrumb"},"inLanguage":"es","potentialAction":[{"@type":"ReadAction","target":["https:\/\/www.hospitalsancarlos.es\/blog\/medicina-interna\/el-hospital-san-carlos-de-denia-incorpora-una-nueva-especialista-al-equipo-de-medicina-interna\/"]}]},{"@type":"BreadcrumbList","@id":"https:\/\/www.hospitalsancarlos.es\/blog\/medicina-interna\/el-hospital-san-carlos-de-denia-incorpora-una-nueva-especialista-al-equipo-de-medicina-interna\/#breadcrumb","itemListElement":[{"@type":"ListItem","position":1,"name":"Portada","item":"https:\/\/www.hospitalsancarlos.es\/blog\/"},{"@type":"ListItem","position":2,"name":"El Hospital San Carlos de Denia incorpora una nueva especialista al equipo de Medicina Interna"}]},{"@type":"Article","@id":"https:\/\/www.hospitalsancarlos.es\/blog\/medicina-interna\/el-hospital-san-carlos-de-denia-incorpora-una-nueva-especialista-al-equipo-de-medicina-interna\/#article","isPartOf":{"@id":"https:\/\/www.hospitalsancarlos.es\/blog\/medicina-interna\/el-hospital-san-carlos-de-denia-incorpora-una-nueva-especialista-al-equipo-de-medicina-interna\/#webpage"},"author":{"@id":"https:\/\/www.hospitalsancarlos.es\/blog\/#\/schema\/person\/c1d5250fead0465bd1f1bfbc6e72b67e"},"headline":"El Hospital San Carlos de Denia incorpora una nueva especialista al equipo de Medicina Interna","datePublished":"2023-04-13T10:39:35+00:00","dateModified":"2023-04-13T10:39:36+00:00","mainEntityOfPage":{"@id":"https:\/\/www.hospitalsancarlos.es\/blog\/medicina-interna\/el-hospital-san-carlos-de-denia-incorpora-una-nueva-especialista-al-equipo-de-medicina-interna\/#webpage"},"wordCount":408,"publisher":{"@id":"https:\/\/www.hospitalsancarlos.es\/blog\/#organization"},"image":{"@id":"https:\/\/www.hospitalsancarlos.es\/blog\/medicina-interna\/el-hospital-san-carlos-de-denia-incorpora-una-nueva-especialista-al-equipo-de-medicina-interna\/#primaryimage"},"thumbnailUrl":"https:\/\/www.hospitalsancarlos.es\/blog\/wp-content\/uploads\/2023\/04\/Ana-Mayor-700.jpg","articleSection":["Medicina Interna"],"inLanguage":"es"},{"@type":"Person","@id":"https:\/\/www.hospitalsancarlos.es\/blog\/#\/schema\/person\/c1d5250fead0465bd1f1bfbc6e72b67e","name":"cpeiro","image":{"@type":"ImageObject","@id":"https:\/\/www.hospitalsancarlos.es\/blog\/#personlogo","inLanguage":"es","url":"https:\/\/secure.gravatar.com\/avatar\/ccda9b15179fd1fab596469501706a8d4ab328c17627e4cd9c5752f0efc1aaed?s=96&d=mm&r=g","contentUrl":"https:\/\/secure.gravatar.com\/avatar\/ccda9b15179fd1fab596469501706a8d4ab328c17627e4cd9c5752f0efc1aaed?s=96&d=mm&r=g","caption":"cpeiro"}}]}},"_links":{"self":[{"href":"https:\/\/www.hospitalsancarlos.es\/blog\/wp-json\/wp\/v2\/posts\/524","targetHints":{"allow":["GET"]}}],"collection":[{"href":"https:\/\/www.hospitalsancarlos.es\/blog\/wp-json\/wp\/v2\/posts"}],"about":[{"href":"https:\/\/www.hospitalsancarlos.es\/blog\/wp-json\/wp\/v2\/types\/post"}],"author":[{"embeddable":true,"href":"https:\/\/www.hospitalsancarlos.es\/blog\/wp-json\/wp\/v2\/users\/2"}],"replies":[{"embeddable":true,"href":"https:\/\/www.hospitalsancarlos.es\/blog\/wp-json\/wp\/v2\/comments?post=524"}],"version-history":[{"count":1,"href":"https:\/\/www.hospitalsancarlos.es\/blog\/wp-json\/wp\/v2\/posts\/524\/revisions"}],"predecessor-version":[{"id":527,"href":"https:\/\/www.hospitalsancarlos.es\/blog\/wp-json\/wp\/v2\/posts\/524\/revisions\/527"}],"wp:attachment":[{"href":"https:\/\/www.hospitalsancarlos.es\/blog\/wp-json\/wp\/v2\/media?parent=524"}],"wp:term":[{"taxonomy":"category","embeddable":true,"href":"https:\/\/www.hospitalsancarlos.es\/blog\/wp-json\/wp\/v2\/categories?post=524"},{"taxonomy":"post_tag","embeddable":true,"href":"https:\/\/www.hospitalsancarlos.es\/blog\/wp-json\/wp\/v2\/tags?post=524"}],"curies":[{"name":"wp","href":"https:\/\/api.w.org\/{rel}","templated":true}]}}