{"id":512,"date":"2023-03-28T09:43:54","date_gmt":"2023-03-28T08:43:54","guid":{"rendered":"https:\/\/www.hospitalsancarlos.es\/blog\/?p=512"},"modified":"2023-04-13T11:40:34","modified_gmt":"2023-04-13T10:40:34","slug":"el-hospital-san-carlos-de-denia-refuerza-la-unidad-de-neurologia","status":"publish","type":"post","link":"https:\/\/www.hospitalsancarlos.es\/blog\/neurologia\/el-hospital-san-carlos-de-denia-refuerza-la-unidad-de-neurologia\/","title":{"rendered":"<strong>El hospital San Carlos de Denia refuerza la Unidad de Neurolog\u00eda<\/strong>"},"content":{"rendered":"\n<ul class=\"wp-block-list\">\n<li>El Dr. Ma\u00f1ez se incorpora al hospital dianense del Grupo HLA<\/li>\n<\/ul>\n\n\n<div class=\"wp-block-image\">\n<figure class=\"aligncenter size-full is-resized\"><img loading=\"lazy\" decoding=\"async\" src=\"https:\/\/www.hospitalsancarlos.es\/blog\/wp-content\/uploads\/2023\/03\/Neurologia-web.jpg\" alt=\"\" class=\"wp-image-514\" width=\"700\" height=\"447\" srcset=\"https:\/\/www.hospitalsancarlos.es\/blog\/wp-content\/uploads\/2023\/03\/Neurologia-web.jpg 700w, https:\/\/www.hospitalsancarlos.es\/blog\/wp-content\/uploads\/2023\/03\/Neurologia-web-300x192.jpg 300w\" sizes=\"auto, (max-width: 700px) 100vw, 700px\" \/><figcaption class=\"wp-element-caption\"> Dr. Jorge Ma\u00f1ez Mir\u00f3<\/figcaption><\/figure>\n<\/div>\n\n\n<p><strong>Denia \u2013 28 de marzo de 2023<\/strong>. El Hospital San Carlos de Denia del Grupo HLA ha incorporado al Dr. Jorge Ma\u00f1ez Mir\u00f3 al equipo de Neurolog\u00eda junto a la Dra. Carolina Guill\u00e9n, con el objetivo de reforzar y hacer frente a la gran demanda de esta especialidad.<\/p>\n\n\n\n<p>El Dr. Ma\u00f1ez Mir\u00f3, complet\u00f3 la especialidad de Neurolog\u00eda en el a\u00f1o 2.016 en el Hospital La Paz de Madrid tras licenciarse en Medicina en la Universidad de Valencia en el a\u00f1o 2.011. Destaca su especialidad inter\u00e9s y formaci\u00f3n espec\u00edfica bajo la tutela de expertos de referencia mundial en la enfermedad de Parkinson y los procesos neurodegenerativos.<\/p>\n\n\n\n<p>En palabras del Dr. Jorge Ma\u00f1ez Mir\u00f3, \u201cla neurolog\u00eda es quiz\u00e1s la especialidad con mayor desarrollo en los \u00faltimos treinta a\u00f1os. Cada vez conocemos mejor el sistema nervioso y las enfermedades que lo afectan y lo que es m\u00e1s importante, van apareciendo nuevos tratamientos que mejoran los s\u00edntomas y la calidad de vida. Muchas personas j\u00f3venes o de mediana edad asumen sus dolores de cabeza como algo natural y nunca han consultado por ello, cuando puede que sean migra\u00f1as y se puedan beneficiar de nuevas terapias. Esto es m\u00e1s importante si cabe con nuestros mayores ya que los problemas de memoria o la dificultad para caminar no forman parte del envejecimiento natural y deben ser estudiados. Con frecuencia no hay todav\u00eda f\u00e1rmacos eficaces, pero en otros casos como en la enfermedad del Parkinson, el tratamiento \u00f3ptimo mejora mucho la vida de los pacientes. Es importante diagnosticar con la mayor precisi\u00f3n posible, adem\u00e1s de aliviar y acompa\u00f1ar a pacientes y familiares. La demencia o el parkinsonismo senil no existen y no deber\u00edamos conformarnos con estas etiquetas propias de otros tiempos\u201d.<\/p>\n\n\n\n<p>El Hospital San Carlos sigue creciendo para dar el mejor servicio a sus pacientes.<\/p>\n","protected":false},"excerpt":{"rendered":"<p>Denia \u2013 28 de marzo de 2023. El Hospital San Carlos de Denia del Grupo HLA ha incorporado al Dr. Jorge Ma\u00f1ez Mir\u00f3 al equipo de Neurolog\u00eda junto a la Dra. Carolina Guill\u00e9n, con&#46;&#46;&#46;<\/p>\n","protected":false},"author":2,"featured_media":513,"comment_status":"closed","ping_status":"closed","sticky":false,"template":"","format":"standard","meta":{"footnotes":""},"categories":[35],"tags":[],"class_list":["post-512","post","type-post","status-publish","format-standard","has-post-thumbnail","hentry","category-neurologia"],"yoast_head":"<!-- This site is optimized with the Yoast SEO plugin v17.2 - https:\/\/yoast.com\/wordpress\/plugins\/seo\/ -->\n<title>El hospital San Carlos de Denia refuerza la Unidad de Neurolog\u00eda - Hospital San Carlos<\/title>\n<meta name=\"robots\" content=\"index, follow, max-snippet:-1, max-image-preview:large, max-video-preview:-1\" \/>\n<link rel=\"canonical\" href=\"https:\/\/www.hospitalsancarlos.es\/blog\/neurologia\/el-hospital-san-carlos-de-denia-refuerza-la-unidad-de-neurologia\/\" \/>\n<meta property=\"og:locale\" content=\"es_ES\" \/>\n<meta property=\"og:type\" content=\"article\" \/>\n<meta property=\"og:title\" content=\"El hospital San Carlos de Denia refuerza la Unidad de Neurolog\u00eda - Hospital San Carlos\" \/>\n<meta property=\"og:description\" content=\"Denia \u2013 28 de marzo de 2023. El Hospital San Carlos de Denia del Grupo HLA ha incorporado al Dr. Jorge Ma\u00f1ez Mir\u00f3 al equipo de Neurolog\u00eda junto a la Dra. Carolina Guill\u00e9n, con&#046;&#046;&#046;\" \/>\n<meta property=\"og:url\" content=\"https:\/\/www.hospitalsancarlos.es\/blog\/neurologia\/el-hospital-san-carlos-de-denia-refuerza-la-unidad-de-neurologia\/\" \/>\n<meta property=\"og:site_name\" content=\"Hospital San Carlos\" \/>\n<meta property=\"article:published_time\" content=\"2023-03-28T08:43:54+00:00\" \/>\n<meta property=\"article:modified_time\" content=\"2023-04-13T10:40:34+00:00\" \/>\n<meta property=\"og:image\" content=\"https:\/\/www.hospitalsancarlos.es\/blog\/wp-content\/uploads\/2023\/03\/Neurologia.jpg\" \/>\n\t<meta property=\"og:image:width\" content=\"1204\" \/>\n\t<meta property=\"og:image:height\" content=\"768\" \/>\n<meta name=\"twitter:card\" content=\"summary_large_image\" \/>\n<meta name=\"twitter:label1\" content=\"Escrito por\" \/>\n\t<meta name=\"twitter:data1\" content=\"cpeiro\" \/>\n\t<meta name=\"twitter:label2\" content=\"Tiempo de lectura\" \/>\n\t<meta name=\"twitter:data2\" content=\"2 minutos\" \/>\n<script type=\"application\/ld+json\" class=\"yoast-schema-graph\">{\"@context\":\"https:\/\/schema.org\",\"@graph\":[{\"@type\":\"Organization\",\"@id\":\"https:\/\/www.hospitalsancarlos.es\/blog\/#organization\",\"name\":\"Hospital San Carlos\",\"url\":\"https:\/\/www.hospitalsancarlos.es\/blog\/\",\"sameAs\":[],\"logo\":{\"@type\":\"ImageObject\",\"@id\":\"https:\/\/www.hospitalsancarlos.es\/blog\/#logo\",\"inLanguage\":\"es\",\"url\":\"https:\/\/www.hospitalsancarlos.es\/blog\/wp-content\/uploads\/2021\/09\/logo-sancarlos.png\",\"contentUrl\":\"https:\/\/www.hospitalsancarlos.es\/blog\/wp-content\/uploads\/2021\/09\/logo-sancarlos.png\",\"width\":320,\"height\":52,\"caption\":\"Hospital San Carlos\"},\"image\":{\"@id\":\"https:\/\/www.hospitalsancarlos.es\/blog\/#logo\"}},{\"@type\":\"WebSite\",\"@id\":\"https:\/\/www.hospitalsancarlos.es\/blog\/#website\",\"url\":\"https:\/\/www.hospitalsancarlos.es\/blog\/\",\"name\":\"Hospital San Carlos\",\"description\":\"Hospital en Denia referente en la Marina Alta\",\"publisher\":{\"@id\":\"https:\/\/www.hospitalsancarlos.es\/blog\/#organization\"},\"potentialAction\":[{\"@type\":\"SearchAction\",\"target\":{\"@type\":\"EntryPoint\",\"urlTemplate\":\"https:\/\/www.hospitalsancarlos.es\/blog\/?s={search_term_string}\"},\"query-input\":\"required name=search_term_string\"}],\"inLanguage\":\"es\"},{\"@type\":\"ImageObject\",\"@id\":\"https:\/\/www.hospitalsancarlos.es\/blog\/neurologia\/el-hospital-san-carlos-de-denia-refuerza-la-unidad-de-neurologia\/#primaryimage\",\"inLanguage\":\"es\",\"url\":\"https:\/\/www.hospitalsancarlos.es\/blog\/wp-content\/uploads\/2023\/03\/Neurologia.jpg\",\"contentUrl\":\"https:\/\/www.hospitalsancarlos.es\/blog\/wp-content\/uploads\/2023\/03\/Neurologia.jpg\",\"width\":1204,\"height\":768,\"caption\":\"Dr. Ma\\u00f1ez\"},{\"@type\":\"WebPage\",\"@id\":\"https:\/\/www.hospitalsancarlos.es\/blog\/neurologia\/el-hospital-san-carlos-de-denia-refuerza-la-unidad-de-neurologia\/#webpage\",\"url\":\"https:\/\/www.hospitalsancarlos.es\/blog\/neurologia\/el-hospital-san-carlos-de-denia-refuerza-la-unidad-de-neurologia\/\",\"name\":\"El hospital San Carlos de Denia refuerza la Unidad de Neurolog\\u00eda - Hospital San Carlos\",\"isPartOf\":{\"@id\":\"https:\/\/www.hospitalsancarlos.es\/blog\/#website\"},\"primaryImageOfPage\":{\"@id\":\"https:\/\/www.hospitalsancarlos.es\/blog\/neurologia\/el-hospital-san-carlos-de-denia-refuerza-la-unidad-de-neurologia\/#primaryimage\"},\"datePublished\":\"2023-03-28T08:43:54+00:00\",\"dateModified\":\"2023-04-13T10:40:34+00:00\",\"breadcrumb\":{\"@id\":\"https:\/\/www.hospitalsancarlos.es\/blog\/neurologia\/el-hospital-san-carlos-de-denia-refuerza-la-unidad-de-neurologia\/#breadcrumb\"},\"inLanguage\":\"es\",\"potentialAction\":[{\"@type\":\"ReadAction\",\"target\":[\"https:\/\/www.hospitalsancarlos.es\/blog\/neurologia\/el-hospital-san-carlos-de-denia-refuerza-la-unidad-de-neurologia\/\"]}]},{\"@type\":\"BreadcrumbList\",\"@id\":\"https:\/\/www.hospitalsancarlos.es\/blog\/neurologia\/el-hospital-san-carlos-de-denia-refuerza-la-unidad-de-neurologia\/#breadcrumb\",\"itemListElement\":[{\"@type\":\"ListItem\",\"position\":1,\"name\":\"Portada\",\"item\":\"https:\/\/www.hospitalsancarlos.es\/blog\/\"},{\"@type\":\"ListItem\",\"position\":2,\"name\":\"El hospital San Carlos de Denia refuerza la Unidad de Neurolog\\u00eda\"}]},{\"@type\":\"Article\",\"@id\":\"https:\/\/www.hospitalsancarlos.es\/blog\/neurologia\/el-hospital-san-carlos-de-denia-refuerza-la-unidad-de-neurologia\/#article\",\"isPartOf\":{\"@id\":\"https:\/\/www.hospitalsancarlos.es\/blog\/neurologia\/el-hospital-san-carlos-de-denia-refuerza-la-unidad-de-neurologia\/#webpage\"},\"author\":{\"@id\":\"https:\/\/www.hospitalsancarlos.es\/blog\/#\/schema\/person\/c1d5250fead0465bd1f1bfbc6e72b67e\"},\"headline\":\"El hospital San Carlos de Denia refuerza la Unidad de Neurolog\\u00eda\",\"datePublished\":\"2023-03-28T08:43:54+00:00\",\"dateModified\":\"2023-04-13T10:40:34+00:00\",\"mainEntityOfPage\":{\"@id\":\"https:\/\/www.hospitalsancarlos.es\/blog\/neurologia\/el-hospital-san-carlos-de-denia-refuerza-la-unidad-de-neurologia\/#webpage\"},\"wordCount\":347,\"publisher\":{\"@id\":\"https:\/\/www.hospitalsancarlos.es\/blog\/#organization\"},\"image\":{\"@id\":\"https:\/\/www.hospitalsancarlos.es\/blog\/neurologia\/el-hospital-san-carlos-de-denia-refuerza-la-unidad-de-neurologia\/#primaryimage\"},\"thumbnailUrl\":\"https:\/\/www.hospitalsancarlos.es\/blog\/wp-content\/uploads\/2023\/03\/Neurologia.jpg\",\"articleSection\":[\"Neurolog\\u00eda\"],\"inLanguage\":\"es\"},{\"@type\":\"Person\",\"@id\":\"https:\/\/www.hospitalsancarlos.es\/blog\/#\/schema\/person\/c1d5250fead0465bd1f1bfbc6e72b67e\",\"name\":\"cpeiro\",\"image\":{\"@type\":\"ImageObject\",\"@id\":\"https:\/\/www.hospitalsancarlos.es\/blog\/#personlogo\",\"inLanguage\":\"es\",\"url\":\"https:\/\/secure.gravatar.com\/avatar\/ccda9b15179fd1fab596469501706a8d4ab328c17627e4cd9c5752f0efc1aaed?s=96&d=mm&r=g\",\"contentUrl\":\"https:\/\/secure.gravatar.com\/avatar\/ccda9b15179fd1fab596469501706a8d4ab328c17627e4cd9c5752f0efc1aaed?s=96&d=mm&r=g\",\"caption\":\"cpeiro\"}}]}<\/script>\n<!-- \/ Yoast SEO plugin. -->","yoast_head_json":{"title":"El hospital San Carlos de Denia refuerza la Unidad de Neurolog\u00eda - Hospital San Carlos","robots":{"index":"index","follow":"follow","max-snippet":"max-snippet:-1","max-image-preview":"max-image-preview:large","max-video-preview":"max-video-preview:-1"},"canonical":"https:\/\/www.hospitalsancarlos.es\/blog\/neurologia\/el-hospital-san-carlos-de-denia-refuerza-la-unidad-de-neurologia\/","og_locale":"es_ES","og_type":"article","og_title":"El hospital San Carlos de Denia refuerza la Unidad de Neurolog\u00eda - Hospital San Carlos","og_description":"Denia \u2013 28 de marzo de 2023. El Hospital San Carlos de Denia del Grupo HLA ha incorporado al Dr. Jorge Ma\u00f1ez Mir\u00f3 al equipo de Neurolog\u00eda junto a la Dra. Carolina Guill\u00e9n, con&#46;&#46;&#46;","og_url":"https:\/\/www.hospitalsancarlos.es\/blog\/neurologia\/el-hospital-san-carlos-de-denia-refuerza-la-unidad-de-neurologia\/","og_site_name":"Hospital San Carlos","article_published_time":"2023-03-28T08:43:54+00:00","article_modified_time":"2023-04-13T10:40:34+00:00","og_image":[{"width":1204,"height":768,"filesize":93175,"url":"https:\/\/www.hospitalsancarlos.es\/blog\/wp-content\/uploads\/2023\/03\/Neurologia.jpg","path":"\/var\/www\/vhosts\/hospitalsancarlos.es\/httpdocs\/blog\/wp-content\/uploads\/2023\/03\/Neurologia.jpg","size":"full","id":513,"alt":"Dr. Ma\u00f1ez","pixels":924672,"type":"image\/jpeg"}],"twitter_card":"summary_large_image","twitter_misc":{"Escrito por":"cpeiro","Tiempo de lectura":"2 minutos"},"schema":{"@context":"https:\/\/schema.org","@graph":[{"@type":"Organization","@id":"https:\/\/www.hospitalsancarlos.es\/blog\/#organization","name":"Hospital San Carlos","url":"https:\/\/www.hospitalsancarlos.es\/blog\/","sameAs":[],"logo":{"@type":"ImageObject","@id":"https:\/\/www.hospitalsancarlos.es\/blog\/#logo","inLanguage":"es","url":"https:\/\/www.hospitalsancarlos.es\/blog\/wp-content\/uploads\/2021\/09\/logo-sancarlos.png","contentUrl":"https:\/\/www.hospitalsancarlos.es\/blog\/wp-content\/uploads\/2021\/09\/logo-sancarlos.png","width":320,"height":52,"caption":"Hospital San Carlos"},"image":{"@id":"https:\/\/www.hospitalsancarlos.es\/blog\/#logo"}},{"@type":"WebSite","@id":"https:\/\/www.hospitalsancarlos.es\/blog\/#website","url":"https:\/\/www.hospitalsancarlos.es\/blog\/","name":"Hospital San Carlos","description":"Hospital en Denia referente en la Marina Alta","publisher":{"@id":"https:\/\/www.hospitalsancarlos.es\/blog\/#organization"},"potentialAction":[{"@type":"SearchAction","target":{"@type":"EntryPoint","urlTemplate":"https:\/\/www.hospitalsancarlos.es\/blog\/?s={search_term_string}"},"query-input":"required name=search_term_string"}],"inLanguage":"es"},{"@type":"ImageObject","@id":"https:\/\/www.hospitalsancarlos.es\/blog\/neurologia\/el-hospital-san-carlos-de-denia-refuerza-la-unidad-de-neurologia\/#primaryimage","inLanguage":"es","url":"https:\/\/www.hospitalsancarlos.es\/blog\/wp-content\/uploads\/2023\/03\/Neurologia.jpg","contentUrl":"https:\/\/www.hospitalsancarlos.es\/blog\/wp-content\/uploads\/2023\/03\/Neurologia.jpg","width":1204,"height":768,"caption":"Dr. Ma\u00f1ez"},{"@type":"WebPage","@id":"https:\/\/www.hospitalsancarlos.es\/blog\/neurologia\/el-hospital-san-carlos-de-denia-refuerza-la-unidad-de-neurologia\/#webpage","url":"https:\/\/www.hospitalsancarlos.es\/blog\/neurologia\/el-hospital-san-carlos-de-denia-refuerza-la-unidad-de-neurologia\/","name":"El hospital San Carlos de Denia refuerza la Unidad de Neurolog\u00eda - Hospital San Carlos","isPartOf":{"@id":"https:\/\/www.hospitalsancarlos.es\/blog\/#website"},"primaryImageOfPage":{"@id":"https:\/\/www.hospitalsancarlos.es\/blog\/neurologia\/el-hospital-san-carlos-de-denia-refuerza-la-unidad-de-neurologia\/#primaryimage"},"datePublished":"2023-03-28T08:43:54+00:00","dateModified":"2023-04-13T10:40:34+00:00","breadcrumb":{"@id":"https:\/\/www.hospitalsancarlos.es\/blog\/neurologia\/el-hospital-san-carlos-de-denia-refuerza-la-unidad-de-neurologia\/#breadcrumb"},"inLanguage":"es","potentialAction":[{"@type":"ReadAction","target":["https:\/\/www.hospitalsancarlos.es\/blog\/neurologia\/el-hospital-san-carlos-de-denia-refuerza-la-unidad-de-neurologia\/"]}]},{"@type":"BreadcrumbList","@id":"https:\/\/www.hospitalsancarlos.es\/blog\/neurologia\/el-hospital-san-carlos-de-denia-refuerza-la-unidad-de-neurologia\/#breadcrumb","itemListElement":[{"@type":"ListItem","position":1,"name":"Portada","item":"https:\/\/www.hospitalsancarlos.es\/blog\/"},{"@type":"ListItem","position":2,"name":"El hospital San Carlos de Denia refuerza la Unidad de Neurolog\u00eda"}]},{"@type":"Article","@id":"https:\/\/www.hospitalsancarlos.es\/blog\/neurologia\/el-hospital-san-carlos-de-denia-refuerza-la-unidad-de-neurologia\/#article","isPartOf":{"@id":"https:\/\/www.hospitalsancarlos.es\/blog\/neurologia\/el-hospital-san-carlos-de-denia-refuerza-la-unidad-de-neurologia\/#webpage"},"author":{"@id":"https:\/\/www.hospitalsancarlos.es\/blog\/#\/schema\/person\/c1d5250fead0465bd1f1bfbc6e72b67e"},"headline":"El hospital San Carlos de Denia refuerza la Unidad de Neurolog\u00eda","datePublished":"2023-03-28T08:43:54+00:00","dateModified":"2023-04-13T10:40:34+00:00","mainEntityOfPage":{"@id":"https:\/\/www.hospitalsancarlos.es\/blog\/neurologia\/el-hospital-san-carlos-de-denia-refuerza-la-unidad-de-neurologia\/#webpage"},"wordCount":347,"publisher":{"@id":"https:\/\/www.hospitalsancarlos.es\/blog\/#organization"},"image":{"@id":"https:\/\/www.hospitalsancarlos.es\/blog\/neurologia\/el-hospital-san-carlos-de-denia-refuerza-la-unidad-de-neurologia\/#primaryimage"},"thumbnailUrl":"https:\/\/www.hospitalsancarlos.es\/blog\/wp-content\/uploads\/2023\/03\/Neurologia.jpg","articleSection":["Neurolog\u00eda"],"inLanguage":"es"},{"@type":"Person","@id":"https:\/\/www.hospitalsancarlos.es\/blog\/#\/schema\/person\/c1d5250fead0465bd1f1bfbc6e72b67e","name":"cpeiro","image":{"@type":"ImageObject","@id":"https:\/\/www.hospitalsancarlos.es\/blog\/#personlogo","inLanguage":"es","url":"https:\/\/secure.gravatar.com\/avatar\/ccda9b15179fd1fab596469501706a8d4ab328c17627e4cd9c5752f0efc1aaed?s=96&d=mm&r=g","contentUrl":"https:\/\/secure.gravatar.com\/avatar\/ccda9b15179fd1fab596469501706a8d4ab328c17627e4cd9c5752f0efc1aaed?s=96&d=mm&r=g","caption":"cpeiro"}}]}},"_links":{"self":[{"href":"https:\/\/www.hospitalsancarlos.es\/blog\/wp-json\/wp\/v2\/posts\/512","targetHints":{"allow":["GET"]}}],"collection":[{"href":"https:\/\/www.hospitalsancarlos.es\/blog\/wp-json\/wp\/v2\/posts"}],"about":[{"href":"https:\/\/www.hospitalsancarlos.es\/blog\/wp-json\/wp\/v2\/types\/post"}],"author":[{"embeddable":true,"href":"https:\/\/www.hospitalsancarlos.es\/blog\/wp-json\/wp\/v2\/users\/2"}],"replies":[{"embeddable":true,"href":"https:\/\/www.hospitalsancarlos.es\/blog\/wp-json\/wp\/v2\/comments?post=512"}],"version-history":[{"count":3,"href":"https:\/\/www.hospitalsancarlos.es\/blog\/wp-json\/wp\/v2\/posts\/512\/revisions"}],"predecessor-version":[{"id":517,"href":"https:\/\/www.hospitalsancarlos.es\/blog\/wp-json\/wp\/v2\/posts\/512\/revisions\/517"}],"wp:featuredmedia":[{"embeddable":true,"href":"https:\/\/www.hospitalsancarlos.es\/blog\/wp-json\/wp\/v2\/media\/513"}],"wp:attachment":[{"href":"https:\/\/www.hospitalsancarlos.es\/blog\/wp-json\/wp\/v2\/media?parent=512"}],"wp:term":[{"taxonomy":"category","embeddable":true,"href":"https:\/\/www.hospitalsancarlos.es\/blog\/wp-json\/wp\/v2\/categories?post=512"},{"taxonomy":"post_tag","embeddable":true,"href":"https:\/\/www.hospitalsancarlos.es\/blog\/wp-json\/wp\/v2\/tags?post=512"}],"curies":[{"name":"wp","href":"https:\/\/api.w.org\/{rel}","templated":true}]}}