{"id":441,"date":"2022-10-29T16:06:56","date_gmt":"2022-10-29T15:06:56","guid":{"rendered":"https:\/\/www.hospitalsancarlos.es\/blog\/?p=441"},"modified":"2022-11-02T16:43:38","modified_gmt":"2022-11-02T15:43:38","slug":"29-de-octubre-dia-mundial-del-ictus","status":"publish","type":"post","link":"https:\/\/www.hospitalsancarlos.es\/blog\/neurologia\/29-de-octubre-dia-mundial-del-ictus\/","title":{"rendered":"29 de octubre, d\u00eda Mundial del Ictus"},"content":{"rendered":"<div class=\"wp-block-image\">\n<figure class=\"aligncenter size-full\"><img loading=\"lazy\" decoding=\"async\" width=\"700\" height=\"525\" src=\"https:\/\/www.hospitalsancarlos.es\/blog\/wp-content\/uploads\/2022\/11\/ictus-web-700.jpg\" alt=\"\" class=\"wp-image-445\" srcset=\"https:\/\/www.hospitalsancarlos.es\/blog\/wp-content\/uploads\/2022\/11\/ictus-web-700.jpg 700w, https:\/\/www.hospitalsancarlos.es\/blog\/wp-content\/uploads\/2022\/11\/ictus-web-700-300x225.jpg 300w\" sizes=\"auto, (max-width: 700px) 100vw, 700px\" \/><\/figure>\n<\/div>\n\n\n<p>Para hablar del D\u00eda Mundial del Ictus, que se celebra el 29 de octubre, la doctora Carolina Guill\u00e9n, especialista en neurolog\u00eda del Hospital San Carlos de Denia, ha pasado por los micr\u00f3fonos de Cope Marina Denia. Con ella hablaron de este da\u00f1o cerebral adquirido para saber un poquito m\u00e1s sobre esta materia. <\/p>\n\n\n\n<p>Seg\u00fan palabras de la Dra. Guill\u00e9n, \u00abEl ictus es la principal causa de da\u00f1o cerebral adquirido y se produce por una interrupci\u00f3n brusca en el flujo sangu\u00edneo en un \u00e1rea determinada del cerebro y habitualmente conlleva una lesi\u00f3n en el par\u00e9nquima cerebral. Y esto se traduce cl\u00ednicamente en un d\u00e9ficit en alguna de las funciones corporales, o bien un d\u00e9ficit motor o una p\u00e9rdida de sensibilidad. Se puede afectar el lenguaje. Y estos d\u00e9ficits van a condicionar una posible discapacidad\u00bb.<\/p>\n\n\n\n<iframe id=\"audio_95345293\" frameborder=\"0\" allowfullscreen=\"\" scrolling=\"no\" height=\"200\" style=\"width:100%;\" src=\"https:\/\/www.ivoox.com\/player_ej_95345293_6_1.html\" loading=\"lazy\"><\/iframe>\n\n\n\n<p><\/p>\n\n\n\n<h2 class=\"wp-block-heading\">\u00bfEl ictus depende de los h\u00e1bitos de vida?<\/h2>\n\n\n\n<p>Es sabido que hay una serie de factores de riesgo vasculares que son ampliamente conocidos, \u00abAlgunos de ellos, como la edad, no son modificables. A mayor edad, mayor riesgo de sufrir un evento isqu\u00e9mico o hemorr\u00e1gico, que tambi\u00e9n es ictus. <\/p>\n\n\n\n<p>Hay otros factores. Por ejemplo, el sexo, ya que es m\u00e1s frecuente en hombres. En estos factores no podemos actuar. O bien pacientes que tienen una carga gen\u00e9tica, que han tenido antecedentes familiares o tienen una patolog\u00eda gen\u00e9tica que aumenta el riesgo de ictus. <\/p>\n\n\n\n<p>Pero tambi\u00e9n hay otros que son los que conocemos y son muy conocidos por todos, no solamente en los m\u00e9dicos, sino ya en la poblaci\u00f3n general. Se conocen que s\u00ed que son modificables, como es la hipertensi\u00f3n, como es la diabetes, todo esto se pueden modificar modificando nuestros h\u00e1bitos de vida, como la dieta, el ejercicio f\u00edsico, evitar el sedentarismo.<\/p>\n\n\n\n<h2 class=\"wp-block-heading\">\u00bfQu\u00e9 tipos de ictus existen?<\/h2>\n\n\n\n<p>\u00abPues a grandes rasgos hay dos tipos de ictus,  el isqu\u00e9mico, que es la mayor\u00eda (aproximadamente el 80%) y el ictus hemorr\u00e1gico, que lo que se produce es una rotura de una arteria cerebral y el ictus isqu\u00e9mico es lo contrario, es una interrupci\u00f3n en el flujo sangu\u00edneo cerebral.<\/p>\n\n\n\n<h2 class=\"wp-block-heading\">\u00bfCu\u00e1les son los primeros s\u00edntomas de ictus?<\/h2>\n\n\n\n<p>Encontramos algunos s\u00edntomas clave. La Dra. Guill\u00e9n comenta \u00abUn s\u00edntoma claro es una p\u00e9rdida de fuerza focal. A esto nos referimos a que el paciente note de forma brusca que no puede movilizar bien un brazo o una pierna, o toda una parte del cuerpo.<\/p>\n\n\n\n<p>Los familiares a veces pueden objetivar antes que el paciente. S\u00ed que tienen la que hablamos. La desviaci\u00f3n de comisura bucal o bien una alteraci\u00f3n en el lenguaje, o bien porque es un lenguaje alterado en contenido. Es incoherente cambiando palabras, cambiando frases, o bien en la articulaci\u00f3n del lenguaje.<\/p>\n","protected":false},"excerpt":{"rendered":"<p>Para hablar del D\u00eda Mundial del Ictus, que se celebra el 29 de octubre, la doctora Carolina Guill\u00e9n, especialista en neurolog\u00eda del Hospital San Carlos de Denia, ha pasado por los micr\u00f3fonos de Cope&#46;&#46;&#46;<\/p>\n","protected":false},"author":2,"featured_media":442,"comment_status":"closed","ping_status":"closed","sticky":false,"template":"","format":"standard","meta":{"footnotes":""},"categories":[35],"tags":[],"class_list":["post-441","post","type-post","status-publish","format-standard","has-post-thumbnail","hentry","category-neurologia"],"yoast_head":"<!-- This site is optimized with the Yoast SEO plugin v17.2 - https:\/\/yoast.com\/wordpress\/plugins\/seo\/ -->\n<title>29 de octubre, d\u00eda Mundial del Ictus - Hospital San Carlos<\/title>\n<meta name=\"robots\" content=\"index, follow, max-snippet:-1, max-image-preview:large, max-video-preview:-1\" \/>\n<link rel=\"canonical\" href=\"https:\/\/www.hospitalsancarlos.es\/blog\/neurologia\/29-de-octubre-dia-mundial-del-ictus\/\" \/>\n<meta property=\"og:locale\" content=\"es_ES\" \/>\n<meta property=\"og:type\" content=\"article\" \/>\n<meta property=\"og:title\" content=\"29 de octubre, d\u00eda Mundial del Ictus - Hospital San Carlos\" \/>\n<meta property=\"og:description\" content=\"Para hablar del D\u00eda Mundial del Ictus, que se celebra el 29 de octubre, la doctora Carolina Guill\u00e9n, especialista en neurolog\u00eda del Hospital San Carlos de Denia, ha pasado por los micr\u00f3fonos de Cope&#046;&#046;&#046;\" \/>\n<meta property=\"og:url\" content=\"https:\/\/www.hospitalsancarlos.es\/blog\/neurologia\/29-de-octubre-dia-mundial-del-ictus\/\" \/>\n<meta property=\"og:site_name\" content=\"Hospital San Carlos\" \/>\n<meta property=\"article:published_time\" content=\"2022-10-29T15:06:56+00:00\" \/>\n<meta property=\"article:modified_time\" content=\"2022-11-02T15:43:38+00:00\" \/>\n<meta property=\"og:image\" content=\"https:\/\/www.hospitalsancarlos.es\/blog\/wp-content\/uploads\/2022\/11\/ictus-web.jpg\" \/>\n\t<meta property=\"og:image:width\" content=\"1024\" \/>\n\t<meta property=\"og:image:height\" content=\"768\" \/>\n<meta name=\"twitter:card\" content=\"summary_large_image\" \/>\n<meta name=\"twitter:label1\" content=\"Escrito por\" \/>\n\t<meta name=\"twitter:data1\" content=\"cpeiro\" \/>\n\t<meta name=\"twitter:label2\" content=\"Tiempo de lectura\" \/>\n\t<meta name=\"twitter:data2\" content=\"3 minutos\" \/>\n<script type=\"application\/ld+json\" class=\"yoast-schema-graph\">{\"@context\":\"https:\/\/schema.org\",\"@graph\":[{\"@type\":\"Organization\",\"@id\":\"https:\/\/www.hospitalsancarlos.es\/blog\/#organization\",\"name\":\"Hospital San Carlos\",\"url\":\"https:\/\/www.hospitalsancarlos.es\/blog\/\",\"sameAs\":[],\"logo\":{\"@type\":\"ImageObject\",\"@id\":\"https:\/\/www.hospitalsancarlos.es\/blog\/#logo\",\"inLanguage\":\"es\",\"url\":\"https:\/\/www.hospitalsancarlos.es\/blog\/wp-content\/uploads\/2021\/09\/logo-sancarlos.png\",\"contentUrl\":\"https:\/\/www.hospitalsancarlos.es\/blog\/wp-content\/uploads\/2021\/09\/logo-sancarlos.png\",\"width\":320,\"height\":52,\"caption\":\"Hospital San Carlos\"},\"image\":{\"@id\":\"https:\/\/www.hospitalsancarlos.es\/blog\/#logo\"}},{\"@type\":\"WebSite\",\"@id\":\"https:\/\/www.hospitalsancarlos.es\/blog\/#website\",\"url\":\"https:\/\/www.hospitalsancarlos.es\/blog\/\",\"name\":\"Hospital San Carlos\",\"description\":\"Hospital en Denia referente en la Marina Alta\",\"publisher\":{\"@id\":\"https:\/\/www.hospitalsancarlos.es\/blog\/#organization\"},\"potentialAction\":[{\"@type\":\"SearchAction\",\"target\":{\"@type\":\"EntryPoint\",\"urlTemplate\":\"https:\/\/www.hospitalsancarlos.es\/blog\/?s={search_term_string}\"},\"query-input\":\"required name=search_term_string\"}],\"inLanguage\":\"es\"},{\"@type\":\"ImageObject\",\"@id\":\"https:\/\/www.hospitalsancarlos.es\/blog\/neurologia\/29-de-octubre-dia-mundial-del-ictus\/#primaryimage\",\"inLanguage\":\"es\",\"url\":\"https:\/\/www.hospitalsancarlos.es\/blog\/wp-content\/uploads\/2022\/11\/ictus-web.jpg\",\"contentUrl\":\"https:\/\/www.hospitalsancarlos.es\/blog\/wp-content\/uploads\/2022\/11\/ictus-web.jpg\",\"width\":1024,\"height\":768,\"caption\":\"ictus\"},{\"@type\":\"WebPage\",\"@id\":\"https:\/\/www.hospitalsancarlos.es\/blog\/neurologia\/29-de-octubre-dia-mundial-del-ictus\/#webpage\",\"url\":\"https:\/\/www.hospitalsancarlos.es\/blog\/neurologia\/29-de-octubre-dia-mundial-del-ictus\/\",\"name\":\"29 de octubre, d\\u00eda Mundial del Ictus - Hospital San Carlos\",\"isPartOf\":{\"@id\":\"https:\/\/www.hospitalsancarlos.es\/blog\/#website\"},\"primaryImageOfPage\":{\"@id\":\"https:\/\/www.hospitalsancarlos.es\/blog\/neurologia\/29-de-octubre-dia-mundial-del-ictus\/#primaryimage\"},\"datePublished\":\"2022-10-29T15:06:56+00:00\",\"dateModified\":\"2022-11-02T15:43:38+00:00\",\"breadcrumb\":{\"@id\":\"https:\/\/www.hospitalsancarlos.es\/blog\/neurologia\/29-de-octubre-dia-mundial-del-ictus\/#breadcrumb\"},\"inLanguage\":\"es\",\"potentialAction\":[{\"@type\":\"ReadAction\",\"target\":[\"https:\/\/www.hospitalsancarlos.es\/blog\/neurologia\/29-de-octubre-dia-mundial-del-ictus\/\"]}]},{\"@type\":\"BreadcrumbList\",\"@id\":\"https:\/\/www.hospitalsancarlos.es\/blog\/neurologia\/29-de-octubre-dia-mundial-del-ictus\/#breadcrumb\",\"itemListElement\":[{\"@type\":\"ListItem\",\"position\":1,\"name\":\"Portada\",\"item\":\"https:\/\/www.hospitalsancarlos.es\/blog\/\"},{\"@type\":\"ListItem\",\"position\":2,\"name\":\"29 de octubre, d\\u00eda Mundial del Ictus\"}]},{\"@type\":\"Article\",\"@id\":\"https:\/\/www.hospitalsancarlos.es\/blog\/neurologia\/29-de-octubre-dia-mundial-del-ictus\/#article\",\"isPartOf\":{\"@id\":\"https:\/\/www.hospitalsancarlos.es\/blog\/neurologia\/29-de-octubre-dia-mundial-del-ictus\/#webpage\"},\"author\":{\"@id\":\"https:\/\/www.hospitalsancarlos.es\/blog\/#\/schema\/person\/c1d5250fead0465bd1f1bfbc6e72b67e\"},\"headline\":\"29 de octubre, d\\u00eda Mundial del Ictus\",\"datePublished\":\"2022-10-29T15:06:56+00:00\",\"dateModified\":\"2022-11-02T15:43:38+00:00\",\"mainEntityOfPage\":{\"@id\":\"https:\/\/www.hospitalsancarlos.es\/blog\/neurologia\/29-de-octubre-dia-mundial-del-ictus\/#webpage\"},\"wordCount\":492,\"publisher\":{\"@id\":\"https:\/\/www.hospitalsancarlos.es\/blog\/#organization\"},\"image\":{\"@id\":\"https:\/\/www.hospitalsancarlos.es\/blog\/neurologia\/29-de-octubre-dia-mundial-del-ictus\/#primaryimage\"},\"thumbnailUrl\":\"https:\/\/www.hospitalsancarlos.es\/blog\/wp-content\/uploads\/2022\/11\/ictus-web.jpg\",\"articleSection\":[\"Neurolog\\u00eda\"],\"inLanguage\":\"es\"},{\"@type\":\"Person\",\"@id\":\"https:\/\/www.hospitalsancarlos.es\/blog\/#\/schema\/person\/c1d5250fead0465bd1f1bfbc6e72b67e\",\"name\":\"cpeiro\",\"image\":{\"@type\":\"ImageObject\",\"@id\":\"https:\/\/www.hospitalsancarlos.es\/blog\/#personlogo\",\"inLanguage\":\"es\",\"url\":\"https:\/\/secure.gravatar.com\/avatar\/ccda9b15179fd1fab596469501706a8d4ab328c17627e4cd9c5752f0efc1aaed?s=96&d=mm&r=g\",\"contentUrl\":\"https:\/\/secure.gravatar.com\/avatar\/ccda9b15179fd1fab596469501706a8d4ab328c17627e4cd9c5752f0efc1aaed?s=96&d=mm&r=g\",\"caption\":\"cpeiro\"}}]}<\/script>\n<!-- \/ Yoast SEO plugin. -->","yoast_head_json":{"title":"29 de octubre, d\u00eda Mundial del Ictus - Hospital San Carlos","robots":{"index":"index","follow":"follow","max-snippet":"max-snippet:-1","max-image-preview":"max-image-preview:large","max-video-preview":"max-video-preview:-1"},"canonical":"https:\/\/www.hospitalsancarlos.es\/blog\/neurologia\/29-de-octubre-dia-mundial-del-ictus\/","og_locale":"es_ES","og_type":"article","og_title":"29 de octubre, d\u00eda Mundial del Ictus - Hospital San Carlos","og_description":"Para hablar del D\u00eda Mundial del Ictus, que se celebra el 29 de octubre, la doctora Carolina Guill\u00e9n, especialista en neurolog\u00eda del Hospital San Carlos de Denia, ha pasado por los micr\u00f3fonos de Cope&#46;&#46;&#46;","og_url":"https:\/\/www.hospitalsancarlos.es\/blog\/neurologia\/29-de-octubre-dia-mundial-del-ictus\/","og_site_name":"Hospital San Carlos","article_published_time":"2022-10-29T15:06:56+00:00","article_modified_time":"2022-11-02T15:43:38+00:00","og_image":[{"width":1024,"height":768,"filesize":105919,"url":"https:\/\/www.hospitalsancarlos.es\/blog\/wp-content\/uploads\/2022\/11\/ictus-web.jpg","path":"\/var\/www\/vhosts\/hospitalsancarlos.es\/httpdocs\/blog\/wp-content\/uploads\/2022\/11\/ictus-web.jpg","size":"full","id":442,"alt":"ictus","pixels":786432,"type":"image\/jpeg"}],"twitter_card":"summary_large_image","twitter_misc":{"Escrito por":"cpeiro","Tiempo de lectura":"3 minutos"},"schema":{"@context":"https:\/\/schema.org","@graph":[{"@type":"Organization","@id":"https:\/\/www.hospitalsancarlos.es\/blog\/#organization","name":"Hospital San Carlos","url":"https:\/\/www.hospitalsancarlos.es\/blog\/","sameAs":[],"logo":{"@type":"ImageObject","@id":"https:\/\/www.hospitalsancarlos.es\/blog\/#logo","inLanguage":"es","url":"https:\/\/www.hospitalsancarlos.es\/blog\/wp-content\/uploads\/2021\/09\/logo-sancarlos.png","contentUrl":"https:\/\/www.hospitalsancarlos.es\/blog\/wp-content\/uploads\/2021\/09\/logo-sancarlos.png","width":320,"height":52,"caption":"Hospital San Carlos"},"image":{"@id":"https:\/\/www.hospitalsancarlos.es\/blog\/#logo"}},{"@type":"WebSite","@id":"https:\/\/www.hospitalsancarlos.es\/blog\/#website","url":"https:\/\/www.hospitalsancarlos.es\/blog\/","name":"Hospital San Carlos","description":"Hospital en Denia referente en la Marina Alta","publisher":{"@id":"https:\/\/www.hospitalsancarlos.es\/blog\/#organization"},"potentialAction":[{"@type":"SearchAction","target":{"@type":"EntryPoint","urlTemplate":"https:\/\/www.hospitalsancarlos.es\/blog\/?s={search_term_string}"},"query-input":"required name=search_term_string"}],"inLanguage":"es"},{"@type":"ImageObject","@id":"https:\/\/www.hospitalsancarlos.es\/blog\/neurologia\/29-de-octubre-dia-mundial-del-ictus\/#primaryimage","inLanguage":"es","url":"https:\/\/www.hospitalsancarlos.es\/blog\/wp-content\/uploads\/2022\/11\/ictus-web.jpg","contentUrl":"https:\/\/www.hospitalsancarlos.es\/blog\/wp-content\/uploads\/2022\/11\/ictus-web.jpg","width":1024,"height":768,"caption":"ictus"},{"@type":"WebPage","@id":"https:\/\/www.hospitalsancarlos.es\/blog\/neurologia\/29-de-octubre-dia-mundial-del-ictus\/#webpage","url":"https:\/\/www.hospitalsancarlos.es\/blog\/neurologia\/29-de-octubre-dia-mundial-del-ictus\/","name":"29 de octubre, d\u00eda Mundial del Ictus - Hospital San Carlos","isPartOf":{"@id":"https:\/\/www.hospitalsancarlos.es\/blog\/#website"},"primaryImageOfPage":{"@id":"https:\/\/www.hospitalsancarlos.es\/blog\/neurologia\/29-de-octubre-dia-mundial-del-ictus\/#primaryimage"},"datePublished":"2022-10-29T15:06:56+00:00","dateModified":"2022-11-02T15:43:38+00:00","breadcrumb":{"@id":"https:\/\/www.hospitalsancarlos.es\/blog\/neurologia\/29-de-octubre-dia-mundial-del-ictus\/#breadcrumb"},"inLanguage":"es","potentialAction":[{"@type":"ReadAction","target":["https:\/\/www.hospitalsancarlos.es\/blog\/neurologia\/29-de-octubre-dia-mundial-del-ictus\/"]}]},{"@type":"BreadcrumbList","@id":"https:\/\/www.hospitalsancarlos.es\/blog\/neurologia\/29-de-octubre-dia-mundial-del-ictus\/#breadcrumb","itemListElement":[{"@type":"ListItem","position":1,"name":"Portada","item":"https:\/\/www.hospitalsancarlos.es\/blog\/"},{"@type":"ListItem","position":2,"name":"29 de octubre, d\u00eda Mundial del Ictus"}]},{"@type":"Article","@id":"https:\/\/www.hospitalsancarlos.es\/blog\/neurologia\/29-de-octubre-dia-mundial-del-ictus\/#article","isPartOf":{"@id":"https:\/\/www.hospitalsancarlos.es\/blog\/neurologia\/29-de-octubre-dia-mundial-del-ictus\/#webpage"},"author":{"@id":"https:\/\/www.hospitalsancarlos.es\/blog\/#\/schema\/person\/c1d5250fead0465bd1f1bfbc6e72b67e"},"headline":"29 de octubre, d\u00eda Mundial del Ictus","datePublished":"2022-10-29T15:06:56+00:00","dateModified":"2022-11-02T15:43:38+00:00","mainEntityOfPage":{"@id":"https:\/\/www.hospitalsancarlos.es\/blog\/neurologia\/29-de-octubre-dia-mundial-del-ictus\/#webpage"},"wordCount":492,"publisher":{"@id":"https:\/\/www.hospitalsancarlos.es\/blog\/#organization"},"image":{"@id":"https:\/\/www.hospitalsancarlos.es\/blog\/neurologia\/29-de-octubre-dia-mundial-del-ictus\/#primaryimage"},"thumbnailUrl":"https:\/\/www.hospitalsancarlos.es\/blog\/wp-content\/uploads\/2022\/11\/ictus-web.jpg","articleSection":["Neurolog\u00eda"],"inLanguage":"es"},{"@type":"Person","@id":"https:\/\/www.hospitalsancarlos.es\/blog\/#\/schema\/person\/c1d5250fead0465bd1f1bfbc6e72b67e","name":"cpeiro","image":{"@type":"ImageObject","@id":"https:\/\/www.hospitalsancarlos.es\/blog\/#personlogo","inLanguage":"es","url":"https:\/\/secure.gravatar.com\/avatar\/ccda9b15179fd1fab596469501706a8d4ab328c17627e4cd9c5752f0efc1aaed?s=96&d=mm&r=g","contentUrl":"https:\/\/secure.gravatar.com\/avatar\/ccda9b15179fd1fab596469501706a8d4ab328c17627e4cd9c5752f0efc1aaed?s=96&d=mm&r=g","caption":"cpeiro"}}]}},"_links":{"self":[{"href":"https:\/\/www.hospitalsancarlos.es\/blog\/wp-json\/wp\/v2\/posts\/441","targetHints":{"allow":["GET"]}}],"collection":[{"href":"https:\/\/www.hospitalsancarlos.es\/blog\/wp-json\/wp\/v2\/posts"}],"about":[{"href":"https:\/\/www.hospitalsancarlos.es\/blog\/wp-json\/wp\/v2\/types\/post"}],"author":[{"embeddable":true,"href":"https:\/\/www.hospitalsancarlos.es\/blog\/wp-json\/wp\/v2\/users\/2"}],"replies":[{"embeddable":true,"href":"https:\/\/www.hospitalsancarlos.es\/blog\/wp-json\/wp\/v2\/comments?post=441"}],"version-history":[{"count":3,"href":"https:\/\/www.hospitalsancarlos.es\/blog\/wp-json\/wp\/v2\/posts\/441\/revisions"}],"predecessor-version":[{"id":446,"href":"https:\/\/www.hospitalsancarlos.es\/blog\/wp-json\/wp\/v2\/posts\/441\/revisions\/446"}],"wp:featuredmedia":[{"embeddable":true,"href":"https:\/\/www.hospitalsancarlos.es\/blog\/wp-json\/wp\/v2\/media\/442"}],"wp:attachment":[{"href":"https:\/\/www.hospitalsancarlos.es\/blog\/wp-json\/wp\/v2\/media?parent=441"}],"wp:term":[{"taxonomy":"category","embeddable":true,"href":"https:\/\/www.hospitalsancarlos.es\/blog\/wp-json\/wp\/v2\/categories?post=441"},{"taxonomy":"post_tag","embeddable":true,"href":"https:\/\/www.hospitalsancarlos.es\/blog\/wp-json\/wp\/v2\/tags?post=441"}],"curies":[{"name":"wp","href":"https:\/\/api.w.org\/{rel}","templated":true}]}}