{"id":435,"date":"2022-10-19T09:19:01","date_gmt":"2022-10-19T08:19:01","guid":{"rendered":"https:\/\/www.hospitalsancarlos.es\/blog\/?p=435"},"modified":"2022-10-19T09:59:04","modified_gmt":"2022-10-19T08:59:04","slug":"19-de-octubre-dia-mundial-de-la-lucha-contra-el-cancer-de-mama","status":"publish","type":"post","link":"https:\/\/www.hospitalsancarlos.es\/blog\/oncologia\/19-de-octubre-dia-mundial-de-la-lucha-contra-el-cancer-de-mama\/","title":{"rendered":"19 de octubre, d\u00eda Mundial de la lucha contra el C\u00e1ncer de Mama"},"content":{"rendered":"<div class=\"wp-block-image\">\n<figure class=\"aligncenter size-full\"><img loading=\"lazy\" decoding=\"async\" width=\"700\" height=\"525\" src=\"https:\/\/www.hospitalsancarlos.es\/blog\/wp-content\/uploads\/2022\/10\/cancermama-web-700.jpg\" alt=\"\" class=\"wp-image-437\" srcset=\"https:\/\/www.hospitalsancarlos.es\/blog\/wp-content\/uploads\/2022\/10\/cancermama-web-700.jpg 700w, https:\/\/www.hospitalsancarlos.es\/blog\/wp-content\/uploads\/2022\/10\/cancermama-web-700-300x225.jpg 300w\" sizes=\"auto, (max-width: 700px) 100vw, 700px\" \/><\/figure>\n<\/div>\n\n\n<h2 class=\"wp-block-heading\">\u00bfQu\u00e9 es el c\u00e1ncer de mama?<\/h2>\n\n\n\n<p>El c\u00e1ncer de mama es una enfermedad que se origina en el tejido mamario y en la que las c\u00e9lulas de la mama se multiplican sin control. El aumento de estas c\u00e9lulas puede formar un bulto apreciable al tacto. Cuando la extensi\u00f3n de las c\u00e9lulas cancer\u00edgenas se confina a capas superficiales, lo llamamos \u201cin situ\u201d. Si el c\u00e1ncer comienza a extenderse fuera de esas capas superficiales, se denomina \u201cinvasivo\u201d.<\/p>\n\n\n\n<h2 class=\"wp-block-heading\">\u00bfQu\u00e9 causa el c\u00e1ncer de mama?<\/h2>\n\n\n\n<p>No conocemos el motivo exacto por el que se inicia la replicaci\u00f3n an\u00f3mala de las c\u00e9lulas cancer\u00edgenas. Sabemos que obedece a m\u00faltiples factores, dependientes del individuo y del tipo de c\u00e1ncer. Entre estos factores distinguimos la predisposici\u00f3n individual, esto es, causas gen\u00e9ticas, y la exposici\u00f3n a determinados factores ambientales, como la dieta, el consumo de tabaco o los antecedentes de radiaci\u00f3n. Conocer las causas del c\u00e1ncer de mama y los factores predisponentes nos ayuda a conocer mejor la enfermedad y tratar de prevenirla precozmente.<\/p>\n\n\n\n<h2 class=\"wp-block-heading\">\u00bfCu\u00e1les son los s\u00edntomas del c\u00e1ncer de mama?<\/h2>\n\n\n\n<p>Entre los signos y s\u00edntomas del c\u00e1ncer de mama se pueden incluir los siguientes:<\/p>\n\n\n\n<ul class=\"wp-block-list\"><li>N\u00f3dulo o bulto apreciable a la palpaci\u00f3n.<\/li><li>Cambio de tama\u00f1o, forma o aspecto de las mamas.<\/li><li>Cambios en la piel de la mama. Formaci\u00f3n de hoyuelos.<\/li><li>La inversi\u00f3n del pez\u00f3n.<\/li><li>Descamaci\u00f3n u otras alteraciones de la areola mamaria<\/li><li>Enrojecimiento o peque\u00f1os orificios en la piel de la mama, a modo de la \u201cpiel de naranja\u201d.<\/li><\/ul>\n\n\n\n<p>Es muy importante que consultes con tu m\u00e9dico si encuentras un bulto o alg\u00fan cambio en las mamas.<\/p>\n\n\n\n<h2 class=\"wp-block-heading\">\u00bfCu\u00e1les son los factores de riesgo?<\/h2>\n\n\n\n<p>Cualquier circunstancia que favorezca la aparici\u00f3n de la enfermedad se considera un factor de riesgo, la existencia de un factor de riesgo no implica necesariamente la aparici\u00f3n de la enfermedad. Algunas veces las mujeres desarrollan c\u00e1ncer de mama sin que tengan ning\u00fan factor de riesgo conocido.<\/p>\n\n\n\n<p>Los factores que se asocian con un aumento del riesgo del c\u00e1ncer de mama incluyen:<\/p>\n\n\n\n<ul class=\"wp-block-list\"><li><strong>Ser mujer<\/strong>. Las mujeres tienen muchas m\u00e1s probabilidades de tener c\u00e1ncer de mama que los hombres, pero no debemos olvidar que puede presentarse tambi\u00e9n en ellos.<\/li><li><strong>La edad<\/strong>. El riesgo de padecer c\u00e1ncer de mama aumenta con la edad.<\/li><li>Exposici\u00f3n a radiaci\u00f3n, bien radioterapia por otra patolog\u00eda u otro tipo de exposiciones.<\/li><li><strong>Obesidad<\/strong>.<\/li><li><strong>Menarquia precoz<\/strong>. Si se comienza a menstruar antes de los 12 a\u00f1os, el riesgo aumenta.<\/li><li>Si se tiene una <strong>menopausia tard\u00eda<\/strong>, el riesgo aumenta.<\/li><li><strong>La terapia hormonal<\/strong>, en ciertos intervalos de edad y durante ciertos intervalos de tiempo, parece incrementar ligeramente el riesgo de c\u00e1ncer de mama.<\/li><li><strong>Exposici\u00f3n a t\u00f3xicos<\/strong>, como alcohol y tabaco.<\/li><li><strong>Causas gen\u00e9ticas<\/strong>. Conocemos algunas mutaciones gen\u00e9ticas implicadas en casos de agregaci\u00f3n familiar de la enfermedad. Los individuos portadores de dichas mutaciones presentan un factor mayor que la poblaci\u00f3n general para el desarrollo del c\u00e1ncer de mama<\/li><\/ul>\n\n\n\n<h2 class=\"wp-block-heading\">\u00bfC\u00f3mo se puede prevenir el c\u00e1ncer de mama?<\/h2>\n\n\n\n<p>&nbsp;&nbsp;&nbsp;&nbsp;&nbsp;&nbsp;&nbsp;&nbsp; Existen dos tipos de medidas preventivas. La llamada <strong>prevenci\u00f3n primaria<\/strong> act\u00faa sobre los factores de riesgo de la enfermedad, tratando de minimizar sus efectos perniciosos. Una dieta equilibrada, eliminaci\u00f3n de t\u00f3xicos como el alcohol y el tabaco y la actividad f\u00edsica moderada contribuyen a una mejora del estado de salud general y disminuyen el riesgo de desarrollar c\u00e1ncer de mama. Pero dado que esta enfermedad se presenta con frecuencia en mujeres sin factores de riesgo identificables, se hace imprescindible la <strong>prevenci\u00f3n secundaria, <\/strong>que es el conjunto de medidas encaminadas a la realizaci\u00f3n de un diagn\u00f3stico precoz de la enfermedad. Cuanto antes se diagnostique, antes puede iniciarse el tratamiento adecuado y mayores ser\u00e1n las posibilidades de \u00e9xito de dicho tratamiento. Estas medidas de prevenci\u00f3n secundaria son la <strong>autoexploraci\u00f3n mamaria<\/strong> con objeto de consultar lo antes posible ante cualquier cambio detectado y las <strong>pruebas de imagen<\/strong> que rechazamos de manera peri\u00f3dica en la mujer asintom\u00e1tica como parte del chequeo ginecol\u00f3gico.<\/p>\n\n\n\n<h2 class=\"wp-block-heading\">\u00bfCu\u00e1les son los procedimientos y las pruebas usados para el diagn\u00f3stico del c\u00e1ncer de mama?<\/h2>\n\n\n\n<p>El diagn\u00f3stico de sospecha del c\u00e1ncer de mama puede establecerse a partir de la aparici\u00f3n de la sintomatolog\u00eda (un n\u00f3dulo, la secreci\u00f3n an\u00f3mala por el pez\u00f3n u otras alteraciones) o a partir de los hallazgos en las pruebas de imagen realizadas de manera peri\u00f3dica en la mujer asintom\u00e1tica.<\/p>\n\n\n\n<p>En el primero de los casos, ante una paciente sintom\u00e1tica, y una vez realizadas la historia y la exploraci\u00f3n m\u00e9dica, se solicitar\u00e1n las pruebas de imagen oportunas, mamograf\u00eda m\u00e1s frecuentemente y ecograf\u00eda de mama en casos determinados, con objeto de conocer las caracter\u00edsticas de la lesi\u00f3n, su localizaci\u00f3n precisa y su accesibilidad a la prueba que nos dar\u00e1 el diagn\u00f3stico de certeza, que no es otra que la biopsia. La biopsia de las lesiones de mama se realiza con una punci\u00f3n de la lesi\u00f3n, con anestesia local si se precisa y de manera ambulatoria, para obtener la muestra que se enviar\u00e1 a estudio anatomopatol\u00f3gico y que confirmar\u00e1 la existencia de malignidad y el tipo de lesi\u00f3n a la que nos enfrentamos.<\/p>\n\n\n\n<p>Una vez obtenida la confirmaci\u00f3n diagn\u00f3stica de la lesi\u00f3n cancerosa, es necesario realizar el estudio de extensi\u00f3n de la enfermedad, para lo que se suele recurrir a distintas pruebas seg\u00fan el caso, entre ellas la resonancia magn\u00e9tica, la radiograf\u00eda de t\u00f3rax, el TAC o la ecograf\u00eda abdominal.<\/p>\n\n\n\n<h2 class=\"wp-block-heading\">\u00bfQu\u00e9 tratamiento es el m\u00e1s adecuado?<\/h2>\n\n\n\n<p>El tratamiento del c\u00e1ncer de mama se realiza de forma individualizada, seg\u00fan el tipo de tumor, el grado de extensi\u00f3n y las caracter\u00edsticas peculiares de cada paciente. Eso determinar\u00e1, no s\u00f3lo el tipo de tratamiento, sino el orden en el que se administrar\u00e1n las diferentes terapias. El abordaje inicial del tratamiento debe llevarse a cabo por un equipo multidisciplinar.<\/p>\n\n\n\n<ul class=\"wp-block-list\"><li><strong>Cirug\u00eda. <\/strong>Puede ser conservadora, extirpando \u00fanicamente la lesi\u00f3n con una peque\u00f1a cantidad de tejido sano alrededor, seguida de radioterapia, o puede ser una cirug\u00eda m\u00e1s radical que extirpe toda la mama (mastectom\u00eda). La cirug\u00eda, adem\u00e1s, tomar\u00e1 una muestra del tejido linf\u00e1tico (ganglio centinela) de la axila para conocer su afectaci\u00f3n, lo que constituye un importante factor pron\u00f3stico, o lo extirpar\u00e1 por completo (linfadenectom\u00eda axilar).<\/li><li><strong>Radioterapia. <\/strong>Se basa en el empleo de radiaci\u00f3n ionizante para destruir c\u00e9lulas tumorales.<\/li><li><strong>Quimioterapia. <\/strong>Se basa en el empleo de agentes citot\u00f3xicos que destruyen las c\u00e9lulas tumorales.<\/li><li><strong>Hormonoterapia. <\/strong>Existen algunos c\u00e1nceres de mama sensibles a la acci\u00f3n de las hormonas. Al bloquear \u00e9stas se limita el crecimiento tumoral.<\/li><li><strong>Terapias dirigidas. <\/strong>Esta l\u00ednea de tratamiento consiste en el empleo de f\u00e1rmacos que tratan de identificar y atacar espec\u00edficamente c\u00e9lulas tumorales sin da\u00f1ar las c\u00e9lulas sanas.<\/li><li><strong>Inmunoterapia. <\/strong>La inmunoterapia trata de aprovechar el sistema inmune del propio paciente para luchar contra las c\u00e9lulas malignas. Es un campo, junto con el de las terapias dirigidas, que est\u00e1 revolucionando el tratamiento oncol\u00f3gico general, y en el que se detienen depositadas grandes expectativas en un corto plazo de tiempo.<\/li><\/ul>\n\n\n\n<h3 class=\"wp-block-heading\">Equipo de Ginecolog\u00eda<\/h3>\n","protected":false},"excerpt":{"rendered":"<p>El c\u00e1ncer de mama es una enfermedad que se origina en el tejido mamario y en la que las c\u00e9lulas de la mama se multiplican sin control. El aumento de estas c\u00e9lulas puede formar un bulto apreciable al tacto. Cuando la extensi\u00f3n de las c\u00e9lulas cancer\u00edgenas se confina a capas superficiales, lo llamamos \u201cin situ\u201d. Si el c\u00e1ncer comienza a extenderse fuera de esas capas superficiales, se denomina \u201cinvasivo\u201d.<\/p>\n","protected":false},"author":2,"featured_media":436,"comment_status":"closed","ping_status":"closed","sticky":false,"template":"","format":"standard","meta":{"footnotes":""},"categories":[6],"tags":[],"class_list":["post-435","post","type-post","status-publish","format-standard","has-post-thumbnail","hentry","category-oncologia"],"yoast_head":"<!-- This site is optimized with the Yoast SEO plugin v17.2 - https:\/\/yoast.com\/wordpress\/plugins\/seo\/ -->\n<title>19 de octubre, d\u00eda Mundial de la lucha contra el C\u00e1ncer de Mama - Hospital San Carlos<\/title>\n<meta name=\"robots\" content=\"index, follow, max-snippet:-1, max-image-preview:large, max-video-preview:-1\" \/>\n<link rel=\"canonical\" href=\"https:\/\/www.hospitalsancarlos.es\/blog\/oncologia\/19-de-octubre-dia-mundial-de-la-lucha-contra-el-cancer-de-mama\/\" \/>\n<meta property=\"og:locale\" content=\"es_ES\" \/>\n<meta property=\"og:type\" content=\"article\" \/>\n<meta property=\"og:title\" content=\"19 de octubre, d\u00eda Mundial de la lucha contra el C\u00e1ncer de Mama - Hospital San Carlos\" \/>\n<meta property=\"og:description\" content=\"El c\u00e1ncer de mama es una enfermedad que se origina en el tejido mamario y en la que las c\u00e9lulas de la mama se multiplican sin control. El aumento de estas c\u00e9lulas puede formar un bulto apreciable al tacto. Cuando la extensi\u00f3n de las c\u00e9lulas cancer\u00edgenas se confina a capas superficiales, lo llamamos \u201cin situ\u201d. Si el c\u00e1ncer comienza a extenderse fuera de esas capas superficiales, se denomina \u201cinvasivo\u201d.\" \/>\n<meta property=\"og:url\" content=\"https:\/\/www.hospitalsancarlos.es\/blog\/oncologia\/19-de-octubre-dia-mundial-de-la-lucha-contra-el-cancer-de-mama\/\" \/>\n<meta property=\"og:site_name\" content=\"Hospital San Carlos\" \/>\n<meta property=\"article:published_time\" content=\"2022-10-19T08:19:01+00:00\" \/>\n<meta property=\"article:modified_time\" content=\"2022-10-19T08:59:04+00:00\" \/>\n<meta property=\"og:image\" content=\"https:\/\/www.hospitalsancarlos.es\/blog\/wp-content\/uploads\/2022\/10\/cancermama-web.jpg\" \/>\n\t<meta property=\"og:image:width\" content=\"1024\" \/>\n\t<meta property=\"og:image:height\" content=\"768\" \/>\n<meta name=\"twitter:card\" content=\"summary_large_image\" \/>\n<meta name=\"twitter:label1\" content=\"Escrito por\" \/>\n\t<meta name=\"twitter:data1\" content=\"cpeiro\" \/>\n\t<meta name=\"twitter:label2\" content=\"Tiempo de lectura\" \/>\n\t<meta name=\"twitter:data2\" content=\"6 minutos\" \/>\n<script type=\"application\/ld+json\" class=\"yoast-schema-graph\">{\"@context\":\"https:\/\/schema.org\",\"@graph\":[{\"@type\":\"Organization\",\"@id\":\"https:\/\/www.hospitalsancarlos.es\/blog\/#organization\",\"name\":\"Hospital San Carlos\",\"url\":\"https:\/\/www.hospitalsancarlos.es\/blog\/\",\"sameAs\":[],\"logo\":{\"@type\":\"ImageObject\",\"@id\":\"https:\/\/www.hospitalsancarlos.es\/blog\/#logo\",\"inLanguage\":\"es\",\"url\":\"https:\/\/www.hospitalsancarlos.es\/blog\/wp-content\/uploads\/2021\/09\/logo-sancarlos.png\",\"contentUrl\":\"https:\/\/www.hospitalsancarlos.es\/blog\/wp-content\/uploads\/2021\/09\/logo-sancarlos.png\",\"width\":320,\"height\":52,\"caption\":\"Hospital San Carlos\"},\"image\":{\"@id\":\"https:\/\/www.hospitalsancarlos.es\/blog\/#logo\"}},{\"@type\":\"WebSite\",\"@id\":\"https:\/\/www.hospitalsancarlos.es\/blog\/#website\",\"url\":\"https:\/\/www.hospitalsancarlos.es\/blog\/\",\"name\":\"Hospital San Carlos\",\"description\":\"Hospital en Denia referente en la Marina Alta\",\"publisher\":{\"@id\":\"https:\/\/www.hospitalsancarlos.es\/blog\/#organization\"},\"potentialAction\":[{\"@type\":\"SearchAction\",\"target\":{\"@type\":\"EntryPoint\",\"urlTemplate\":\"https:\/\/www.hospitalsancarlos.es\/blog\/?s={search_term_string}\"},\"query-input\":\"required name=search_term_string\"}],\"inLanguage\":\"es\"},{\"@type\":\"ImageObject\",\"@id\":\"https:\/\/www.hospitalsancarlos.es\/blog\/oncologia\/19-de-octubre-dia-mundial-de-la-lucha-contra-el-cancer-de-mama\/#primaryimage\",\"inLanguage\":\"es\",\"url\":\"https:\/\/www.hospitalsancarlos.es\/blog\/wp-content\/uploads\/2022\/10\/cancermama-web.jpg\",\"contentUrl\":\"https:\/\/www.hospitalsancarlos.es\/blog\/wp-content\/uploads\/2022\/10\/cancermama-web.jpg\",\"width\":1024,\"height\":768,\"caption\":\"C\\u00e1ncer de mama trabajadores\"},{\"@type\":\"WebPage\",\"@id\":\"https:\/\/www.hospitalsancarlos.es\/blog\/oncologia\/19-de-octubre-dia-mundial-de-la-lucha-contra-el-cancer-de-mama\/#webpage\",\"url\":\"https:\/\/www.hospitalsancarlos.es\/blog\/oncologia\/19-de-octubre-dia-mundial-de-la-lucha-contra-el-cancer-de-mama\/\",\"name\":\"19 de octubre, d\\u00eda Mundial de la lucha contra el C\\u00e1ncer de Mama - Hospital San Carlos\",\"isPartOf\":{\"@id\":\"https:\/\/www.hospitalsancarlos.es\/blog\/#website\"},\"primaryImageOfPage\":{\"@id\":\"https:\/\/www.hospitalsancarlos.es\/blog\/oncologia\/19-de-octubre-dia-mundial-de-la-lucha-contra-el-cancer-de-mama\/#primaryimage\"},\"datePublished\":\"2022-10-19T08:19:01+00:00\",\"dateModified\":\"2022-10-19T08:59:04+00:00\",\"breadcrumb\":{\"@id\":\"https:\/\/www.hospitalsancarlos.es\/blog\/oncologia\/19-de-octubre-dia-mundial-de-la-lucha-contra-el-cancer-de-mama\/#breadcrumb\"},\"inLanguage\":\"es\",\"potentialAction\":[{\"@type\":\"ReadAction\",\"target\":[\"https:\/\/www.hospitalsancarlos.es\/blog\/oncologia\/19-de-octubre-dia-mundial-de-la-lucha-contra-el-cancer-de-mama\/\"]}]},{\"@type\":\"BreadcrumbList\",\"@id\":\"https:\/\/www.hospitalsancarlos.es\/blog\/oncologia\/19-de-octubre-dia-mundial-de-la-lucha-contra-el-cancer-de-mama\/#breadcrumb\",\"itemListElement\":[{\"@type\":\"ListItem\",\"position\":1,\"name\":\"Portada\",\"item\":\"https:\/\/www.hospitalsancarlos.es\/blog\/\"},{\"@type\":\"ListItem\",\"position\":2,\"name\":\"19 de octubre, d\\u00eda Mundial de la lucha contra el C\\u00e1ncer de Mama\"}]},{\"@type\":\"Article\",\"@id\":\"https:\/\/www.hospitalsancarlos.es\/blog\/oncologia\/19-de-octubre-dia-mundial-de-la-lucha-contra-el-cancer-de-mama\/#article\",\"isPartOf\":{\"@id\":\"https:\/\/www.hospitalsancarlos.es\/blog\/oncologia\/19-de-octubre-dia-mundial-de-la-lucha-contra-el-cancer-de-mama\/#webpage\"},\"author\":{\"@id\":\"https:\/\/www.hospitalsancarlos.es\/blog\/#\/schema\/person\/c1d5250fead0465bd1f1bfbc6e72b67e\"},\"headline\":\"19 de octubre, d\\u00eda Mundial de la lucha contra el C\\u00e1ncer de Mama\",\"datePublished\":\"2022-10-19T08:19:01+00:00\",\"dateModified\":\"2022-10-19T08:59:04+00:00\",\"mainEntityOfPage\":{\"@id\":\"https:\/\/www.hospitalsancarlos.es\/blog\/oncologia\/19-de-octubre-dia-mundial-de-la-lucha-contra-el-cancer-de-mama\/#webpage\"},\"wordCount\":1289,\"publisher\":{\"@id\":\"https:\/\/www.hospitalsancarlos.es\/blog\/#organization\"},\"image\":{\"@id\":\"https:\/\/www.hospitalsancarlos.es\/blog\/oncologia\/19-de-octubre-dia-mundial-de-la-lucha-contra-el-cancer-de-mama\/#primaryimage\"},\"thumbnailUrl\":\"https:\/\/www.hospitalsancarlos.es\/blog\/wp-content\/uploads\/2022\/10\/cancermama-web.jpg\",\"articleSection\":[\"Oncolog\\u00eda\"],\"inLanguage\":\"es\"},{\"@type\":\"Person\",\"@id\":\"https:\/\/www.hospitalsancarlos.es\/blog\/#\/schema\/person\/c1d5250fead0465bd1f1bfbc6e72b67e\",\"name\":\"cpeiro\",\"image\":{\"@type\":\"ImageObject\",\"@id\":\"https:\/\/www.hospitalsancarlos.es\/blog\/#personlogo\",\"inLanguage\":\"es\",\"url\":\"https:\/\/secure.gravatar.com\/avatar\/ccda9b15179fd1fab596469501706a8d4ab328c17627e4cd9c5752f0efc1aaed?s=96&d=mm&r=g\",\"contentUrl\":\"https:\/\/secure.gravatar.com\/avatar\/ccda9b15179fd1fab596469501706a8d4ab328c17627e4cd9c5752f0efc1aaed?s=96&d=mm&r=g\",\"caption\":\"cpeiro\"}}]}<\/script>\n<!-- \/ Yoast SEO plugin. -->","yoast_head_json":{"title":"19 de octubre, d\u00eda Mundial de la lucha contra el C\u00e1ncer de Mama - Hospital San Carlos","robots":{"index":"index","follow":"follow","max-snippet":"max-snippet:-1","max-image-preview":"max-image-preview:large","max-video-preview":"max-video-preview:-1"},"canonical":"https:\/\/www.hospitalsancarlos.es\/blog\/oncologia\/19-de-octubre-dia-mundial-de-la-lucha-contra-el-cancer-de-mama\/","og_locale":"es_ES","og_type":"article","og_title":"19 de octubre, d\u00eda Mundial de la lucha contra el C\u00e1ncer de Mama - Hospital San Carlos","og_description":"El c\u00e1ncer de mama es una enfermedad que se origina en el tejido mamario y en la que las c\u00e9lulas de la mama se multiplican sin control. El aumento de estas c\u00e9lulas puede formar un bulto apreciable al tacto. Cuando la extensi\u00f3n de las c\u00e9lulas cancer\u00edgenas se confina a capas superficiales, lo llamamos \u201cin situ\u201d. Si el c\u00e1ncer comienza a extenderse fuera de esas capas superficiales, se denomina \u201cinvasivo\u201d.","og_url":"https:\/\/www.hospitalsancarlos.es\/blog\/oncologia\/19-de-octubre-dia-mundial-de-la-lucha-contra-el-cancer-de-mama\/","og_site_name":"Hospital San Carlos","article_published_time":"2022-10-19T08:19:01+00:00","article_modified_time":"2022-10-19T08:59:04+00:00","og_image":[{"width":1024,"height":768,"filesize":96610,"url":"https:\/\/www.hospitalsancarlos.es\/blog\/wp-content\/uploads\/2022\/10\/cancermama-web.jpg","path":"\/var\/www\/vhosts\/hospitalsancarlos.es\/httpdocs\/blog\/wp-content\/uploads\/2022\/10\/cancermama-web.jpg","size":"full","id":436,"alt":"C\u00e1ncer de mama trabajadores","pixels":786432,"type":"image\/jpeg"}],"twitter_card":"summary_large_image","twitter_misc":{"Escrito por":"cpeiro","Tiempo de lectura":"6 minutos"},"schema":{"@context":"https:\/\/schema.org","@graph":[{"@type":"Organization","@id":"https:\/\/www.hospitalsancarlos.es\/blog\/#organization","name":"Hospital San Carlos","url":"https:\/\/www.hospitalsancarlos.es\/blog\/","sameAs":[],"logo":{"@type":"ImageObject","@id":"https:\/\/www.hospitalsancarlos.es\/blog\/#logo","inLanguage":"es","url":"https:\/\/www.hospitalsancarlos.es\/blog\/wp-content\/uploads\/2021\/09\/logo-sancarlos.png","contentUrl":"https:\/\/www.hospitalsancarlos.es\/blog\/wp-content\/uploads\/2021\/09\/logo-sancarlos.png","width":320,"height":52,"caption":"Hospital San Carlos"},"image":{"@id":"https:\/\/www.hospitalsancarlos.es\/blog\/#logo"}},{"@type":"WebSite","@id":"https:\/\/www.hospitalsancarlos.es\/blog\/#website","url":"https:\/\/www.hospitalsancarlos.es\/blog\/","name":"Hospital San Carlos","description":"Hospital en Denia referente en la Marina Alta","publisher":{"@id":"https:\/\/www.hospitalsancarlos.es\/blog\/#organization"},"potentialAction":[{"@type":"SearchAction","target":{"@type":"EntryPoint","urlTemplate":"https:\/\/www.hospitalsancarlos.es\/blog\/?s={search_term_string}"},"query-input":"required name=search_term_string"}],"inLanguage":"es"},{"@type":"ImageObject","@id":"https:\/\/www.hospitalsancarlos.es\/blog\/oncologia\/19-de-octubre-dia-mundial-de-la-lucha-contra-el-cancer-de-mama\/#primaryimage","inLanguage":"es","url":"https:\/\/www.hospitalsancarlos.es\/blog\/wp-content\/uploads\/2022\/10\/cancermama-web.jpg","contentUrl":"https:\/\/www.hospitalsancarlos.es\/blog\/wp-content\/uploads\/2022\/10\/cancermama-web.jpg","width":1024,"height":768,"caption":"C\u00e1ncer de mama trabajadores"},{"@type":"WebPage","@id":"https:\/\/www.hospitalsancarlos.es\/blog\/oncologia\/19-de-octubre-dia-mundial-de-la-lucha-contra-el-cancer-de-mama\/#webpage","url":"https:\/\/www.hospitalsancarlos.es\/blog\/oncologia\/19-de-octubre-dia-mundial-de-la-lucha-contra-el-cancer-de-mama\/","name":"19 de octubre, d\u00eda Mundial de la lucha contra el C\u00e1ncer de Mama - Hospital San Carlos","isPartOf":{"@id":"https:\/\/www.hospitalsancarlos.es\/blog\/#website"},"primaryImageOfPage":{"@id":"https:\/\/www.hospitalsancarlos.es\/blog\/oncologia\/19-de-octubre-dia-mundial-de-la-lucha-contra-el-cancer-de-mama\/#primaryimage"},"datePublished":"2022-10-19T08:19:01+00:00","dateModified":"2022-10-19T08:59:04+00:00","breadcrumb":{"@id":"https:\/\/www.hospitalsancarlos.es\/blog\/oncologia\/19-de-octubre-dia-mundial-de-la-lucha-contra-el-cancer-de-mama\/#breadcrumb"},"inLanguage":"es","potentialAction":[{"@type":"ReadAction","target":["https:\/\/www.hospitalsancarlos.es\/blog\/oncologia\/19-de-octubre-dia-mundial-de-la-lucha-contra-el-cancer-de-mama\/"]}]},{"@type":"BreadcrumbList","@id":"https:\/\/www.hospitalsancarlos.es\/blog\/oncologia\/19-de-octubre-dia-mundial-de-la-lucha-contra-el-cancer-de-mama\/#breadcrumb","itemListElement":[{"@type":"ListItem","position":1,"name":"Portada","item":"https:\/\/www.hospitalsancarlos.es\/blog\/"},{"@type":"ListItem","position":2,"name":"19 de octubre, d\u00eda Mundial de la lucha contra el C\u00e1ncer de Mama"}]},{"@type":"Article","@id":"https:\/\/www.hospitalsancarlos.es\/blog\/oncologia\/19-de-octubre-dia-mundial-de-la-lucha-contra-el-cancer-de-mama\/#article","isPartOf":{"@id":"https:\/\/www.hospitalsancarlos.es\/blog\/oncologia\/19-de-octubre-dia-mundial-de-la-lucha-contra-el-cancer-de-mama\/#webpage"},"author":{"@id":"https:\/\/www.hospitalsancarlos.es\/blog\/#\/schema\/person\/c1d5250fead0465bd1f1bfbc6e72b67e"},"headline":"19 de octubre, d\u00eda Mundial de la lucha contra el C\u00e1ncer de Mama","datePublished":"2022-10-19T08:19:01+00:00","dateModified":"2022-10-19T08:59:04+00:00","mainEntityOfPage":{"@id":"https:\/\/www.hospitalsancarlos.es\/blog\/oncologia\/19-de-octubre-dia-mundial-de-la-lucha-contra-el-cancer-de-mama\/#webpage"},"wordCount":1289,"publisher":{"@id":"https:\/\/www.hospitalsancarlos.es\/blog\/#organization"},"image":{"@id":"https:\/\/www.hospitalsancarlos.es\/blog\/oncologia\/19-de-octubre-dia-mundial-de-la-lucha-contra-el-cancer-de-mama\/#primaryimage"},"thumbnailUrl":"https:\/\/www.hospitalsancarlos.es\/blog\/wp-content\/uploads\/2022\/10\/cancermama-web.jpg","articleSection":["Oncolog\u00eda"],"inLanguage":"es"},{"@type":"Person","@id":"https:\/\/www.hospitalsancarlos.es\/blog\/#\/schema\/person\/c1d5250fead0465bd1f1bfbc6e72b67e","name":"cpeiro","image":{"@type":"ImageObject","@id":"https:\/\/www.hospitalsancarlos.es\/blog\/#personlogo","inLanguage":"es","url":"https:\/\/secure.gravatar.com\/avatar\/ccda9b15179fd1fab596469501706a8d4ab328c17627e4cd9c5752f0efc1aaed?s=96&d=mm&r=g","contentUrl":"https:\/\/secure.gravatar.com\/avatar\/ccda9b15179fd1fab596469501706a8d4ab328c17627e4cd9c5752f0efc1aaed?s=96&d=mm&r=g","caption":"cpeiro"}}]}},"_links":{"self":[{"href":"https:\/\/www.hospitalsancarlos.es\/blog\/wp-json\/wp\/v2\/posts\/435","targetHints":{"allow":["GET"]}}],"collection":[{"href":"https:\/\/www.hospitalsancarlos.es\/blog\/wp-json\/wp\/v2\/posts"}],"about":[{"href":"https:\/\/www.hospitalsancarlos.es\/blog\/wp-json\/wp\/v2\/types\/post"}],"author":[{"embeddable":true,"href":"https:\/\/www.hospitalsancarlos.es\/blog\/wp-json\/wp\/v2\/users\/2"}],"replies":[{"embeddable":true,"href":"https:\/\/www.hospitalsancarlos.es\/blog\/wp-json\/wp\/v2\/comments?post=435"}],"version-history":[{"count":2,"href":"https:\/\/www.hospitalsancarlos.es\/blog\/wp-json\/wp\/v2\/posts\/435\/revisions"}],"predecessor-version":[{"id":439,"href":"https:\/\/www.hospitalsancarlos.es\/blog\/wp-json\/wp\/v2\/posts\/435\/revisions\/439"}],"wp:featuredmedia":[{"embeddable":true,"href":"https:\/\/www.hospitalsancarlos.es\/blog\/wp-json\/wp\/v2\/media\/436"}],"wp:attachment":[{"href":"https:\/\/www.hospitalsancarlos.es\/blog\/wp-json\/wp\/v2\/media?parent=435"}],"wp:term":[{"taxonomy":"category","embeddable":true,"href":"https:\/\/www.hospitalsancarlos.es\/blog\/wp-json\/wp\/v2\/categories?post=435"},{"taxonomy":"post_tag","embeddable":true,"href":"https:\/\/www.hospitalsancarlos.es\/blog\/wp-json\/wp\/v2\/tags?post=435"}],"curies":[{"name":"wp","href":"https:\/\/api.w.org\/{rel}","templated":true}]}}