{"id":352,"date":"2022-05-26T16:32:49","date_gmt":"2022-05-26T15:32:49","guid":{"rendered":"https:\/\/www.hospitalsancarlos.es\/blog\/?p=352"},"modified":"2022-05-26T16:34:44","modified_gmt":"2022-05-26T15:34:44","slug":"proximo-taller-reanimacion-pediatrica-basica-8-junio","status":"publish","type":"post","link":"https:\/\/www.hospitalsancarlos.es\/blog\/actualidad\/proximo-taller-reanimacion-pediatrica-basica-8-junio\/","title":{"rendered":"El pr\u00f3ximo taller de reanimaci\u00f3n pedi\u00e1trica b\u00e1sica se realizar\u00e1 el 8 de junio"},"content":{"rendered":"<div class=\"wp-block-image\">\n<figure class=\"aligncenter size-full\"><img loading=\"lazy\" decoding=\"async\" width=\"700\" height=\"525\" src=\"https:\/\/www.hospitalsancarlos.es\/blog\/wp-content\/uploads\/2022\/05\/Reanimacion-3-web.jpg\" alt=\"Reanimacion \" class=\"wp-image-355\" srcset=\"https:\/\/www.hospitalsancarlos.es\/blog\/wp-content\/uploads\/2022\/05\/Reanimacion-3-web.jpg 700w, https:\/\/www.hospitalsancarlos.es\/blog\/wp-content\/uploads\/2022\/05\/Reanimacion-3-web-300x225.jpg 300w\" sizes=\"auto, (max-width: 700px) 100vw, 700px\" \/><\/figure>\n<\/div>\n\n\n<ul class=\"wp-block-list\"><li><strong>Por los talleres gratuitos ya han pasado alrededor de 90 personas<\/strong><\/li><\/ul>\n\n\n\n<p><em>Jueves, 26 de mayo de 2022<\/em><em>&#8211; <\/em>El pr\u00f3ximo taller de reanimaci\u00f3n pedi\u00e1trica se realizar\u00e1 el mi\u00e9rcoles 8 de junio en Marina de D\u00e9nia. \u201cAnte la buena acogida de los tres talleres que hemos desarrollado, junto con el hospital San Carlos de D\u00e9nia, volvemos a poner fecha para el siguiente\u201d, ha apuntado Gabriel Mart\u00ednez, director de Marina de D\u00e9nia.<\/p>\n\n\n\n<p>El taller comenzar\u00e1, a las 18 horas, en las instalaciones de Marina de D\u00e9nia y, como los anteriores, ser\u00e1 totalmente gratuito y dirigido a familias o personas que cuidan a ni\u00f1os y ni\u00f1as. Las inscripciones pueden hacerse en el tel\u00e9fono 966 424 307 o en el correo <a href=\"mailto:secretaria@marinadedenia.com\">secretaria@marinadedenia.com<\/a> \u201cDurante las sesiones el gran inter\u00e9s que despiertan estos temas en la poblaci\u00f3n general, por aprender y poder actuar adecuadamente en situaciones de emergencia\u201d, ha se\u00f1alado Gabriel Mart\u00ednez.<\/p>\n\n\n\n<p>El taller volver\u00e1 a ser impartido por la Dra. Antonia Ivars, que forma parte del equipo de pediatr\u00eda del hospital San Carlos. \u201cA las personas que asisten les preocupa aprender las t\u00e9cnicas de reanimaci\u00f3n cardiopulmonar b\u00e1sica y saber actuar correctamente ante un accidente como un atragantamiento, convulsi\u00f3n y ahora con la \u00e9poca estival tan cerca, con el posible ahogamiento en playas o piscinas. Por supuesto, son situaciones poco frecuentes, pero que, cuando ocurren, generan gran ansiedad de la poblaci\u00f3n\u201d, ha explicado la Dra. Ivars.<\/p>\n\n\n\n<p>Adem\u00e1s, la doctora ha destacado que generalmente los asistentes son los padres, pero llama la atenci\u00f3n tambi\u00e9n el inter\u00e9s de los abuelos que cuidan a sus nietos y personas que trabajan con ni\u00f1os en guarder\u00edas, comedores escolares, parques infantiles de bolas, monitores de campamentos\u2026 por lo que se detecta un gran inter\u00e9s en la poblaci\u00f3n general, por aprender a manejar situaciones de emergencia en pediatr\u00eda.<\/p>\n\n\n\n<p>Cabe destacar que el principal objetivo de estos talleres es instruir a la mayor poblaci\u00f3n posible, en las t\u00e9cnicas de reanimaci\u00f3n cardiopulmonar b\u00e1sica. En los talleres, tras la clase te\u00f3rica, se atiende las preguntas de los asistentes y posteriormente se practica con los mu\u00f1ecos de simulaci\u00f3n.<\/p>\n","protected":false},"excerpt":{"rendered":"<p>\u201cAnte la buena acogida de los tres talleres que hemos desarrollado, junto con el hospital San Carlos de D\u00e9nia, volvemos a poner fecha para el siguiente\u201d, ha apuntado Gabriel Mart\u00ednez, director de Marina de D\u00e9nia.<\/p>\n","protected":false},"author":2,"featured_media":353,"comment_status":"closed","ping_status":"closed","sticky":false,"template":"","format":"standard","meta":{"footnotes":""},"categories":[24,4],"tags":[],"class_list":["post-352","post","type-post","status-publish","format-standard","has-post-thumbnail","hentry","category-actualidad","category-pediatria"],"yoast_head":"<!-- This site is optimized with the Yoast SEO plugin v17.2 - https:\/\/yoast.com\/wordpress\/plugins\/seo\/ -->\n<title>El pr\u00f3ximo taller de reanimaci\u00f3n pedi\u00e1trica b\u00e1sica se realizar\u00e1 el 8 de junio - Hospital San Carlos<\/title>\n<meta name=\"robots\" content=\"index, follow, max-snippet:-1, max-image-preview:large, max-video-preview:-1\" \/>\n<link rel=\"canonical\" href=\"https:\/\/www.hospitalsancarlos.es\/blog\/actualidad\/proximo-taller-reanimacion-pediatrica-basica-8-junio\/\" \/>\n<meta property=\"og:locale\" content=\"es_ES\" \/>\n<meta property=\"og:type\" content=\"article\" \/>\n<meta property=\"og:title\" content=\"El pr\u00f3ximo taller de reanimaci\u00f3n pedi\u00e1trica b\u00e1sica se realizar\u00e1 el 8 de junio - Hospital San Carlos\" \/>\n<meta property=\"og:description\" content=\"\u201cAnte la buena acogida de los tres talleres que hemos desarrollado, junto con el hospital San Carlos de D\u00e9nia, volvemos a poner fecha para el siguiente\u201d, ha apuntado Gabriel Mart\u00ednez, director de Marina de D\u00e9nia.\" \/>\n<meta property=\"og:url\" content=\"https:\/\/www.hospitalsancarlos.es\/blog\/actualidad\/proximo-taller-reanimacion-pediatrica-basica-8-junio\/\" \/>\n<meta property=\"og:site_name\" content=\"Hospital San Carlos\" \/>\n<meta property=\"article:published_time\" content=\"2022-05-26T15:32:49+00:00\" \/>\n<meta property=\"article:modified_time\" content=\"2022-05-26T15:34:44+00:00\" \/>\n<meta property=\"og:image\" content=\"https:\/\/www.hospitalsancarlos.es\/blog\/wp-content\/uploads\/2022\/05\/Reanimacion-3.jpg\" \/>\n\t<meta property=\"og:image:width\" content=\"1024\" \/>\n\t<meta property=\"og:image:height\" content=\"768\" \/>\n<meta name=\"twitter:card\" content=\"summary_large_image\" \/>\n<meta name=\"twitter:label1\" content=\"Escrito por\" \/>\n\t<meta name=\"twitter:data1\" content=\"cpeiro\" \/>\n\t<meta name=\"twitter:label2\" content=\"Tiempo de lectura\" \/>\n\t<meta name=\"twitter:data2\" content=\"2 minutos\" \/>\n<script type=\"application\/ld+json\" class=\"yoast-schema-graph\">{\"@context\":\"https:\/\/schema.org\",\"@graph\":[{\"@type\":\"Organization\",\"@id\":\"https:\/\/www.hospitalsancarlos.es\/blog\/#organization\",\"name\":\"Hospital San Carlos\",\"url\":\"https:\/\/www.hospitalsancarlos.es\/blog\/\",\"sameAs\":[],\"logo\":{\"@type\":\"ImageObject\",\"@id\":\"https:\/\/www.hospitalsancarlos.es\/blog\/#logo\",\"inLanguage\":\"es\",\"url\":\"https:\/\/www.hospitalsancarlos.es\/blog\/wp-content\/uploads\/2021\/09\/logo-sancarlos.png\",\"contentUrl\":\"https:\/\/www.hospitalsancarlos.es\/blog\/wp-content\/uploads\/2021\/09\/logo-sancarlos.png\",\"width\":320,\"height\":52,\"caption\":\"Hospital San Carlos\"},\"image\":{\"@id\":\"https:\/\/www.hospitalsancarlos.es\/blog\/#logo\"}},{\"@type\":\"WebSite\",\"@id\":\"https:\/\/www.hospitalsancarlos.es\/blog\/#website\",\"url\":\"https:\/\/www.hospitalsancarlos.es\/blog\/\",\"name\":\"Hospital San Carlos\",\"description\":\"Hospital en Denia referente en la Marina Alta\",\"publisher\":{\"@id\":\"https:\/\/www.hospitalsancarlos.es\/blog\/#organization\"},\"potentialAction\":[{\"@type\":\"SearchAction\",\"target\":{\"@type\":\"EntryPoint\",\"urlTemplate\":\"https:\/\/www.hospitalsancarlos.es\/blog\/?s={search_term_string}\"},\"query-input\":\"required name=search_term_string\"}],\"inLanguage\":\"es\"},{\"@type\":\"ImageObject\",\"@id\":\"https:\/\/www.hospitalsancarlos.es\/blog\/actualidad\/proximo-taller-reanimacion-pediatrica-basica-8-junio\/#primaryimage\",\"inLanguage\":\"es\",\"url\":\"https:\/\/www.hospitalsancarlos.es\/blog\/wp-content\/uploads\/2022\/05\/Reanimacion-3.jpg\",\"contentUrl\":\"https:\/\/www.hospitalsancarlos.es\/blog\/wp-content\/uploads\/2022\/05\/Reanimacion-3.jpg\",\"width\":1024,\"height\":768,\"caption\":\"taller reanimaci\\u00f3n pedi\\u00e1trica\"},{\"@type\":\"WebPage\",\"@id\":\"https:\/\/www.hospitalsancarlos.es\/blog\/actualidad\/proximo-taller-reanimacion-pediatrica-basica-8-junio\/#webpage\",\"url\":\"https:\/\/www.hospitalsancarlos.es\/blog\/actualidad\/proximo-taller-reanimacion-pediatrica-basica-8-junio\/\",\"name\":\"El pr\\u00f3ximo taller de reanimaci\\u00f3n pedi\\u00e1trica b\\u00e1sica se realizar\\u00e1 el 8 de junio - Hospital San Carlos\",\"isPartOf\":{\"@id\":\"https:\/\/www.hospitalsancarlos.es\/blog\/#website\"},\"primaryImageOfPage\":{\"@id\":\"https:\/\/www.hospitalsancarlos.es\/blog\/actualidad\/proximo-taller-reanimacion-pediatrica-basica-8-junio\/#primaryimage\"},\"datePublished\":\"2022-05-26T15:32:49+00:00\",\"dateModified\":\"2022-05-26T15:34:44+00:00\",\"breadcrumb\":{\"@id\":\"https:\/\/www.hospitalsancarlos.es\/blog\/actualidad\/proximo-taller-reanimacion-pediatrica-basica-8-junio\/#breadcrumb\"},\"inLanguage\":\"es\",\"potentialAction\":[{\"@type\":\"ReadAction\",\"target\":[\"https:\/\/www.hospitalsancarlos.es\/blog\/actualidad\/proximo-taller-reanimacion-pediatrica-basica-8-junio\/\"]}]},{\"@type\":\"BreadcrumbList\",\"@id\":\"https:\/\/www.hospitalsancarlos.es\/blog\/actualidad\/proximo-taller-reanimacion-pediatrica-basica-8-junio\/#breadcrumb\",\"itemListElement\":[{\"@type\":\"ListItem\",\"position\":1,\"name\":\"Portada\",\"item\":\"https:\/\/www.hospitalsancarlos.es\/blog\/\"},{\"@type\":\"ListItem\",\"position\":2,\"name\":\"El pr\\u00f3ximo taller de reanimaci\\u00f3n pedi\\u00e1trica b\\u00e1sica se realizar\\u00e1 el 8 de junio\"}]},{\"@type\":\"Article\",\"@id\":\"https:\/\/www.hospitalsancarlos.es\/blog\/actualidad\/proximo-taller-reanimacion-pediatrica-basica-8-junio\/#article\",\"isPartOf\":{\"@id\":\"https:\/\/www.hospitalsancarlos.es\/blog\/actualidad\/proximo-taller-reanimacion-pediatrica-basica-8-junio\/#webpage\"},\"author\":{\"@id\":\"https:\/\/www.hospitalsancarlos.es\/blog\/#\/schema\/person\/c1d5250fead0465bd1f1bfbc6e72b67e\"},\"headline\":\"El pr\\u00f3ximo taller de reanimaci\\u00f3n pedi\\u00e1trica b\\u00e1sica se realizar\\u00e1 el 8 de junio\",\"datePublished\":\"2022-05-26T15:32:49+00:00\",\"dateModified\":\"2022-05-26T15:34:44+00:00\",\"mainEntityOfPage\":{\"@id\":\"https:\/\/www.hospitalsancarlos.es\/blog\/actualidad\/proximo-taller-reanimacion-pediatrica-basica-8-junio\/#webpage\"},\"wordCount\":389,\"publisher\":{\"@id\":\"https:\/\/www.hospitalsancarlos.es\/blog\/#organization\"},\"image\":{\"@id\":\"https:\/\/www.hospitalsancarlos.es\/blog\/actualidad\/proximo-taller-reanimacion-pediatrica-basica-8-junio\/#primaryimage\"},\"thumbnailUrl\":\"https:\/\/www.hospitalsancarlos.es\/blog\/wp-content\/uploads\/2022\/05\/Reanimacion-3.jpg\",\"articleSection\":[\"Actualidad\",\"Pediatr\\u00eda\"],\"inLanguage\":\"es\"},{\"@type\":\"Person\",\"@id\":\"https:\/\/www.hospitalsancarlos.es\/blog\/#\/schema\/person\/c1d5250fead0465bd1f1bfbc6e72b67e\",\"name\":\"cpeiro\",\"image\":{\"@type\":\"ImageObject\",\"@id\":\"https:\/\/www.hospitalsancarlos.es\/blog\/#personlogo\",\"inLanguage\":\"es\",\"url\":\"https:\/\/secure.gravatar.com\/avatar\/ccda9b15179fd1fab596469501706a8d4ab328c17627e4cd9c5752f0efc1aaed?s=96&d=mm&r=g\",\"contentUrl\":\"https:\/\/secure.gravatar.com\/avatar\/ccda9b15179fd1fab596469501706a8d4ab328c17627e4cd9c5752f0efc1aaed?s=96&d=mm&r=g\",\"caption\":\"cpeiro\"}}]}<\/script>\n<!-- \/ Yoast SEO plugin. -->","yoast_head_json":{"title":"El pr\u00f3ximo taller de reanimaci\u00f3n pedi\u00e1trica b\u00e1sica se realizar\u00e1 el 8 de junio - Hospital San Carlos","robots":{"index":"index","follow":"follow","max-snippet":"max-snippet:-1","max-image-preview":"max-image-preview:large","max-video-preview":"max-video-preview:-1"},"canonical":"https:\/\/www.hospitalsancarlos.es\/blog\/actualidad\/proximo-taller-reanimacion-pediatrica-basica-8-junio\/","og_locale":"es_ES","og_type":"article","og_title":"El pr\u00f3ximo taller de reanimaci\u00f3n pedi\u00e1trica b\u00e1sica se realizar\u00e1 el 8 de junio - Hospital San Carlos","og_description":"\u201cAnte la buena acogida de los tres talleres que hemos desarrollado, junto con el hospital San Carlos de D\u00e9nia, volvemos a poner fecha para el siguiente\u201d, ha apuntado Gabriel Mart\u00ednez, director de Marina de D\u00e9nia.","og_url":"https:\/\/www.hospitalsancarlos.es\/blog\/actualidad\/proximo-taller-reanimacion-pediatrica-basica-8-junio\/","og_site_name":"Hospital San Carlos","article_published_time":"2022-05-26T15:32:49+00:00","article_modified_time":"2022-05-26T15:34:44+00:00","og_image":[{"width":1024,"height":768,"filesize":100915,"url":"https:\/\/www.hospitalsancarlos.es\/blog\/wp-content\/uploads\/2022\/05\/Reanimacion-3.jpg","path":"\/var\/www\/vhosts\/hospitalsancarlos.es\/httpdocs\/blog\/wp-content\/uploads\/2022\/05\/Reanimacion-3.jpg","size":"full","id":353,"alt":"taller reanimaci\u00f3n pedi\u00e1trica","pixels":786432,"type":"image\/jpeg"}],"twitter_card":"summary_large_image","twitter_misc":{"Escrito por":"cpeiro","Tiempo de lectura":"2 minutos"},"schema":{"@context":"https:\/\/schema.org","@graph":[{"@type":"Organization","@id":"https:\/\/www.hospitalsancarlos.es\/blog\/#organization","name":"Hospital San Carlos","url":"https:\/\/www.hospitalsancarlos.es\/blog\/","sameAs":[],"logo":{"@type":"ImageObject","@id":"https:\/\/www.hospitalsancarlos.es\/blog\/#logo","inLanguage":"es","url":"https:\/\/www.hospitalsancarlos.es\/blog\/wp-content\/uploads\/2021\/09\/logo-sancarlos.png","contentUrl":"https:\/\/www.hospitalsancarlos.es\/blog\/wp-content\/uploads\/2021\/09\/logo-sancarlos.png","width":320,"height":52,"caption":"Hospital San Carlos"},"image":{"@id":"https:\/\/www.hospitalsancarlos.es\/blog\/#logo"}},{"@type":"WebSite","@id":"https:\/\/www.hospitalsancarlos.es\/blog\/#website","url":"https:\/\/www.hospitalsancarlos.es\/blog\/","name":"Hospital San Carlos","description":"Hospital en Denia referente en la Marina Alta","publisher":{"@id":"https:\/\/www.hospitalsancarlos.es\/blog\/#organization"},"potentialAction":[{"@type":"SearchAction","target":{"@type":"EntryPoint","urlTemplate":"https:\/\/www.hospitalsancarlos.es\/blog\/?s={search_term_string}"},"query-input":"required name=search_term_string"}],"inLanguage":"es"},{"@type":"ImageObject","@id":"https:\/\/www.hospitalsancarlos.es\/blog\/actualidad\/proximo-taller-reanimacion-pediatrica-basica-8-junio\/#primaryimage","inLanguage":"es","url":"https:\/\/www.hospitalsancarlos.es\/blog\/wp-content\/uploads\/2022\/05\/Reanimacion-3.jpg","contentUrl":"https:\/\/www.hospitalsancarlos.es\/blog\/wp-content\/uploads\/2022\/05\/Reanimacion-3.jpg","width":1024,"height":768,"caption":"taller reanimaci\u00f3n pedi\u00e1trica"},{"@type":"WebPage","@id":"https:\/\/www.hospitalsancarlos.es\/blog\/actualidad\/proximo-taller-reanimacion-pediatrica-basica-8-junio\/#webpage","url":"https:\/\/www.hospitalsancarlos.es\/blog\/actualidad\/proximo-taller-reanimacion-pediatrica-basica-8-junio\/","name":"El pr\u00f3ximo taller de reanimaci\u00f3n pedi\u00e1trica b\u00e1sica se realizar\u00e1 el 8 de junio - Hospital San Carlos","isPartOf":{"@id":"https:\/\/www.hospitalsancarlos.es\/blog\/#website"},"primaryImageOfPage":{"@id":"https:\/\/www.hospitalsancarlos.es\/blog\/actualidad\/proximo-taller-reanimacion-pediatrica-basica-8-junio\/#primaryimage"},"datePublished":"2022-05-26T15:32:49+00:00","dateModified":"2022-05-26T15:34:44+00:00","breadcrumb":{"@id":"https:\/\/www.hospitalsancarlos.es\/blog\/actualidad\/proximo-taller-reanimacion-pediatrica-basica-8-junio\/#breadcrumb"},"inLanguage":"es","potentialAction":[{"@type":"ReadAction","target":["https:\/\/www.hospitalsancarlos.es\/blog\/actualidad\/proximo-taller-reanimacion-pediatrica-basica-8-junio\/"]}]},{"@type":"BreadcrumbList","@id":"https:\/\/www.hospitalsancarlos.es\/blog\/actualidad\/proximo-taller-reanimacion-pediatrica-basica-8-junio\/#breadcrumb","itemListElement":[{"@type":"ListItem","position":1,"name":"Portada","item":"https:\/\/www.hospitalsancarlos.es\/blog\/"},{"@type":"ListItem","position":2,"name":"El pr\u00f3ximo taller de reanimaci\u00f3n pedi\u00e1trica b\u00e1sica se realizar\u00e1 el 8 de junio"}]},{"@type":"Article","@id":"https:\/\/www.hospitalsancarlos.es\/blog\/actualidad\/proximo-taller-reanimacion-pediatrica-basica-8-junio\/#article","isPartOf":{"@id":"https:\/\/www.hospitalsancarlos.es\/blog\/actualidad\/proximo-taller-reanimacion-pediatrica-basica-8-junio\/#webpage"},"author":{"@id":"https:\/\/www.hospitalsancarlos.es\/blog\/#\/schema\/person\/c1d5250fead0465bd1f1bfbc6e72b67e"},"headline":"El pr\u00f3ximo taller de reanimaci\u00f3n pedi\u00e1trica b\u00e1sica se realizar\u00e1 el 8 de junio","datePublished":"2022-05-26T15:32:49+00:00","dateModified":"2022-05-26T15:34:44+00:00","mainEntityOfPage":{"@id":"https:\/\/www.hospitalsancarlos.es\/blog\/actualidad\/proximo-taller-reanimacion-pediatrica-basica-8-junio\/#webpage"},"wordCount":389,"publisher":{"@id":"https:\/\/www.hospitalsancarlos.es\/blog\/#organization"},"image":{"@id":"https:\/\/www.hospitalsancarlos.es\/blog\/actualidad\/proximo-taller-reanimacion-pediatrica-basica-8-junio\/#primaryimage"},"thumbnailUrl":"https:\/\/www.hospitalsancarlos.es\/blog\/wp-content\/uploads\/2022\/05\/Reanimacion-3.jpg","articleSection":["Actualidad","Pediatr\u00eda"],"inLanguage":"es"},{"@type":"Person","@id":"https:\/\/www.hospitalsancarlos.es\/blog\/#\/schema\/person\/c1d5250fead0465bd1f1bfbc6e72b67e","name":"cpeiro","image":{"@type":"ImageObject","@id":"https:\/\/www.hospitalsancarlos.es\/blog\/#personlogo","inLanguage":"es","url":"https:\/\/secure.gravatar.com\/avatar\/ccda9b15179fd1fab596469501706a8d4ab328c17627e4cd9c5752f0efc1aaed?s=96&d=mm&r=g","contentUrl":"https:\/\/secure.gravatar.com\/avatar\/ccda9b15179fd1fab596469501706a8d4ab328c17627e4cd9c5752f0efc1aaed?s=96&d=mm&r=g","caption":"cpeiro"}}]}},"_links":{"self":[{"href":"https:\/\/www.hospitalsancarlos.es\/blog\/wp-json\/wp\/v2\/posts\/352","targetHints":{"allow":["GET"]}}],"collection":[{"href":"https:\/\/www.hospitalsancarlos.es\/blog\/wp-json\/wp\/v2\/posts"}],"about":[{"href":"https:\/\/www.hospitalsancarlos.es\/blog\/wp-json\/wp\/v2\/types\/post"}],"author":[{"embeddable":true,"href":"https:\/\/www.hospitalsancarlos.es\/blog\/wp-json\/wp\/v2\/users\/2"}],"replies":[{"embeddable":true,"href":"https:\/\/www.hospitalsancarlos.es\/blog\/wp-json\/wp\/v2\/comments?post=352"}],"version-history":[{"count":2,"href":"https:\/\/www.hospitalsancarlos.es\/blog\/wp-json\/wp\/v2\/posts\/352\/revisions"}],"predecessor-version":[{"id":357,"href":"https:\/\/www.hospitalsancarlos.es\/blog\/wp-json\/wp\/v2\/posts\/352\/revisions\/357"}],"wp:featuredmedia":[{"embeddable":true,"href":"https:\/\/www.hospitalsancarlos.es\/blog\/wp-json\/wp\/v2\/media\/353"}],"wp:attachment":[{"href":"https:\/\/www.hospitalsancarlos.es\/blog\/wp-json\/wp\/v2\/media?parent=352"}],"wp:term":[{"taxonomy":"category","embeddable":true,"href":"https:\/\/www.hospitalsancarlos.es\/blog\/wp-json\/wp\/v2\/categories?post=352"},{"taxonomy":"post_tag","embeddable":true,"href":"https:\/\/www.hospitalsancarlos.es\/blog\/wp-json\/wp\/v2\/tags?post=352"}],"curies":[{"name":"wp","href":"https:\/\/api.w.org\/{rel}","templated":true}]}}