{"id":1505,"date":"2026-03-16T12:00:48","date_gmt":"2026-03-16T11:00:48","guid":{"rendered":"https:\/\/www.hospitalsancarlos.es\/blog\/?p=1505"},"modified":"2026-03-16T12:02:12","modified_gmt":"2026-03-16T11:02:12","slug":"marina-denia-y-el-hospital-san-carlos-forman-a-mas-de-700-familias-en-rcp","status":"publish","type":"post","link":"https:\/\/www.hospitalsancarlos.es\/blog\/actualidad\/marina-denia-y-el-hospital-san-carlos-forman-a-mas-de-700-familias-en-rcp\/","title":{"rendered":"Marina D\u00e9nia y el Hospital San Carlos forman a m\u00e1s de 700 familias en RCP"},"content":{"rendered":"\n<ul class=\"wp-block-list\">\n<li><strong>La iniciativa, puesta en marcha en 2022, ha permitido realizar 26 talleres gratuitos de formaci\u00f3n en primeros auxilios dirigidos a familias de la Marina Alta.<\/strong><\/li>\n<\/ul>\n\n\n\n<ul class=\"wp-block-list\">\n<li><strong>El pr\u00f3ximo taller de RCP se realizar\u00e1 el 25 de marzo.<\/strong><\/li>\n<\/ul>\n\n\n\n<p><em>Martes, 10 de marzo de 2026.-<\/em> El Puerto Deportivo y Tur\u00edstico Marina D\u00e9nia y el Hospital San Carlos de D\u00e9nia han presentado hoy el balance de cuatro a\u00f1os de colaboraci\u00f3n en materia de salud, una iniciativa que ha permitido formar a <strong>m\u00e1s de 700 familias de la Marina Alta en t\u00e9cnicas b\u00e1sicas de reanimaci\u00f3n pedi\u00e1trica y primeros auxilios.<\/strong><\/p>\n\n\n\n<div class=\"wp-block-columns is-layout-flex wp-container-core-columns-is-layout-9d6595d7 wp-block-columns-is-layout-flex\">\n<div class=\"wp-block-column is-layout-flow wp-block-column-is-layout-flow\">\n<figure class=\"wp-block-image size-large\"><img loading=\"lazy\" decoding=\"async\" width=\"1024\" height=\"768\" src=\"https:\/\/www.hospitalsancarlos.es\/blog\/wp-content\/uploads\/2026\/03\/David-Vanyo-y-Gabriel-Martinez-1024x768.jpeg\" alt=\"\" class=\"wp-image-1508\" srcset=\"https:\/\/www.hospitalsancarlos.es\/blog\/wp-content\/uploads\/2026\/03\/David-Vanyo-y-Gabriel-Martinez-1024x768.jpeg 1024w, https:\/\/www.hospitalsancarlos.es\/blog\/wp-content\/uploads\/2026\/03\/David-Vanyo-y-Gabriel-Martinez-300x225.jpeg 300w, https:\/\/www.hospitalsancarlos.es\/blog\/wp-content\/uploads\/2026\/03\/David-Vanyo-y-Gabriel-Martinez-768x576.jpeg 768w, https:\/\/www.hospitalsancarlos.es\/blog\/wp-content\/uploads\/2026\/03\/David-Vanyo-y-Gabriel-Martinez-1536x1152.jpeg 1536w, https:\/\/www.hospitalsancarlos.es\/blog\/wp-content\/uploads\/2026\/03\/David-Vanyo-y-Gabriel-Martinez-2048x1536.jpeg 2048w\" sizes=\"auto, (max-width: 1024px) 100vw, 1024px\" \/><\/figure>\n<\/div>\n<\/div>\n\n\n\n<p>Desde que se puso en marcha este proyecto en <strong>febrero de 2022<\/strong>, ambas entidades han organizado <strong>26 talleres gratuitos<\/strong>, en los que han participado entre <strong>25 y 30 personas en cada sesi\u00f3n<\/strong>, con el objetivo de preparar a padres, madres y cuidadores para saber c\u00f3mo actuar ante situaciones de emergencia en beb\u00e9s, ni\u00f1os y ni\u00f1as. Los talleres han estado centrados en la formaci\u00f3n en <strong>reanimaci\u00f3n cardiopulmonar b\u00e1sica (RCP) y desobstrucci\u00f3n de la v\u00eda a\u00e9rea<\/strong>, combinando una parte te\u00f3rica con ejercicios pr\u00e1cticos mediante simulaci\u00f3n cl\u00ednica.<\/p>\n\n\n\n<p>\u201cEstos talleres est\u00e1n siendo una gran labor de la doctora Ivars y de todo el equipo del Hospital San Carlos, desde al a\u00f1o 2022. Est\u00e1n teniendo muy buena aceptaci\u00f3n por toda la sociedad de Marina Alta. Es muy importante incidir en la relevancia de esta formaci\u00f3n para salvar la vida de ni\u00f1os y ni\u00f1as. Todo lo que podamos realizar en este sentido, estaremos siempre a vuestra disposici\u00f3n\u201d, ha se\u00f1alado el gerente y m\u00e9dico internista del Hospital San Carlos, <strong>David Vanyo.<\/strong><\/p>\n\n\n\n<figure class=\"wp-block-image size-large\"><img loading=\"lazy\" decoding=\"async\" width=\"1024\" height=\"600\" src=\"https:\/\/www.hospitalsancarlos.es\/blog\/wp-content\/uploads\/2026\/03\/Talleres-HLA-San-Carlos-y-Marina-Denia-1024x600.jpeg\" alt=\"\" class=\"wp-image-1509\" srcset=\"https:\/\/www.hospitalsancarlos.es\/blog\/wp-content\/uploads\/2026\/03\/Talleres-HLA-San-Carlos-y-Marina-Denia-1024x600.jpeg 1024w, https:\/\/www.hospitalsancarlos.es\/blog\/wp-content\/uploads\/2026\/03\/Talleres-HLA-San-Carlos-y-Marina-Denia-300x176.jpeg 300w, https:\/\/www.hospitalsancarlos.es\/blog\/wp-content\/uploads\/2026\/03\/Talleres-HLA-San-Carlos-y-Marina-Denia-768x450.jpeg 768w, https:\/\/www.hospitalsancarlos.es\/blog\/wp-content\/uploads\/2026\/03\/Talleres-HLA-San-Carlos-y-Marina-Denia-1536x900.jpeg 1536w, https:\/\/www.hospitalsancarlos.es\/blog\/wp-content\/uploads\/2026\/03\/Talleres-HLA-San-Carlos-y-Marina-Denia-2048x1200.jpeg 2048w\" sizes=\"auto, (max-width: 1024px) 100vw, 1024px\" \/><\/figure>\n\n\n\n<p>Por su parte, el capit\u00e1n-director de Marina D\u00e9nia, Gabriel Mart\u00ednez, ha destacado la importancia de este tipo de iniciativas dentro del compromiso social del puerto. \u201cDesde Marina D\u00e9nia siempre hemos querido que nuestras instalaciones sean un espacio abierto a la sociedad. Estos talleres forman parte de nuestra responsabilidad social y de nuestra voluntad de aportar valor a la comunidad\u201d. En breve se abrir\u00e1n otros talleres, como el de cuidado de la piel, tan importante tambi\u00e9n en esta zona.<\/p>\n\n\n\n<h2 class=\"wp-block-heading\">Pr\u00f3ximo taller mi\u00e9rcoles 25 de marzo<\/h2>\n\n\n\n<p>El pr\u00f3ximo taller se realizar\u00e1 el mi\u00e9rcoles 25 de marzo a las 18 horas. El objetivo de estos talleres es acercar a las familias conocimientos b\u00e1sicos que pueden resultar determinantes en una situaci\u00f3n de emergencia. La formaci\u00f3n permite aprender a reconocer situaciones cr\u00edticas y actuar de manera r\u00e1pida y eficaz hasta la llegada de los servicios sanitarios.<\/p>\n\n\n\n<p>Las sesiones han sido impartidas por profesionales del equipo m\u00e9dico del Hospital San Carlos, quienes han guiado a los participantes en el aprendizaje de las maniobras de reanimaci\u00f3n cardiopulmonar y de desobstrucci\u00f3n de la v\u00eda a\u00e9rea en beb\u00e9s y ni\u00f1os.<\/p>\n\n\n\n<p>Esta colaboraci\u00f3n entre Marina D\u00e9nia y el Hospital San Carlos se enmarca dentro de las acciones de <strong>responsabilidad social corporativa<\/strong> impulsadas por el puerto deportivo, con el objetivo de acercar a la poblaci\u00f3n iniciativas formativas que contribuyan a mejorar la seguridad y el bienestar de las familias.<\/p>\n\n\n\n<p>Tras cuatro a\u00f1os de trabajo conjunto, ambas entidades han reafirmado su voluntad de <strong>seguir impulsando este tipo de actividades formativas<\/strong>, que han tenido una gran acogida entre las familias de la comarca.<\/p>\n","protected":false},"excerpt":{"rendered":"<p>Martes, 10 de marzo de 2026.- El Puerto Deportivo y Tur\u00edstico Marina D\u00e9nia y el Hospital San Carlos de D\u00e9nia han presentado hoy el balance de cuatro a\u00f1os de colaboraci\u00f3n en materia de salud,&#46;&#46;&#46;<\/p>\n","protected":false},"author":2,"featured_media":0,"comment_status":"closed","ping_status":"closed","sticky":false,"template":"","format":"standard","meta":{"footnotes":""},"categories":[24],"tags":[54,13,109],"class_list":["post-1505","post","type-post","status-publish","format-standard","hentry","category-actualidad","tag-actualidad","tag-hospital-san-carlos","tag-marina-denia"],"yoast_head":"<!-- This site is optimized with the Yoast SEO plugin v17.2 - https:\/\/yoast.com\/wordpress\/plugins\/seo\/ -->\n<title>Marina D\u00e9nia y el Hospital San Carlos forman a m\u00e1s de 700 familias en RCP - Hospital San Carlos<\/title>\n<meta name=\"robots\" content=\"index, follow, max-snippet:-1, max-image-preview:large, max-video-preview:-1\" \/>\n<link rel=\"canonical\" href=\"https:\/\/www.hospitalsancarlos.es\/blog\/actualidad\/marina-denia-y-el-hospital-san-carlos-forman-a-mas-de-700-familias-en-rcp\/\" \/>\n<meta property=\"og:locale\" content=\"es_ES\" \/>\n<meta property=\"og:type\" content=\"article\" \/>\n<meta property=\"og:title\" content=\"Marina D\u00e9nia y el Hospital San Carlos forman a m\u00e1s de 700 familias en RCP - Hospital San Carlos\" \/>\n<meta property=\"og:description\" content=\"Martes, 10 de marzo de 2026.- El Puerto Deportivo y Tur\u00edstico Marina D\u00e9nia y el Hospital San Carlos de D\u00e9nia han presentado hoy el balance de cuatro a\u00f1os de colaboraci\u00f3n en materia de salud,&#046;&#046;&#046;\" \/>\n<meta property=\"og:url\" content=\"https:\/\/www.hospitalsancarlos.es\/blog\/actualidad\/marina-denia-y-el-hospital-san-carlos-forman-a-mas-de-700-familias-en-rcp\/\" \/>\n<meta property=\"og:site_name\" content=\"Hospital San Carlos\" \/>\n<meta property=\"article:published_time\" content=\"2026-03-16T11:00:48+00:00\" \/>\n<meta property=\"article:modified_time\" content=\"2026-03-16T11:02:12+00:00\" \/>\n<meta property=\"og:image\" content=\"https:\/\/www.hospitalsancarlos.es\/blog\/wp-content\/uploads\/2026\/03\/David-Vanyo-y-Gabriel-Martinez-1024x768.jpeg\" \/>\n<meta name=\"twitter:card\" content=\"summary_large_image\" \/>\n<meta name=\"twitter:label1\" content=\"Escrito por\" \/>\n\t<meta name=\"twitter:data1\" content=\"cpeiro\" \/>\n\t<meta name=\"twitter:label2\" content=\"Tiempo de lectura\" \/>\n\t<meta name=\"twitter:data2\" content=\"3 minutos\" \/>\n<script type=\"application\/ld+json\" class=\"yoast-schema-graph\">{\"@context\":\"https:\/\/schema.org\",\"@graph\":[{\"@type\":\"Organization\",\"@id\":\"https:\/\/www.hospitalsancarlos.es\/blog\/#organization\",\"name\":\"Hospital San Carlos\",\"url\":\"https:\/\/www.hospitalsancarlos.es\/blog\/\",\"sameAs\":[],\"logo\":{\"@type\":\"ImageObject\",\"@id\":\"https:\/\/www.hospitalsancarlos.es\/blog\/#logo\",\"inLanguage\":\"es\",\"url\":\"https:\/\/www.hospitalsancarlos.es\/blog\/wp-content\/uploads\/2021\/09\/logo-sancarlos.png\",\"contentUrl\":\"https:\/\/www.hospitalsancarlos.es\/blog\/wp-content\/uploads\/2021\/09\/logo-sancarlos.png\",\"width\":320,\"height\":52,\"caption\":\"Hospital San Carlos\"},\"image\":{\"@id\":\"https:\/\/www.hospitalsancarlos.es\/blog\/#logo\"}},{\"@type\":\"WebSite\",\"@id\":\"https:\/\/www.hospitalsancarlos.es\/blog\/#website\",\"url\":\"https:\/\/www.hospitalsancarlos.es\/blog\/\",\"name\":\"Hospital San Carlos\",\"description\":\"Hospital en Denia referente en la Marina Alta\",\"publisher\":{\"@id\":\"https:\/\/www.hospitalsancarlos.es\/blog\/#organization\"},\"potentialAction\":[{\"@type\":\"SearchAction\",\"target\":{\"@type\":\"EntryPoint\",\"urlTemplate\":\"https:\/\/www.hospitalsancarlos.es\/blog\/?s={search_term_string}\"},\"query-input\":\"required name=search_term_string\"}],\"inLanguage\":\"es\"},{\"@type\":\"ImageObject\",\"@id\":\"https:\/\/www.hospitalsancarlos.es\/blog\/actualidad\/marina-denia-y-el-hospital-san-carlos-forman-a-mas-de-700-familias-en-rcp\/#primaryimage\",\"inLanguage\":\"es\",\"url\":\"https:\/\/www.hospitalsancarlos.es\/blog\/wp-content\/uploads\/2026\/03\/David-Vanyo-y-Gabriel-Martinez-scaled.jpeg\",\"contentUrl\":\"https:\/\/www.hospitalsancarlos.es\/blog\/wp-content\/uploads\/2026\/03\/David-Vanyo-y-Gabriel-Martinez-scaled.jpeg\",\"width\":2560,\"height\":1920},{\"@type\":\"WebPage\",\"@id\":\"https:\/\/www.hospitalsancarlos.es\/blog\/actualidad\/marina-denia-y-el-hospital-san-carlos-forman-a-mas-de-700-familias-en-rcp\/#webpage\",\"url\":\"https:\/\/www.hospitalsancarlos.es\/blog\/actualidad\/marina-denia-y-el-hospital-san-carlos-forman-a-mas-de-700-familias-en-rcp\/\",\"name\":\"Marina D\\u00e9nia y el Hospital San Carlos forman a m\\u00e1s de 700 familias en RCP - Hospital San Carlos\",\"isPartOf\":{\"@id\":\"https:\/\/www.hospitalsancarlos.es\/blog\/#website\"},\"primaryImageOfPage\":{\"@id\":\"https:\/\/www.hospitalsancarlos.es\/blog\/actualidad\/marina-denia-y-el-hospital-san-carlos-forman-a-mas-de-700-familias-en-rcp\/#primaryimage\"},\"datePublished\":\"2026-03-16T11:00:48+00:00\",\"dateModified\":\"2026-03-16T11:02:12+00:00\",\"breadcrumb\":{\"@id\":\"https:\/\/www.hospitalsancarlos.es\/blog\/actualidad\/marina-denia-y-el-hospital-san-carlos-forman-a-mas-de-700-familias-en-rcp\/#breadcrumb\"},\"inLanguage\":\"es\",\"potentialAction\":[{\"@type\":\"ReadAction\",\"target\":[\"https:\/\/www.hospitalsancarlos.es\/blog\/actualidad\/marina-denia-y-el-hospital-san-carlos-forman-a-mas-de-700-familias-en-rcp\/\"]}]},{\"@type\":\"BreadcrumbList\",\"@id\":\"https:\/\/www.hospitalsancarlos.es\/blog\/actualidad\/marina-denia-y-el-hospital-san-carlos-forman-a-mas-de-700-familias-en-rcp\/#breadcrumb\",\"itemListElement\":[{\"@type\":\"ListItem\",\"position\":1,\"name\":\"Portada\",\"item\":\"https:\/\/www.hospitalsancarlos.es\/blog\/\"},{\"@type\":\"ListItem\",\"position\":2,\"name\":\"Marina D\\u00e9nia y el Hospital San Carlos forman a m\\u00e1s de 700 familias en RCP\"}]},{\"@type\":\"Article\",\"@id\":\"https:\/\/www.hospitalsancarlos.es\/blog\/actualidad\/marina-denia-y-el-hospital-san-carlos-forman-a-mas-de-700-familias-en-rcp\/#article\",\"isPartOf\":{\"@id\":\"https:\/\/www.hospitalsancarlos.es\/blog\/actualidad\/marina-denia-y-el-hospital-san-carlos-forman-a-mas-de-700-familias-en-rcp\/#webpage\"},\"author\":{\"@id\":\"https:\/\/www.hospitalsancarlos.es\/blog\/#\/schema\/person\/c1d5250fead0465bd1f1bfbc6e72b67e\"},\"headline\":\"Marina D\\u00e9nia y el Hospital San Carlos forman a m\\u00e1s de 700 familias en RCP\",\"datePublished\":\"2026-03-16T11:00:48+00:00\",\"dateModified\":\"2026-03-16T11:02:12+00:00\",\"mainEntityOfPage\":{\"@id\":\"https:\/\/www.hospitalsancarlos.es\/blog\/actualidad\/marina-denia-y-el-hospital-san-carlos-forman-a-mas-de-700-familias-en-rcp\/#webpage\"},\"wordCount\":584,\"publisher\":{\"@id\":\"https:\/\/www.hospitalsancarlos.es\/blog\/#organization\"},\"image\":{\"@id\":\"https:\/\/www.hospitalsancarlos.es\/blog\/actualidad\/marina-denia-y-el-hospital-san-carlos-forman-a-mas-de-700-familias-en-rcp\/#primaryimage\"},\"thumbnailUrl\":\"https:\/\/www.hospitalsancarlos.es\/blog\/wp-content\/uploads\/2026\/03\/David-Vanyo-y-Gabriel-Martinez-1024x768.jpeg\",\"keywords\":[\"actualidad\",\"Hospital San Carlos\",\"Marina D\\u00e9nia\"],\"articleSection\":[\"Actualidad\"],\"inLanguage\":\"es\"},{\"@type\":\"Person\",\"@id\":\"https:\/\/www.hospitalsancarlos.es\/blog\/#\/schema\/person\/c1d5250fead0465bd1f1bfbc6e72b67e\",\"name\":\"cpeiro\",\"image\":{\"@type\":\"ImageObject\",\"@id\":\"https:\/\/www.hospitalsancarlos.es\/blog\/#personlogo\",\"inLanguage\":\"es\",\"url\":\"https:\/\/secure.gravatar.com\/avatar\/ccda9b15179fd1fab596469501706a8d4ab328c17627e4cd9c5752f0efc1aaed?s=96&d=mm&r=g\",\"contentUrl\":\"https:\/\/secure.gravatar.com\/avatar\/ccda9b15179fd1fab596469501706a8d4ab328c17627e4cd9c5752f0efc1aaed?s=96&d=mm&r=g\",\"caption\":\"cpeiro\"}}]}<\/script>\n<!-- \/ Yoast SEO plugin. -->","yoast_head_json":{"title":"Marina D\u00e9nia y el Hospital San Carlos forman a m\u00e1s de 700 familias en RCP - Hospital San Carlos","robots":{"index":"index","follow":"follow","max-snippet":"max-snippet:-1","max-image-preview":"max-image-preview:large","max-video-preview":"max-video-preview:-1"},"canonical":"https:\/\/www.hospitalsancarlos.es\/blog\/actualidad\/marina-denia-y-el-hospital-san-carlos-forman-a-mas-de-700-familias-en-rcp\/","og_locale":"es_ES","og_type":"article","og_title":"Marina D\u00e9nia y el Hospital San Carlos forman a m\u00e1s de 700 familias en RCP - Hospital San Carlos","og_description":"Martes, 10 de marzo de 2026.- El Puerto Deportivo y Tur\u00edstico Marina D\u00e9nia y el Hospital San Carlos de D\u00e9nia han presentado hoy el balance de cuatro a\u00f1os de colaboraci\u00f3n en materia de salud,&#46;&#46;&#46;","og_url":"https:\/\/www.hospitalsancarlos.es\/blog\/actualidad\/marina-denia-y-el-hospital-san-carlos-forman-a-mas-de-700-familias-en-rcp\/","og_site_name":"Hospital San Carlos","article_published_time":"2026-03-16T11:00:48+00:00","article_modified_time":"2026-03-16T11:02:12+00:00","og_image":[{"url":"https:\/\/www.hospitalsancarlos.es\/blog\/wp-content\/uploads\/2026\/03\/David-Vanyo-y-Gabriel-Martinez-1024x768.jpeg"}],"twitter_card":"summary_large_image","twitter_misc":{"Escrito por":"cpeiro","Tiempo de lectura":"3 minutos"},"schema":{"@context":"https:\/\/schema.org","@graph":[{"@type":"Organization","@id":"https:\/\/www.hospitalsancarlos.es\/blog\/#organization","name":"Hospital San Carlos","url":"https:\/\/www.hospitalsancarlos.es\/blog\/","sameAs":[],"logo":{"@type":"ImageObject","@id":"https:\/\/www.hospitalsancarlos.es\/blog\/#logo","inLanguage":"es","url":"https:\/\/www.hospitalsancarlos.es\/blog\/wp-content\/uploads\/2021\/09\/logo-sancarlos.png","contentUrl":"https:\/\/www.hospitalsancarlos.es\/blog\/wp-content\/uploads\/2021\/09\/logo-sancarlos.png","width":320,"height":52,"caption":"Hospital San Carlos"},"image":{"@id":"https:\/\/www.hospitalsancarlos.es\/blog\/#logo"}},{"@type":"WebSite","@id":"https:\/\/www.hospitalsancarlos.es\/blog\/#website","url":"https:\/\/www.hospitalsancarlos.es\/blog\/","name":"Hospital San Carlos","description":"Hospital en Denia referente en la Marina Alta","publisher":{"@id":"https:\/\/www.hospitalsancarlos.es\/blog\/#organization"},"potentialAction":[{"@type":"SearchAction","target":{"@type":"EntryPoint","urlTemplate":"https:\/\/www.hospitalsancarlos.es\/blog\/?s={search_term_string}"},"query-input":"required name=search_term_string"}],"inLanguage":"es"},{"@type":"ImageObject","@id":"https:\/\/www.hospitalsancarlos.es\/blog\/actualidad\/marina-denia-y-el-hospital-san-carlos-forman-a-mas-de-700-familias-en-rcp\/#primaryimage","inLanguage":"es","url":"https:\/\/www.hospitalsancarlos.es\/blog\/wp-content\/uploads\/2026\/03\/David-Vanyo-y-Gabriel-Martinez-scaled.jpeg","contentUrl":"https:\/\/www.hospitalsancarlos.es\/blog\/wp-content\/uploads\/2026\/03\/David-Vanyo-y-Gabriel-Martinez-scaled.jpeg","width":2560,"height":1920},{"@type":"WebPage","@id":"https:\/\/www.hospitalsancarlos.es\/blog\/actualidad\/marina-denia-y-el-hospital-san-carlos-forman-a-mas-de-700-familias-en-rcp\/#webpage","url":"https:\/\/www.hospitalsancarlos.es\/blog\/actualidad\/marina-denia-y-el-hospital-san-carlos-forman-a-mas-de-700-familias-en-rcp\/","name":"Marina D\u00e9nia y el Hospital San Carlos forman a m\u00e1s de 700 familias en RCP - Hospital San Carlos","isPartOf":{"@id":"https:\/\/www.hospitalsancarlos.es\/blog\/#website"},"primaryImageOfPage":{"@id":"https:\/\/www.hospitalsancarlos.es\/blog\/actualidad\/marina-denia-y-el-hospital-san-carlos-forman-a-mas-de-700-familias-en-rcp\/#primaryimage"},"datePublished":"2026-03-16T11:00:48+00:00","dateModified":"2026-03-16T11:02:12+00:00","breadcrumb":{"@id":"https:\/\/www.hospitalsancarlos.es\/blog\/actualidad\/marina-denia-y-el-hospital-san-carlos-forman-a-mas-de-700-familias-en-rcp\/#breadcrumb"},"inLanguage":"es","potentialAction":[{"@type":"ReadAction","target":["https:\/\/www.hospitalsancarlos.es\/blog\/actualidad\/marina-denia-y-el-hospital-san-carlos-forman-a-mas-de-700-familias-en-rcp\/"]}]},{"@type":"BreadcrumbList","@id":"https:\/\/www.hospitalsancarlos.es\/blog\/actualidad\/marina-denia-y-el-hospital-san-carlos-forman-a-mas-de-700-familias-en-rcp\/#breadcrumb","itemListElement":[{"@type":"ListItem","position":1,"name":"Portada","item":"https:\/\/www.hospitalsancarlos.es\/blog\/"},{"@type":"ListItem","position":2,"name":"Marina D\u00e9nia y el Hospital San Carlos forman a m\u00e1s de 700 familias en RCP"}]},{"@type":"Article","@id":"https:\/\/www.hospitalsancarlos.es\/blog\/actualidad\/marina-denia-y-el-hospital-san-carlos-forman-a-mas-de-700-familias-en-rcp\/#article","isPartOf":{"@id":"https:\/\/www.hospitalsancarlos.es\/blog\/actualidad\/marina-denia-y-el-hospital-san-carlos-forman-a-mas-de-700-familias-en-rcp\/#webpage"},"author":{"@id":"https:\/\/www.hospitalsancarlos.es\/blog\/#\/schema\/person\/c1d5250fead0465bd1f1bfbc6e72b67e"},"headline":"Marina D\u00e9nia y el Hospital San Carlos forman a m\u00e1s de 700 familias en RCP","datePublished":"2026-03-16T11:00:48+00:00","dateModified":"2026-03-16T11:02:12+00:00","mainEntityOfPage":{"@id":"https:\/\/www.hospitalsancarlos.es\/blog\/actualidad\/marina-denia-y-el-hospital-san-carlos-forman-a-mas-de-700-familias-en-rcp\/#webpage"},"wordCount":584,"publisher":{"@id":"https:\/\/www.hospitalsancarlos.es\/blog\/#organization"},"image":{"@id":"https:\/\/www.hospitalsancarlos.es\/blog\/actualidad\/marina-denia-y-el-hospital-san-carlos-forman-a-mas-de-700-familias-en-rcp\/#primaryimage"},"thumbnailUrl":"https:\/\/www.hospitalsancarlos.es\/blog\/wp-content\/uploads\/2026\/03\/David-Vanyo-y-Gabriel-Martinez-1024x768.jpeg","keywords":["actualidad","Hospital San Carlos","Marina D\u00e9nia"],"articleSection":["Actualidad"],"inLanguage":"es"},{"@type":"Person","@id":"https:\/\/www.hospitalsancarlos.es\/blog\/#\/schema\/person\/c1d5250fead0465bd1f1bfbc6e72b67e","name":"cpeiro","image":{"@type":"ImageObject","@id":"https:\/\/www.hospitalsancarlos.es\/blog\/#personlogo","inLanguage":"es","url":"https:\/\/secure.gravatar.com\/avatar\/ccda9b15179fd1fab596469501706a8d4ab328c17627e4cd9c5752f0efc1aaed?s=96&d=mm&r=g","contentUrl":"https:\/\/secure.gravatar.com\/avatar\/ccda9b15179fd1fab596469501706a8d4ab328c17627e4cd9c5752f0efc1aaed?s=96&d=mm&r=g","caption":"cpeiro"}}]}},"_links":{"self":[{"href":"https:\/\/www.hospitalsancarlos.es\/blog\/wp-json\/wp\/v2\/posts\/1505","targetHints":{"allow":["GET"]}}],"collection":[{"href":"https:\/\/www.hospitalsancarlos.es\/blog\/wp-json\/wp\/v2\/posts"}],"about":[{"href":"https:\/\/www.hospitalsancarlos.es\/blog\/wp-json\/wp\/v2\/types\/post"}],"author":[{"embeddable":true,"href":"https:\/\/www.hospitalsancarlos.es\/blog\/wp-json\/wp\/v2\/users\/2"}],"replies":[{"embeddable":true,"href":"https:\/\/www.hospitalsancarlos.es\/blog\/wp-json\/wp\/v2\/comments?post=1505"}],"version-history":[{"count":6,"href":"https:\/\/www.hospitalsancarlos.es\/blog\/wp-json\/wp\/v2\/posts\/1505\/revisions"}],"predecessor-version":[{"id":1514,"href":"https:\/\/www.hospitalsancarlos.es\/blog\/wp-json\/wp\/v2\/posts\/1505\/revisions\/1514"}],"wp:attachment":[{"href":"https:\/\/www.hospitalsancarlos.es\/blog\/wp-json\/wp\/v2\/media?parent=1505"}],"wp:term":[{"taxonomy":"category","embeddable":true,"href":"https:\/\/www.hospitalsancarlos.es\/blog\/wp-json\/wp\/v2\/categories?post=1505"},{"taxonomy":"post_tag","embeddable":true,"href":"https:\/\/www.hospitalsancarlos.es\/blog\/wp-json\/wp\/v2\/tags?post=1505"}],"curies":[{"name":"wp","href":"https:\/\/api.w.org\/{rel}","templated":true}]}}