{"id":1494,"date":"2026-03-10T12:14:48","date_gmt":"2026-03-10T11:14:48","guid":{"rendered":"https:\/\/www.hospitalsancarlos.es\/blog\/?p=1494"},"modified":"2026-03-10T12:14:49","modified_gmt":"2026-03-10T11:14:49","slug":"david-vano-gerente-del-hospital-san-carlos-subraya-la-importancia-del-tiempo-para-mejorar-la-atencion-al-paciente","status":"publish","type":"post","link":"https:\/\/www.hospitalsancarlos.es\/blog\/actualidad\/david-vano-gerente-del-hospital-san-carlos-subraya-la-importancia-del-tiempo-para-mejorar-la-atencion-al-paciente\/","title":{"rendered":"David Va\u00f1\u00f3, gerente del Hospital San Carlos, subraya la importancia del tiempo para mejorar la atenci\u00f3n al paciente"},"content":{"rendered":"\n<iframe src=\"https:\/\/www.ivoox.com\/player_ej_169819163_6_1.html?c1=4c3c8c\" width=\"100%\" height=\"200\" frameborder=\"0\" allowfullscreen=\"\" scrolling=\"no\" loading=\"lazy\"><\/iframe>\n\n\n\n<p>El <strong><a href=\"https:\/\/www.hospitalsancarlos.es\/\" data-type=\"link\" data-id=\"https:\/\/www.hospitalsancarlos.es\/\">Hospital San Carlos de D\u00e9nia <\/a><\/strong>contin\u00faa consolid\u00e1ndose como un referente sanitario en la comarca de la Marina Alta. <strong>Su gerente, David Va\u00f1\u00f3<\/strong>, destaca que el eje de toda la atenci\u00f3n es el paciente y su familia, y que dedicar tiempo a cada persona es clave para ofrecer un servicio de calidad. Seg\u00fan explica, esto implica no solo diagn\u00f3sticos y tratamientos precisos, sino tambi\u00e9n acompa\u00f1ar al paciente durante todo el proceso asistencial, desde su llegada hasta la resoluci\u00f3n de su problema de salud.<\/p>\n\n\n\n<h2 class=\"wp-block-heading\"><strong><strong>Tecnolog\u00eda y atenci\u00f3n personalizada<\/strong><\/strong><\/h2>\n\n\n\n<p>Va\u00f1\u00f3 se\u00f1ala que la <strong>innovaci\u00f3n tecnol\u00f3gica <\/strong>es fundamental para mejorar la atenci\u00f3n sanitaria. La incorporaci\u00f3n de nuevos equipos permite diagn\u00f3sticos m\u00e1s precisos y tratamientos m\u00e1s eficaces, pero siempre pensando en el bienestar del paciente. Al mismo tiempo, el hospital mantiene un trato cercano y familiar, donde todos los profesionales trabajan coordinados para ofrecer una experiencia m\u00e1s humana y completa.<\/p>\n\n\n\n<h2 class=\"wp-block-heading\"><strong><strong>El valor del tiempo en la atenci\u00f3n sanitaria<\/strong><\/strong><\/h2>\n\n\n\n<p>El gerente del Hospital San Carlos destaca que disponer del tiempo adecuado para cada paciente marca la diferencia. \u201cIntentamos mantener un tiempo suficiente para escuchar, entender y acompa\u00f1ar a cada persona y a sus familiares\u201d, explica. Este enfoque tambi\u00e9n se refleja en la planificaci\u00f3n de los servicios durante picos de demanda y en la atenci\u00f3n a reclamaciones, buscando siempre mejorar la experiencia y los resultados cl\u00ednicos.<\/p>\n\n\n\n<h2 class=\"wp-block-heading\"><strong>Acceso a la salud y compromiso con los profesionales<\/strong><\/h2>\n\n\n\n<p>El hospital mantiene acuerdos con aseguradoras nacionales e internacionales, pero tambi\u00e9n garantiza atenci\u00f3n a pacientes sin seguro. Adem\u00e1s, trabaja para fidelizar a sus profesionales sanitarios, asegurando que se sientan valorados y motivados, lo que repercute directamente en la calidad de la atenci\u00f3n y en la confianza de la poblaci\u00f3n de la Marina Alta.<\/p>\n\n\n\n<p><\/p>\n","protected":false},"excerpt":{"rendered":"<p>El Hospital San Carlos de D\u00e9nia contin\u00faa consolid\u00e1ndose como un referente sanitario en la comarca de la Marina Alta. Su gerente, David Va\u00f1\u00f3, destaca que el eje de toda la atenci\u00f3n es el paciente&#46;&#46;&#46;<\/p>\n","protected":false},"author":2,"featured_media":1498,"comment_status":"closed","ping_status":"closed","sticky":false,"template":"","format":"standard","meta":{"footnotes":""},"categories":[24],"tags":[54,13],"class_list":["post-1494","post","type-post","status-publish","format-standard","has-post-thumbnail","hentry","category-actualidad","tag-actualidad","tag-hospital-san-carlos"],"yoast_head":"<!-- This site is optimized with the Yoast SEO plugin v17.2 - https:\/\/yoast.com\/wordpress\/plugins\/seo\/ -->\n<title>David Va\u00f1\u00f3, gerente del Hospital San Carlos, subraya la importancia del tiempo para mejorar la atenci\u00f3n al paciente - Hospital San Carlos<\/title>\n<meta name=\"robots\" content=\"index, follow, max-snippet:-1, max-image-preview:large, max-video-preview:-1\" \/>\n<link rel=\"canonical\" href=\"https:\/\/www.hospitalsancarlos.es\/blog\/actualidad\/david-vano-gerente-del-hospital-san-carlos-subraya-la-importancia-del-tiempo-para-mejorar-la-atencion-al-paciente\/\" \/>\n<meta property=\"og:locale\" content=\"es_ES\" \/>\n<meta property=\"og:type\" content=\"article\" \/>\n<meta property=\"og:title\" content=\"David Va\u00f1\u00f3, gerente del Hospital San Carlos, subraya la importancia del tiempo para mejorar la atenci\u00f3n al paciente - Hospital San Carlos\" \/>\n<meta property=\"og:description\" content=\"El Hospital San Carlos de D\u00e9nia contin\u00faa consolid\u00e1ndose como un referente sanitario en la comarca de la Marina Alta. Su gerente, David Va\u00f1\u00f3, destaca que el eje de toda la atenci\u00f3n es el paciente&#046;&#046;&#046;\" \/>\n<meta property=\"og:url\" content=\"https:\/\/www.hospitalsancarlos.es\/blog\/actualidad\/david-vano-gerente-del-hospital-san-carlos-subraya-la-importancia-del-tiempo-para-mejorar-la-atencion-al-paciente\/\" \/>\n<meta property=\"og:site_name\" content=\"Hospital San Carlos\" \/>\n<meta property=\"article:published_time\" content=\"2026-03-10T11:14:48+00:00\" \/>\n<meta property=\"article:modified_time\" content=\"2026-03-10T11:14:49+00:00\" \/>\n<meta property=\"og:image\" content=\"https:\/\/www.hospitalsancarlos.es\/blog\/wp-content\/uploads\/2026\/03\/David-Vano.jpg\" \/>\n\t<meta property=\"og:image:width\" content=\"753\" \/>\n\t<meta property=\"og:image:height\" content=\"480\" \/>\n<meta name=\"twitter:card\" content=\"summary_large_image\" \/>\n<meta name=\"twitter:label1\" content=\"Escrito por\" \/>\n\t<meta name=\"twitter:data1\" content=\"cpeiro\" \/>\n\t<meta name=\"twitter:label2\" content=\"Tiempo de lectura\" \/>\n\t<meta name=\"twitter:data2\" content=\"2 minutos\" \/>\n<script type=\"application\/ld+json\" class=\"yoast-schema-graph\">{\"@context\":\"https:\/\/schema.org\",\"@graph\":[{\"@type\":\"Organization\",\"@id\":\"https:\/\/www.hospitalsancarlos.es\/blog\/#organization\",\"name\":\"Hospital San Carlos\",\"url\":\"https:\/\/www.hospitalsancarlos.es\/blog\/\",\"sameAs\":[],\"logo\":{\"@type\":\"ImageObject\",\"@id\":\"https:\/\/www.hospitalsancarlos.es\/blog\/#logo\",\"inLanguage\":\"es\",\"url\":\"https:\/\/www.hospitalsancarlos.es\/blog\/wp-content\/uploads\/2021\/09\/logo-sancarlos.png\",\"contentUrl\":\"https:\/\/www.hospitalsancarlos.es\/blog\/wp-content\/uploads\/2021\/09\/logo-sancarlos.png\",\"width\":320,\"height\":52,\"caption\":\"Hospital San Carlos\"},\"image\":{\"@id\":\"https:\/\/www.hospitalsancarlos.es\/blog\/#logo\"}},{\"@type\":\"WebSite\",\"@id\":\"https:\/\/www.hospitalsancarlos.es\/blog\/#website\",\"url\":\"https:\/\/www.hospitalsancarlos.es\/blog\/\",\"name\":\"Hospital San Carlos\",\"description\":\"Hospital en Denia referente en la Marina Alta\",\"publisher\":{\"@id\":\"https:\/\/www.hospitalsancarlos.es\/blog\/#organization\"},\"potentialAction\":[{\"@type\":\"SearchAction\",\"target\":{\"@type\":\"EntryPoint\",\"urlTemplate\":\"https:\/\/www.hospitalsancarlos.es\/blog\/?s={search_term_string}\"},\"query-input\":\"required name=search_term_string\"}],\"inLanguage\":\"es\"},{\"@type\":\"ImageObject\",\"@id\":\"https:\/\/www.hospitalsancarlos.es\/blog\/actualidad\/david-vano-gerente-del-hospital-san-carlos-subraya-la-importancia-del-tiempo-para-mejorar-la-atencion-al-paciente\/#primaryimage\",\"inLanguage\":\"es\",\"url\":\"https:\/\/www.hospitalsancarlos.es\/blog\/wp-content\/uploads\/2026\/03\/David-Vano.jpg\",\"contentUrl\":\"https:\/\/www.hospitalsancarlos.es\/blog\/wp-content\/uploads\/2026\/03\/David-Vano.jpg\",\"width\":753,\"height\":480},{\"@type\":\"WebPage\",\"@id\":\"https:\/\/www.hospitalsancarlos.es\/blog\/actualidad\/david-vano-gerente-del-hospital-san-carlos-subraya-la-importancia-del-tiempo-para-mejorar-la-atencion-al-paciente\/#webpage\",\"url\":\"https:\/\/www.hospitalsancarlos.es\/blog\/actualidad\/david-vano-gerente-del-hospital-san-carlos-subraya-la-importancia-del-tiempo-para-mejorar-la-atencion-al-paciente\/\",\"name\":\"David Va\\u00f1\\u00f3, gerente del Hospital San Carlos, subraya la importancia del tiempo para mejorar la atenci\\u00f3n al paciente - Hospital San Carlos\",\"isPartOf\":{\"@id\":\"https:\/\/www.hospitalsancarlos.es\/blog\/#website\"},\"primaryImageOfPage\":{\"@id\":\"https:\/\/www.hospitalsancarlos.es\/blog\/actualidad\/david-vano-gerente-del-hospital-san-carlos-subraya-la-importancia-del-tiempo-para-mejorar-la-atencion-al-paciente\/#primaryimage\"},\"datePublished\":\"2026-03-10T11:14:48+00:00\",\"dateModified\":\"2026-03-10T11:14:49+00:00\",\"breadcrumb\":{\"@id\":\"https:\/\/www.hospitalsancarlos.es\/blog\/actualidad\/david-vano-gerente-del-hospital-san-carlos-subraya-la-importancia-del-tiempo-para-mejorar-la-atencion-al-paciente\/#breadcrumb\"},\"inLanguage\":\"es\",\"potentialAction\":[{\"@type\":\"ReadAction\",\"target\":[\"https:\/\/www.hospitalsancarlos.es\/blog\/actualidad\/david-vano-gerente-del-hospital-san-carlos-subraya-la-importancia-del-tiempo-para-mejorar-la-atencion-al-paciente\/\"]}]},{\"@type\":\"BreadcrumbList\",\"@id\":\"https:\/\/www.hospitalsancarlos.es\/blog\/actualidad\/david-vano-gerente-del-hospital-san-carlos-subraya-la-importancia-del-tiempo-para-mejorar-la-atencion-al-paciente\/#breadcrumb\",\"itemListElement\":[{\"@type\":\"ListItem\",\"position\":1,\"name\":\"Portada\",\"item\":\"https:\/\/www.hospitalsancarlos.es\/blog\/\"},{\"@type\":\"ListItem\",\"position\":2,\"name\":\"David Va\\u00f1\\u00f3, gerente del Hospital San Carlos, subraya la importancia del tiempo para mejorar la atenci\\u00f3n al paciente\"}]},{\"@type\":\"Article\",\"@id\":\"https:\/\/www.hospitalsancarlos.es\/blog\/actualidad\/david-vano-gerente-del-hospital-san-carlos-subraya-la-importancia-del-tiempo-para-mejorar-la-atencion-al-paciente\/#article\",\"isPartOf\":{\"@id\":\"https:\/\/www.hospitalsancarlos.es\/blog\/actualidad\/david-vano-gerente-del-hospital-san-carlos-subraya-la-importancia-del-tiempo-para-mejorar-la-atencion-al-paciente\/#webpage\"},\"author\":{\"@id\":\"https:\/\/www.hospitalsancarlos.es\/blog\/#\/schema\/person\/c1d5250fead0465bd1f1bfbc6e72b67e\"},\"headline\":\"David Va\\u00f1\\u00f3, gerente del Hospital San Carlos, subraya la importancia del tiempo para mejorar la atenci\\u00f3n al paciente\",\"datePublished\":\"2026-03-10T11:14:48+00:00\",\"dateModified\":\"2026-03-10T11:14:49+00:00\",\"mainEntityOfPage\":{\"@id\":\"https:\/\/www.hospitalsancarlos.es\/blog\/actualidad\/david-vano-gerente-del-hospital-san-carlos-subraya-la-importancia-del-tiempo-para-mejorar-la-atencion-al-paciente\/#webpage\"},\"wordCount\":332,\"publisher\":{\"@id\":\"https:\/\/www.hospitalsancarlos.es\/blog\/#organization\"},\"image\":{\"@id\":\"https:\/\/www.hospitalsancarlos.es\/blog\/actualidad\/david-vano-gerente-del-hospital-san-carlos-subraya-la-importancia-del-tiempo-para-mejorar-la-atencion-al-paciente\/#primaryimage\"},\"thumbnailUrl\":\"https:\/\/www.hospitalsancarlos.es\/blog\/wp-content\/uploads\/2026\/03\/David-Vano.jpg\",\"keywords\":[\"actualidad\",\"Hospital San Carlos\"],\"articleSection\":[\"Actualidad\"],\"inLanguage\":\"es\"},{\"@type\":\"Person\",\"@id\":\"https:\/\/www.hospitalsancarlos.es\/blog\/#\/schema\/person\/c1d5250fead0465bd1f1bfbc6e72b67e\",\"name\":\"cpeiro\",\"image\":{\"@type\":\"ImageObject\",\"@id\":\"https:\/\/www.hospitalsancarlos.es\/blog\/#personlogo\",\"inLanguage\":\"es\",\"url\":\"https:\/\/secure.gravatar.com\/avatar\/ccda9b15179fd1fab596469501706a8d4ab328c17627e4cd9c5752f0efc1aaed?s=96&d=mm&r=g\",\"contentUrl\":\"https:\/\/secure.gravatar.com\/avatar\/ccda9b15179fd1fab596469501706a8d4ab328c17627e4cd9c5752f0efc1aaed?s=96&d=mm&r=g\",\"caption\":\"cpeiro\"}}]}<\/script>\n<!-- \/ Yoast SEO plugin. -->","yoast_head_json":{"title":"David Va\u00f1\u00f3, gerente del Hospital San Carlos, subraya la importancia del tiempo para mejorar la atenci\u00f3n al paciente - Hospital San Carlos","robots":{"index":"index","follow":"follow","max-snippet":"max-snippet:-1","max-image-preview":"max-image-preview:large","max-video-preview":"max-video-preview:-1"},"canonical":"https:\/\/www.hospitalsancarlos.es\/blog\/actualidad\/david-vano-gerente-del-hospital-san-carlos-subraya-la-importancia-del-tiempo-para-mejorar-la-atencion-al-paciente\/","og_locale":"es_ES","og_type":"article","og_title":"David Va\u00f1\u00f3, gerente del Hospital San Carlos, subraya la importancia del tiempo para mejorar la atenci\u00f3n al paciente - Hospital San Carlos","og_description":"El Hospital San Carlos de D\u00e9nia contin\u00faa consolid\u00e1ndose como un referente sanitario en la comarca de la Marina Alta. Su gerente, David Va\u00f1\u00f3, destaca que el eje de toda la atenci\u00f3n es el paciente&#46;&#46;&#46;","og_url":"https:\/\/www.hospitalsancarlos.es\/blog\/actualidad\/david-vano-gerente-del-hospital-san-carlos-subraya-la-importancia-del-tiempo-para-mejorar-la-atencion-al-paciente\/","og_site_name":"Hospital San Carlos","article_published_time":"2026-03-10T11:14:48+00:00","article_modified_time":"2026-03-10T11:14:49+00:00","og_image":[{"width":753,"height":480,"filesize":70815,"url":"https:\/\/www.hospitalsancarlos.es\/blog\/wp-content\/uploads\/2026\/03\/David-Vano.jpg","path":"\/var\/www\/vhosts\/hospitalsancarlos.es\/httpdocs\/blog\/wp-content\/uploads\/2026\/03\/David-Vano.jpg","size":"full","id":1498,"alt":"","pixels":361440,"type":"image\/jpeg"}],"twitter_card":"summary_large_image","twitter_misc":{"Escrito por":"cpeiro","Tiempo de lectura":"2 minutos"},"schema":{"@context":"https:\/\/schema.org","@graph":[{"@type":"Organization","@id":"https:\/\/www.hospitalsancarlos.es\/blog\/#organization","name":"Hospital San Carlos","url":"https:\/\/www.hospitalsancarlos.es\/blog\/","sameAs":[],"logo":{"@type":"ImageObject","@id":"https:\/\/www.hospitalsancarlos.es\/blog\/#logo","inLanguage":"es","url":"https:\/\/www.hospitalsancarlos.es\/blog\/wp-content\/uploads\/2021\/09\/logo-sancarlos.png","contentUrl":"https:\/\/www.hospitalsancarlos.es\/blog\/wp-content\/uploads\/2021\/09\/logo-sancarlos.png","width":320,"height":52,"caption":"Hospital San Carlos"},"image":{"@id":"https:\/\/www.hospitalsancarlos.es\/blog\/#logo"}},{"@type":"WebSite","@id":"https:\/\/www.hospitalsancarlos.es\/blog\/#website","url":"https:\/\/www.hospitalsancarlos.es\/blog\/","name":"Hospital San Carlos","description":"Hospital en Denia referente en la Marina Alta","publisher":{"@id":"https:\/\/www.hospitalsancarlos.es\/blog\/#organization"},"potentialAction":[{"@type":"SearchAction","target":{"@type":"EntryPoint","urlTemplate":"https:\/\/www.hospitalsancarlos.es\/blog\/?s={search_term_string}"},"query-input":"required name=search_term_string"}],"inLanguage":"es"},{"@type":"ImageObject","@id":"https:\/\/www.hospitalsancarlos.es\/blog\/actualidad\/david-vano-gerente-del-hospital-san-carlos-subraya-la-importancia-del-tiempo-para-mejorar-la-atencion-al-paciente\/#primaryimage","inLanguage":"es","url":"https:\/\/www.hospitalsancarlos.es\/blog\/wp-content\/uploads\/2026\/03\/David-Vano.jpg","contentUrl":"https:\/\/www.hospitalsancarlos.es\/blog\/wp-content\/uploads\/2026\/03\/David-Vano.jpg","width":753,"height":480},{"@type":"WebPage","@id":"https:\/\/www.hospitalsancarlos.es\/blog\/actualidad\/david-vano-gerente-del-hospital-san-carlos-subraya-la-importancia-del-tiempo-para-mejorar-la-atencion-al-paciente\/#webpage","url":"https:\/\/www.hospitalsancarlos.es\/blog\/actualidad\/david-vano-gerente-del-hospital-san-carlos-subraya-la-importancia-del-tiempo-para-mejorar-la-atencion-al-paciente\/","name":"David Va\u00f1\u00f3, gerente del Hospital San Carlos, subraya la importancia del tiempo para mejorar la atenci\u00f3n al paciente - Hospital San Carlos","isPartOf":{"@id":"https:\/\/www.hospitalsancarlos.es\/blog\/#website"},"primaryImageOfPage":{"@id":"https:\/\/www.hospitalsancarlos.es\/blog\/actualidad\/david-vano-gerente-del-hospital-san-carlos-subraya-la-importancia-del-tiempo-para-mejorar-la-atencion-al-paciente\/#primaryimage"},"datePublished":"2026-03-10T11:14:48+00:00","dateModified":"2026-03-10T11:14:49+00:00","breadcrumb":{"@id":"https:\/\/www.hospitalsancarlos.es\/blog\/actualidad\/david-vano-gerente-del-hospital-san-carlos-subraya-la-importancia-del-tiempo-para-mejorar-la-atencion-al-paciente\/#breadcrumb"},"inLanguage":"es","potentialAction":[{"@type":"ReadAction","target":["https:\/\/www.hospitalsancarlos.es\/blog\/actualidad\/david-vano-gerente-del-hospital-san-carlos-subraya-la-importancia-del-tiempo-para-mejorar-la-atencion-al-paciente\/"]}]},{"@type":"BreadcrumbList","@id":"https:\/\/www.hospitalsancarlos.es\/blog\/actualidad\/david-vano-gerente-del-hospital-san-carlos-subraya-la-importancia-del-tiempo-para-mejorar-la-atencion-al-paciente\/#breadcrumb","itemListElement":[{"@type":"ListItem","position":1,"name":"Portada","item":"https:\/\/www.hospitalsancarlos.es\/blog\/"},{"@type":"ListItem","position":2,"name":"David Va\u00f1\u00f3, gerente del Hospital San Carlos, subraya la importancia del tiempo para mejorar la atenci\u00f3n al paciente"}]},{"@type":"Article","@id":"https:\/\/www.hospitalsancarlos.es\/blog\/actualidad\/david-vano-gerente-del-hospital-san-carlos-subraya-la-importancia-del-tiempo-para-mejorar-la-atencion-al-paciente\/#article","isPartOf":{"@id":"https:\/\/www.hospitalsancarlos.es\/blog\/actualidad\/david-vano-gerente-del-hospital-san-carlos-subraya-la-importancia-del-tiempo-para-mejorar-la-atencion-al-paciente\/#webpage"},"author":{"@id":"https:\/\/www.hospitalsancarlos.es\/blog\/#\/schema\/person\/c1d5250fead0465bd1f1bfbc6e72b67e"},"headline":"David Va\u00f1\u00f3, gerente del Hospital San Carlos, subraya la importancia del tiempo para mejorar la atenci\u00f3n al paciente","datePublished":"2026-03-10T11:14:48+00:00","dateModified":"2026-03-10T11:14:49+00:00","mainEntityOfPage":{"@id":"https:\/\/www.hospitalsancarlos.es\/blog\/actualidad\/david-vano-gerente-del-hospital-san-carlos-subraya-la-importancia-del-tiempo-para-mejorar-la-atencion-al-paciente\/#webpage"},"wordCount":332,"publisher":{"@id":"https:\/\/www.hospitalsancarlos.es\/blog\/#organization"},"image":{"@id":"https:\/\/www.hospitalsancarlos.es\/blog\/actualidad\/david-vano-gerente-del-hospital-san-carlos-subraya-la-importancia-del-tiempo-para-mejorar-la-atencion-al-paciente\/#primaryimage"},"thumbnailUrl":"https:\/\/www.hospitalsancarlos.es\/blog\/wp-content\/uploads\/2026\/03\/David-Vano.jpg","keywords":["actualidad","Hospital San Carlos"],"articleSection":["Actualidad"],"inLanguage":"es"},{"@type":"Person","@id":"https:\/\/www.hospitalsancarlos.es\/blog\/#\/schema\/person\/c1d5250fead0465bd1f1bfbc6e72b67e","name":"cpeiro","image":{"@type":"ImageObject","@id":"https:\/\/www.hospitalsancarlos.es\/blog\/#personlogo","inLanguage":"es","url":"https:\/\/secure.gravatar.com\/avatar\/ccda9b15179fd1fab596469501706a8d4ab328c17627e4cd9c5752f0efc1aaed?s=96&d=mm&r=g","contentUrl":"https:\/\/secure.gravatar.com\/avatar\/ccda9b15179fd1fab596469501706a8d4ab328c17627e4cd9c5752f0efc1aaed?s=96&d=mm&r=g","caption":"cpeiro"}}]}},"_links":{"self":[{"href":"https:\/\/www.hospitalsancarlos.es\/blog\/wp-json\/wp\/v2\/posts\/1494","targetHints":{"allow":["GET"]}}],"collection":[{"href":"https:\/\/www.hospitalsancarlos.es\/blog\/wp-json\/wp\/v2\/posts"}],"about":[{"href":"https:\/\/www.hospitalsancarlos.es\/blog\/wp-json\/wp\/v2\/types\/post"}],"author":[{"embeddable":true,"href":"https:\/\/www.hospitalsancarlos.es\/blog\/wp-json\/wp\/v2\/users\/2"}],"replies":[{"embeddable":true,"href":"https:\/\/www.hospitalsancarlos.es\/blog\/wp-json\/wp\/v2\/comments?post=1494"}],"version-history":[{"count":6,"href":"https:\/\/www.hospitalsancarlos.es\/blog\/wp-json\/wp\/v2\/posts\/1494\/revisions"}],"predecessor-version":[{"id":1502,"href":"https:\/\/www.hospitalsancarlos.es\/blog\/wp-json\/wp\/v2\/posts\/1494\/revisions\/1502"}],"wp:featuredmedia":[{"embeddable":true,"href":"https:\/\/www.hospitalsancarlos.es\/blog\/wp-json\/wp\/v2\/media\/1498"}],"wp:attachment":[{"href":"https:\/\/www.hospitalsancarlos.es\/blog\/wp-json\/wp\/v2\/media?parent=1494"}],"wp:term":[{"taxonomy":"category","embeddable":true,"href":"https:\/\/www.hospitalsancarlos.es\/blog\/wp-json\/wp\/v2\/categories?post=1494"},{"taxonomy":"post_tag","embeddable":true,"href":"https:\/\/www.hospitalsancarlos.es\/blog\/wp-json\/wp\/v2\/tags?post=1494"}],"curies":[{"name":"wp","href":"https:\/\/api.w.org\/{rel}","templated":true}]}}