{"id":1420,"date":"2025-11-19T16:44:00","date_gmt":"2025-11-19T15:44:00","guid":{"rendered":"https:\/\/www.hospitalsancarlos.es\/blog\/?p=1420"},"modified":"2025-11-19T16:44:00","modified_gmt":"2025-11-19T15:44:00","slug":"gripe-aviar-problema-salud-humana","status":"publish","type":"post","link":"https:\/\/www.hospitalsancarlos.es\/blog\/actualidad\/gripe-aviar-problema-salud-humana\/","title":{"rendered":"\u00bfPuede la gripe aviar suponer un problema para la salud humana?"},"content":{"rendered":"\n<p>En la Marina Alta se han activado medidas especiales de prevenci\u00f3n por la detecci\u00f3n de la gripe aviar en aves silvestres y en un establecimiento de aves cautivas. Aunque hasta el momento no se han registrado casos entre la poblaci\u00f3n , la noticia ha generado cierta preocupaci\u00f3n entre ciudadanos. Para conocer de primera mano si esta enfermedad puede suponer alg\u00fan riesgo para la salud humana, la doctora Valentina Prieto, doctora en urgencias del hospital HLA San Carlos atiende a los micr\u00f3fonos de la cadena COPE.<\/p>\n\n\n\n<iframe src=\"https:\/\/www.ivoox.com\/player_ej_162956963_6_1.html?c1=4c3c8c\" width=\"100%\" height=\"200\" frameborder=\"0\" allowfullscreen=\"\" scrolling=\"no\" loading=\"lazy\"><\/iframe>\n\n\n\n<p><\/p>\n","protected":false},"excerpt":{"rendered":"<p>En la Marina Alta se han activado medidas especiales de prevenci\u00f3n por la detecci\u00f3n de la gripe aviar en aves silvestres y en un establecimiento de aves cautivas. Aunque hasta el momento no se&#46;&#46;&#46;<\/p>\n","protected":false},"author":2,"featured_media":1421,"comment_status":"closed","ping_status":"closed","sticky":false,"template":"","format":"standard","meta":{"footnotes":""},"categories":[24],"tags":[],"class_list":["post-1420","post","type-post","status-publish","format-standard","has-post-thumbnail","hentry","category-actualidad"],"yoast_head":"<!-- This site is optimized with the Yoast SEO plugin v17.2 - https:\/\/yoast.com\/wordpress\/plugins\/seo\/ -->\n<title>\u00bfPuede la gripe aviar suponer un problema para la salud humana? - Hospital San Carlos<\/title>\n<meta name=\"robots\" content=\"index, follow, max-snippet:-1, max-image-preview:large, max-video-preview:-1\" \/>\n<link rel=\"canonical\" href=\"https:\/\/www.hospitalsancarlos.es\/blog\/actualidad\/gripe-aviar-problema-salud-humana\/\" \/>\n<meta property=\"og:locale\" content=\"es_ES\" \/>\n<meta property=\"og:type\" content=\"article\" \/>\n<meta property=\"og:title\" content=\"\u00bfPuede la gripe aviar suponer un problema para la salud humana? - Hospital San Carlos\" \/>\n<meta property=\"og:description\" content=\"En la Marina Alta se han activado medidas especiales de prevenci\u00f3n por la detecci\u00f3n de la gripe aviar en aves silvestres y en un establecimiento de aves cautivas. Aunque hasta el momento no se&#046;&#046;&#046;\" \/>\n<meta property=\"og:url\" content=\"https:\/\/www.hospitalsancarlos.es\/blog\/actualidad\/gripe-aviar-problema-salud-humana\/\" \/>\n<meta property=\"og:site_name\" content=\"Hospital San Carlos\" \/>\n<meta property=\"article:published_time\" content=\"2025-11-19T15:44:00+00:00\" \/>\n<meta property=\"og:image\" content=\"https:\/\/www.hospitalsancarlos.es\/blog\/wp-content\/uploads\/2025\/11\/Dra.-Valentina-Prieto.jpg\" \/>\n\t<meta property=\"og:image:width\" content=\"828\" \/>\n\t<meta property=\"og:image:height\" content=\"1039\" \/>\n<meta name=\"twitter:card\" content=\"summary_large_image\" \/>\n<meta name=\"twitter:label1\" content=\"Escrito por\" \/>\n\t<meta name=\"twitter:data1\" content=\"cpeiro\" \/>\n<script type=\"application\/ld+json\" class=\"yoast-schema-graph\">{\"@context\":\"https:\/\/schema.org\",\"@graph\":[{\"@type\":\"Organization\",\"@id\":\"https:\/\/www.hospitalsancarlos.es\/blog\/#organization\",\"name\":\"Hospital San Carlos\",\"url\":\"https:\/\/www.hospitalsancarlos.es\/blog\/\",\"sameAs\":[],\"logo\":{\"@type\":\"ImageObject\",\"@id\":\"https:\/\/www.hospitalsancarlos.es\/blog\/#logo\",\"inLanguage\":\"es\",\"url\":\"https:\/\/www.hospitalsancarlos.es\/blog\/wp-content\/uploads\/2021\/09\/logo-sancarlos.png\",\"contentUrl\":\"https:\/\/www.hospitalsancarlos.es\/blog\/wp-content\/uploads\/2021\/09\/logo-sancarlos.png\",\"width\":320,\"height\":52,\"caption\":\"Hospital San Carlos\"},\"image\":{\"@id\":\"https:\/\/www.hospitalsancarlos.es\/blog\/#logo\"}},{\"@type\":\"WebSite\",\"@id\":\"https:\/\/www.hospitalsancarlos.es\/blog\/#website\",\"url\":\"https:\/\/www.hospitalsancarlos.es\/blog\/\",\"name\":\"Hospital San Carlos\",\"description\":\"Hospital en Denia referente en la Marina Alta\",\"publisher\":{\"@id\":\"https:\/\/www.hospitalsancarlos.es\/blog\/#organization\"},\"potentialAction\":[{\"@type\":\"SearchAction\",\"target\":{\"@type\":\"EntryPoint\",\"urlTemplate\":\"https:\/\/www.hospitalsancarlos.es\/blog\/?s={search_term_string}\"},\"query-input\":\"required name=search_term_string\"}],\"inLanguage\":\"es\"},{\"@type\":\"ImageObject\",\"@id\":\"https:\/\/www.hospitalsancarlos.es\/blog\/actualidad\/gripe-aviar-problema-salud-humana\/#primaryimage\",\"inLanguage\":\"es\",\"url\":\"https:\/\/www.hospitalsancarlos.es\/blog\/wp-content\/uploads\/2025\/11\/Dra.-Valentina-Prieto.jpg\",\"contentUrl\":\"https:\/\/www.hospitalsancarlos.es\/blog\/wp-content\/uploads\/2025\/11\/Dra.-Valentina-Prieto.jpg\",\"width\":828,\"height\":1039,\"caption\":\"Dra. Valentina Prieto\"},{\"@type\":\"WebPage\",\"@id\":\"https:\/\/www.hospitalsancarlos.es\/blog\/actualidad\/gripe-aviar-problema-salud-humana\/#webpage\",\"url\":\"https:\/\/www.hospitalsancarlos.es\/blog\/actualidad\/gripe-aviar-problema-salud-humana\/\",\"name\":\"\\u00bfPuede la gripe aviar suponer un problema para la salud humana? - Hospital San Carlos\",\"isPartOf\":{\"@id\":\"https:\/\/www.hospitalsancarlos.es\/blog\/#website\"},\"primaryImageOfPage\":{\"@id\":\"https:\/\/www.hospitalsancarlos.es\/blog\/actualidad\/gripe-aviar-problema-salud-humana\/#primaryimage\"},\"datePublished\":\"2025-11-19T15:44:00+00:00\",\"dateModified\":\"2025-11-19T15:44:00+00:00\",\"breadcrumb\":{\"@id\":\"https:\/\/www.hospitalsancarlos.es\/blog\/actualidad\/gripe-aviar-problema-salud-humana\/#breadcrumb\"},\"inLanguage\":\"es\",\"potentialAction\":[{\"@type\":\"ReadAction\",\"target\":[\"https:\/\/www.hospitalsancarlos.es\/blog\/actualidad\/gripe-aviar-problema-salud-humana\/\"]}]},{\"@type\":\"BreadcrumbList\",\"@id\":\"https:\/\/www.hospitalsancarlos.es\/blog\/actualidad\/gripe-aviar-problema-salud-humana\/#breadcrumb\",\"itemListElement\":[{\"@type\":\"ListItem\",\"position\":1,\"name\":\"Portada\",\"item\":\"https:\/\/www.hospitalsancarlos.es\/blog\/\"},{\"@type\":\"ListItem\",\"position\":2,\"name\":\"\\u00bfPuede la gripe aviar suponer un problema para la salud humana?\"}]},{\"@type\":\"Article\",\"@id\":\"https:\/\/www.hospitalsancarlos.es\/blog\/actualidad\/gripe-aviar-problema-salud-humana\/#article\",\"isPartOf\":{\"@id\":\"https:\/\/www.hospitalsancarlos.es\/blog\/actualidad\/gripe-aviar-problema-salud-humana\/#webpage\"},\"author\":{\"@id\":\"https:\/\/www.hospitalsancarlos.es\/blog\/#\/schema\/person\/c1d5250fead0465bd1f1bfbc6e72b67e\"},\"headline\":\"\\u00bfPuede la gripe aviar suponer un problema para la salud humana?\",\"datePublished\":\"2025-11-19T15:44:00+00:00\",\"dateModified\":\"2025-11-19T15:44:00+00:00\",\"mainEntityOfPage\":{\"@id\":\"https:\/\/www.hospitalsancarlos.es\/blog\/actualidad\/gripe-aviar-problema-salud-humana\/#webpage\"},\"wordCount\":101,\"publisher\":{\"@id\":\"https:\/\/www.hospitalsancarlos.es\/blog\/#organization\"},\"image\":{\"@id\":\"https:\/\/www.hospitalsancarlos.es\/blog\/actualidad\/gripe-aviar-problema-salud-humana\/#primaryimage\"},\"thumbnailUrl\":\"https:\/\/www.hospitalsancarlos.es\/blog\/wp-content\/uploads\/2025\/11\/Dra.-Valentina-Prieto.jpg\",\"articleSection\":[\"Actualidad\"],\"inLanguage\":\"es\"},{\"@type\":\"Person\",\"@id\":\"https:\/\/www.hospitalsancarlos.es\/blog\/#\/schema\/person\/c1d5250fead0465bd1f1bfbc6e72b67e\",\"name\":\"cpeiro\",\"image\":{\"@type\":\"ImageObject\",\"@id\":\"https:\/\/www.hospitalsancarlos.es\/blog\/#personlogo\",\"inLanguage\":\"es\",\"url\":\"https:\/\/secure.gravatar.com\/avatar\/ccda9b15179fd1fab596469501706a8d4ab328c17627e4cd9c5752f0efc1aaed?s=96&d=mm&r=g\",\"contentUrl\":\"https:\/\/secure.gravatar.com\/avatar\/ccda9b15179fd1fab596469501706a8d4ab328c17627e4cd9c5752f0efc1aaed?s=96&d=mm&r=g\",\"caption\":\"cpeiro\"}}]}<\/script>\n<!-- \/ Yoast SEO plugin. -->","yoast_head_json":{"title":"\u00bfPuede la gripe aviar suponer un problema para la salud humana? - Hospital San Carlos","robots":{"index":"index","follow":"follow","max-snippet":"max-snippet:-1","max-image-preview":"max-image-preview:large","max-video-preview":"max-video-preview:-1"},"canonical":"https:\/\/www.hospitalsancarlos.es\/blog\/actualidad\/gripe-aviar-problema-salud-humana\/","og_locale":"es_ES","og_type":"article","og_title":"\u00bfPuede la gripe aviar suponer un problema para la salud humana? - Hospital San Carlos","og_description":"En la Marina Alta se han activado medidas especiales de prevenci\u00f3n por la detecci\u00f3n de la gripe aviar en aves silvestres y en un establecimiento de aves cautivas. Aunque hasta el momento no se&#46;&#46;&#46;","og_url":"https:\/\/www.hospitalsancarlos.es\/blog\/actualidad\/gripe-aviar-problema-salud-humana\/","og_site_name":"Hospital San Carlos","article_published_time":"2025-11-19T15:44:00+00:00","og_image":[{"width":828,"height":1039,"filesize":53818,"url":"https:\/\/www.hospitalsancarlos.es\/blog\/wp-content\/uploads\/2025\/11\/Dra.-Valentina-Prieto.jpg","path":"\/var\/www\/vhosts\/hospitalsancarlos.es\/httpdocs\/blog\/wp-content\/uploads\/2025\/11\/Dra.-Valentina-Prieto.jpg","size":"full","id":1421,"alt":"","pixels":860292,"type":"image\/jpeg"}],"twitter_card":"summary_large_image","twitter_misc":{"Escrito por":"cpeiro"},"schema":{"@context":"https:\/\/schema.org","@graph":[{"@type":"Organization","@id":"https:\/\/www.hospitalsancarlos.es\/blog\/#organization","name":"Hospital San Carlos","url":"https:\/\/www.hospitalsancarlos.es\/blog\/","sameAs":[],"logo":{"@type":"ImageObject","@id":"https:\/\/www.hospitalsancarlos.es\/blog\/#logo","inLanguage":"es","url":"https:\/\/www.hospitalsancarlos.es\/blog\/wp-content\/uploads\/2021\/09\/logo-sancarlos.png","contentUrl":"https:\/\/www.hospitalsancarlos.es\/blog\/wp-content\/uploads\/2021\/09\/logo-sancarlos.png","width":320,"height":52,"caption":"Hospital San Carlos"},"image":{"@id":"https:\/\/www.hospitalsancarlos.es\/blog\/#logo"}},{"@type":"WebSite","@id":"https:\/\/www.hospitalsancarlos.es\/blog\/#website","url":"https:\/\/www.hospitalsancarlos.es\/blog\/","name":"Hospital San Carlos","description":"Hospital en Denia referente en la Marina Alta","publisher":{"@id":"https:\/\/www.hospitalsancarlos.es\/blog\/#organization"},"potentialAction":[{"@type":"SearchAction","target":{"@type":"EntryPoint","urlTemplate":"https:\/\/www.hospitalsancarlos.es\/blog\/?s={search_term_string}"},"query-input":"required name=search_term_string"}],"inLanguage":"es"},{"@type":"ImageObject","@id":"https:\/\/www.hospitalsancarlos.es\/blog\/actualidad\/gripe-aviar-problema-salud-humana\/#primaryimage","inLanguage":"es","url":"https:\/\/www.hospitalsancarlos.es\/blog\/wp-content\/uploads\/2025\/11\/Dra.-Valentina-Prieto.jpg","contentUrl":"https:\/\/www.hospitalsancarlos.es\/blog\/wp-content\/uploads\/2025\/11\/Dra.-Valentina-Prieto.jpg","width":828,"height":1039,"caption":"Dra. Valentina Prieto"},{"@type":"WebPage","@id":"https:\/\/www.hospitalsancarlos.es\/blog\/actualidad\/gripe-aviar-problema-salud-humana\/#webpage","url":"https:\/\/www.hospitalsancarlos.es\/blog\/actualidad\/gripe-aviar-problema-salud-humana\/","name":"\u00bfPuede la gripe aviar suponer un problema para la salud humana? - Hospital San Carlos","isPartOf":{"@id":"https:\/\/www.hospitalsancarlos.es\/blog\/#website"},"primaryImageOfPage":{"@id":"https:\/\/www.hospitalsancarlos.es\/blog\/actualidad\/gripe-aviar-problema-salud-humana\/#primaryimage"},"datePublished":"2025-11-19T15:44:00+00:00","dateModified":"2025-11-19T15:44:00+00:00","breadcrumb":{"@id":"https:\/\/www.hospitalsancarlos.es\/blog\/actualidad\/gripe-aviar-problema-salud-humana\/#breadcrumb"},"inLanguage":"es","potentialAction":[{"@type":"ReadAction","target":["https:\/\/www.hospitalsancarlos.es\/blog\/actualidad\/gripe-aviar-problema-salud-humana\/"]}]},{"@type":"BreadcrumbList","@id":"https:\/\/www.hospitalsancarlos.es\/blog\/actualidad\/gripe-aviar-problema-salud-humana\/#breadcrumb","itemListElement":[{"@type":"ListItem","position":1,"name":"Portada","item":"https:\/\/www.hospitalsancarlos.es\/blog\/"},{"@type":"ListItem","position":2,"name":"\u00bfPuede la gripe aviar suponer un problema para la salud humana?"}]},{"@type":"Article","@id":"https:\/\/www.hospitalsancarlos.es\/blog\/actualidad\/gripe-aviar-problema-salud-humana\/#article","isPartOf":{"@id":"https:\/\/www.hospitalsancarlos.es\/blog\/actualidad\/gripe-aviar-problema-salud-humana\/#webpage"},"author":{"@id":"https:\/\/www.hospitalsancarlos.es\/blog\/#\/schema\/person\/c1d5250fead0465bd1f1bfbc6e72b67e"},"headline":"\u00bfPuede la gripe aviar suponer un problema para la salud humana?","datePublished":"2025-11-19T15:44:00+00:00","dateModified":"2025-11-19T15:44:00+00:00","mainEntityOfPage":{"@id":"https:\/\/www.hospitalsancarlos.es\/blog\/actualidad\/gripe-aviar-problema-salud-humana\/#webpage"},"wordCount":101,"publisher":{"@id":"https:\/\/www.hospitalsancarlos.es\/blog\/#organization"},"image":{"@id":"https:\/\/www.hospitalsancarlos.es\/blog\/actualidad\/gripe-aviar-problema-salud-humana\/#primaryimage"},"thumbnailUrl":"https:\/\/www.hospitalsancarlos.es\/blog\/wp-content\/uploads\/2025\/11\/Dra.-Valentina-Prieto.jpg","articleSection":["Actualidad"],"inLanguage":"es"},{"@type":"Person","@id":"https:\/\/www.hospitalsancarlos.es\/blog\/#\/schema\/person\/c1d5250fead0465bd1f1bfbc6e72b67e","name":"cpeiro","image":{"@type":"ImageObject","@id":"https:\/\/www.hospitalsancarlos.es\/blog\/#personlogo","inLanguage":"es","url":"https:\/\/secure.gravatar.com\/avatar\/ccda9b15179fd1fab596469501706a8d4ab328c17627e4cd9c5752f0efc1aaed?s=96&d=mm&r=g","contentUrl":"https:\/\/secure.gravatar.com\/avatar\/ccda9b15179fd1fab596469501706a8d4ab328c17627e4cd9c5752f0efc1aaed?s=96&d=mm&r=g","caption":"cpeiro"}}]}},"_links":{"self":[{"href":"https:\/\/www.hospitalsancarlos.es\/blog\/wp-json\/wp\/v2\/posts\/1420","targetHints":{"allow":["GET"]}}],"collection":[{"href":"https:\/\/www.hospitalsancarlos.es\/blog\/wp-json\/wp\/v2\/posts"}],"about":[{"href":"https:\/\/www.hospitalsancarlos.es\/blog\/wp-json\/wp\/v2\/types\/post"}],"author":[{"embeddable":true,"href":"https:\/\/www.hospitalsancarlos.es\/blog\/wp-json\/wp\/v2\/users\/2"}],"replies":[{"embeddable":true,"href":"https:\/\/www.hospitalsancarlos.es\/blog\/wp-json\/wp\/v2\/comments?post=1420"}],"version-history":[{"count":1,"href":"https:\/\/www.hospitalsancarlos.es\/blog\/wp-json\/wp\/v2\/posts\/1420\/revisions"}],"predecessor-version":[{"id":1422,"href":"https:\/\/www.hospitalsancarlos.es\/blog\/wp-json\/wp\/v2\/posts\/1420\/revisions\/1422"}],"wp:featuredmedia":[{"embeddable":true,"href":"https:\/\/www.hospitalsancarlos.es\/blog\/wp-json\/wp\/v2\/media\/1421"}],"wp:attachment":[{"href":"https:\/\/www.hospitalsancarlos.es\/blog\/wp-json\/wp\/v2\/media?parent=1420"}],"wp:term":[{"taxonomy":"category","embeddable":true,"href":"https:\/\/www.hospitalsancarlos.es\/blog\/wp-json\/wp\/v2\/categories?post=1420"},{"taxonomy":"post_tag","embeddable":true,"href":"https:\/\/www.hospitalsancarlos.es\/blog\/wp-json\/wp\/v2\/tags?post=1420"}],"curies":[{"name":"wp","href":"https:\/\/api.w.org\/{rel}","templated":true}]}}