{"id":1395,"date":"2025-10-21T16:00:49","date_gmt":"2025-10-21T15:00:49","guid":{"rendered":"https:\/\/www.hospitalsancarlos.es\/blog\/?p=1395"},"modified":"2025-10-21T16:18:17","modified_gmt":"2025-10-21T15:18:17","slug":"la-deteccion-precoz-y-el-apoyo-emocional-pilares-del-tratamiento-del-cancer-de-mama-segun-el-dr-gasent","status":"publish","type":"post","link":"https:\/\/www.hospitalsancarlos.es\/blog\/oncologia\/la-deteccion-precoz-y-el-apoyo-emocional-pilares-del-tratamiento-del-cancer-de-mama-segun-el-dr-gasent\/","title":{"rendered":"La detecci\u00f3n precoz y el apoyo emocional, pilares del tratamiento del c\u00e1ncer de mama, seg\u00fan el Dr. Gasent"},"content":{"rendered":"\n<ul class=\"wp-block-list\">\n<li><strong>El especialista destaca en La Ser que los avances m\u00e9dicos y la implicaci\u00f3n de las pacientes permiten afrontar la enfermedad con m\u00e1s esperanza y mejor calidad de vida<\/strong><\/li>\n<\/ul>\n\n\n\n<p>Cada 19 de octubre se conmemora el <strong>D\u00eda Mundial del C\u00e1ncer de Mama<\/strong>, una fecha que recuerda la importancia de la prevenci\u00f3n, la detecci\u00f3n precoz y la investigaci\u00f3n. En Espa\u00f1a, se diagnostican cada a\u00f1o m\u00e1s de 35.000 nuevos casos, pero m\u00e1s del 85% de las mujeres superan la enfermedad, gracias a los avances m\u00e9dicos y a la implicaci\u00f3n de los profesionales sanitarios.<\/p>\n\n\n\n<p>En declaraciones a <strong><a href=\"https:\/\/cadenaser.com\/comunitat-valenciana\/2025\/10\/16\/la-deteccion-precoz-y-el-apoyo-emocional-pilares-del-tratamiento-del-cancer-de-mama-segun-el-dr-gasent-radio-denia\/\" target=\"_blank\" rel=\"noreferrer noopener\">Radio D\u00e9nia Cadena SER<\/a><\/strong>, el Dr. <strong>Juan Manuel Gasent<\/strong>, onc\u00f3logo del <strong><a href=\"https:\/\/www.hospitalsancarlos.es\/\">Hospital HLA San Carlo<\/a>s<\/strong>, ha destacado que la sociedad \u201cha dado un paso muy grande\u201d en la detecci\u00f3n temprana del c\u00e1ncer de mama: \u201cHoy cualquier mujer que nota un bulto sospechoso acude al m\u00e9dico y tiene un acceso r\u00e1pido a los procedimientos diagn\u00f3sticos y terap\u00e9uticos. Esa rapidez salva vidas\u201d, ha subrayado.<\/p>\n\n\n\n<iframe src=\"https:\/\/www.ivoox.com\/player_ej_161052950_6_1.html?c1=4c3c8c\" width=\"100%\" height=\"200\" frameborder=\"0\" allowfullscreen=\"\" scrolling=\"no\" loading=\"lazy\"><\/iframe>\n\n\n\n<p>Gasent ha explicado que la curaci\u00f3n depende en gran parte de encontrar el tumor en sus fases m\u00e1s iniciales, lo que reduce la necesidad de tratamientos agresivos y mejora los resultados quir\u00fargicos y est\u00e9ticos.<\/p>\n\n\n\n<p>La medicina no deja de mejorar y la velocidad del progreso es cada vez mayor. La investigaci\u00f3n se traduce en m\u00e1s curaciones y en una mejor calidad de vida para las pacientes<\/p>\n\n\n\n<p>El especialista ha recordado que el programa de detecci\u00f3n precoz recomienda realizar una mamograf\u00eda cada dos a\u00f1os a partir de los 45 a\u00f1os, e insiste en que \u201clas mujeres deben acudir siempre a su cita y consultar si notan alguna anomal\u00eda entre revisiones\u201d.<\/p>\n\n\n\n<p>El onc\u00f3logo ha se\u00f1alado tambi\u00e9n la r\u00e1pida evoluci\u00f3n de la oncolog\u00eda en los \u00faltimos a\u00f1os, tanto en los tratamientos farmacol\u00f3gicos como en la cirug\u00eda conservadora y reconstructiva, que busca que las pacientes \u201cse sientan bien tambi\u00e9n desde el punto de vista emocional y corporal\u201d.<\/p>\n\n\n\n<p>Por \u00faltimo, el doctor ha querido poner en valor el papel de las familias, del personal sanitario y del entorno social en el acompa\u00f1amiento emocional de las pacientes, destacando que \u201cla comprensi\u00f3n y el apoyo psicol\u00f3gico son hoy parte fundamental del tratamiento\u201d.<\/p>\n\n\n\n<p><\/p>\n","protected":false},"excerpt":{"rendered":"<p>Cada 19 de octubre se conmemora el D\u00eda Mundial del C\u00e1ncer de Mama, una fecha que recuerda la importancia de la prevenci\u00f3n, la detecci\u00f3n precoz y la investigaci\u00f3n. En Espa\u00f1a, se diagnostican cada a\u00f1o&#46;&#46;&#46;<\/p>\n","protected":false},"author":2,"featured_media":1396,"comment_status":"closed","ping_status":"closed","sticky":false,"template":"","format":"standard","meta":{"footnotes":""},"categories":[24,6],"tags":[10,13,86],"class_list":["post-1395","post","type-post","status-publish","format-standard","has-post-thumbnail","hentry","category-actualidad","category-oncologia","tag-hospital","tag-hospital-san-carlos","tag-oncologia"],"yoast_head":"<!-- This site is optimized with the Yoast SEO plugin v17.2 - https:\/\/yoast.com\/wordpress\/plugins\/seo\/ -->\n<title>La detecci\u00f3n precoz y el apoyo emocional, pilares del tratamiento del c\u00e1ncer de mama, seg\u00fan el Dr. Gasent - Hospital San Carlos<\/title>\n<meta name=\"robots\" content=\"index, follow, max-snippet:-1, max-image-preview:large, max-video-preview:-1\" \/>\n<link rel=\"canonical\" href=\"https:\/\/www.hospitalsancarlos.es\/blog\/oncologia\/la-deteccion-precoz-y-el-apoyo-emocional-pilares-del-tratamiento-del-cancer-de-mama-segun-el-dr-gasent\/\" \/>\n<meta property=\"og:locale\" content=\"es_ES\" \/>\n<meta property=\"og:type\" content=\"article\" \/>\n<meta property=\"og:title\" content=\"La detecci\u00f3n precoz y el apoyo emocional, pilares del tratamiento del c\u00e1ncer de mama, seg\u00fan el Dr. Gasent - Hospital San Carlos\" \/>\n<meta property=\"og:description\" content=\"Cada 19 de octubre se conmemora el D\u00eda Mundial del C\u00e1ncer de Mama, una fecha que recuerda la importancia de la prevenci\u00f3n, la detecci\u00f3n precoz y la investigaci\u00f3n. En Espa\u00f1a, se diagnostican cada a\u00f1o&#046;&#046;&#046;\" \/>\n<meta property=\"og:url\" content=\"https:\/\/www.hospitalsancarlos.es\/blog\/oncologia\/la-deteccion-precoz-y-el-apoyo-emocional-pilares-del-tratamiento-del-cancer-de-mama-segun-el-dr-gasent\/\" \/>\n<meta property=\"og:site_name\" content=\"Hospital San Carlos\" \/>\n<meta property=\"article:published_time\" content=\"2025-10-21T15:00:49+00:00\" \/>\n<meta property=\"article:modified_time\" content=\"2025-10-21T15:18:17+00:00\" \/>\n<meta property=\"og:image\" content=\"https:\/\/www.hospitalsancarlos.es\/blog\/wp-content\/uploads\/2025\/10\/Dr.-Gasent2-3.jpg\" \/>\n\t<meta property=\"og:image:width\" content=\"1773\" \/>\n\t<meta property=\"og:image:height\" content=\"1329\" \/>\n<meta name=\"twitter:card\" content=\"summary_large_image\" \/>\n<meta name=\"twitter:label1\" content=\"Escrito por\" \/>\n\t<meta name=\"twitter:data1\" content=\"cpeiro\" \/>\n\t<meta name=\"twitter:label2\" content=\"Tiempo de lectura\" \/>\n\t<meta name=\"twitter:data2\" content=\"2 minutos\" \/>\n<script type=\"application\/ld+json\" class=\"yoast-schema-graph\">{\"@context\":\"https:\/\/schema.org\",\"@graph\":[{\"@type\":\"Organization\",\"@id\":\"https:\/\/www.hospitalsancarlos.es\/blog\/#organization\",\"name\":\"Hospital San Carlos\",\"url\":\"https:\/\/www.hospitalsancarlos.es\/blog\/\",\"sameAs\":[],\"logo\":{\"@type\":\"ImageObject\",\"@id\":\"https:\/\/www.hospitalsancarlos.es\/blog\/#logo\",\"inLanguage\":\"es\",\"url\":\"https:\/\/www.hospitalsancarlos.es\/blog\/wp-content\/uploads\/2021\/09\/logo-sancarlos.png\",\"contentUrl\":\"https:\/\/www.hospitalsancarlos.es\/blog\/wp-content\/uploads\/2021\/09\/logo-sancarlos.png\",\"width\":320,\"height\":52,\"caption\":\"Hospital San Carlos\"},\"image\":{\"@id\":\"https:\/\/www.hospitalsancarlos.es\/blog\/#logo\"}},{\"@type\":\"WebSite\",\"@id\":\"https:\/\/www.hospitalsancarlos.es\/blog\/#website\",\"url\":\"https:\/\/www.hospitalsancarlos.es\/blog\/\",\"name\":\"Hospital San Carlos\",\"description\":\"Hospital en Denia referente en la Marina Alta\",\"publisher\":{\"@id\":\"https:\/\/www.hospitalsancarlos.es\/blog\/#organization\"},\"potentialAction\":[{\"@type\":\"SearchAction\",\"target\":{\"@type\":\"EntryPoint\",\"urlTemplate\":\"https:\/\/www.hospitalsancarlos.es\/blog\/?s={search_term_string}\"},\"query-input\":\"required name=search_term_string\"}],\"inLanguage\":\"es\"},{\"@type\":\"ImageObject\",\"@id\":\"https:\/\/www.hospitalsancarlos.es\/blog\/oncologia\/la-deteccion-precoz-y-el-apoyo-emocional-pilares-del-tratamiento-del-cancer-de-mama-segun-el-dr-gasent\/#primaryimage\",\"inLanguage\":\"es\",\"url\":\"https:\/\/www.hospitalsancarlos.es\/blog\/wp-content\/uploads\/2025\/10\/Dr.-Gasent2-3.jpg\",\"contentUrl\":\"https:\/\/www.hospitalsancarlos.es\/blog\/wp-content\/uploads\/2025\/10\/Dr.-Gasent2-3.jpg\",\"width\":1773,\"height\":1329,\"caption\":\"Dr. Gasent\"},{\"@type\":\"WebPage\",\"@id\":\"https:\/\/www.hospitalsancarlos.es\/blog\/oncologia\/la-deteccion-precoz-y-el-apoyo-emocional-pilares-del-tratamiento-del-cancer-de-mama-segun-el-dr-gasent\/#webpage\",\"url\":\"https:\/\/www.hospitalsancarlos.es\/blog\/oncologia\/la-deteccion-precoz-y-el-apoyo-emocional-pilares-del-tratamiento-del-cancer-de-mama-segun-el-dr-gasent\/\",\"name\":\"La detecci\\u00f3n precoz y el apoyo emocional, pilares del tratamiento del c\\u00e1ncer de mama, seg\\u00fan el Dr. Gasent - Hospital San Carlos\",\"isPartOf\":{\"@id\":\"https:\/\/www.hospitalsancarlos.es\/blog\/#website\"},\"primaryImageOfPage\":{\"@id\":\"https:\/\/www.hospitalsancarlos.es\/blog\/oncologia\/la-deteccion-precoz-y-el-apoyo-emocional-pilares-del-tratamiento-del-cancer-de-mama-segun-el-dr-gasent\/#primaryimage\"},\"datePublished\":\"2025-10-21T15:00:49+00:00\",\"dateModified\":\"2025-10-21T15:18:17+00:00\",\"breadcrumb\":{\"@id\":\"https:\/\/www.hospitalsancarlos.es\/blog\/oncologia\/la-deteccion-precoz-y-el-apoyo-emocional-pilares-del-tratamiento-del-cancer-de-mama-segun-el-dr-gasent\/#breadcrumb\"},\"inLanguage\":\"es\",\"potentialAction\":[{\"@type\":\"ReadAction\",\"target\":[\"https:\/\/www.hospitalsancarlos.es\/blog\/oncologia\/la-deteccion-precoz-y-el-apoyo-emocional-pilares-del-tratamiento-del-cancer-de-mama-segun-el-dr-gasent\/\"]}]},{\"@type\":\"BreadcrumbList\",\"@id\":\"https:\/\/www.hospitalsancarlos.es\/blog\/oncologia\/la-deteccion-precoz-y-el-apoyo-emocional-pilares-del-tratamiento-del-cancer-de-mama-segun-el-dr-gasent\/#breadcrumb\",\"itemListElement\":[{\"@type\":\"ListItem\",\"position\":1,\"name\":\"Portada\",\"item\":\"https:\/\/www.hospitalsancarlos.es\/blog\/\"},{\"@type\":\"ListItem\",\"position\":2,\"name\":\"La detecci\\u00f3n precoz y el apoyo emocional, pilares del tratamiento del c\\u00e1ncer de mama, seg\\u00fan el Dr. Gasent\"}]},{\"@type\":\"Article\",\"@id\":\"https:\/\/www.hospitalsancarlos.es\/blog\/oncologia\/la-deteccion-precoz-y-el-apoyo-emocional-pilares-del-tratamiento-del-cancer-de-mama-segun-el-dr-gasent\/#article\",\"isPartOf\":{\"@id\":\"https:\/\/www.hospitalsancarlos.es\/blog\/oncologia\/la-deteccion-precoz-y-el-apoyo-emocional-pilares-del-tratamiento-del-cancer-de-mama-segun-el-dr-gasent\/#webpage\"},\"author\":{\"@id\":\"https:\/\/www.hospitalsancarlos.es\/blog\/#\/schema\/person\/c1d5250fead0465bd1f1bfbc6e72b67e\"},\"headline\":\"La detecci\\u00f3n precoz y el apoyo emocional, pilares del tratamiento del c\\u00e1ncer de mama, seg\\u00fan el Dr. Gasent\",\"datePublished\":\"2025-10-21T15:00:49+00:00\",\"dateModified\":\"2025-10-21T15:18:17+00:00\",\"mainEntityOfPage\":{\"@id\":\"https:\/\/www.hospitalsancarlos.es\/blog\/oncologia\/la-deteccion-precoz-y-el-apoyo-emocional-pilares-del-tratamiento-del-cancer-de-mama-segun-el-dr-gasent\/#webpage\"},\"wordCount\":413,\"publisher\":{\"@id\":\"https:\/\/www.hospitalsancarlos.es\/blog\/#organization\"},\"image\":{\"@id\":\"https:\/\/www.hospitalsancarlos.es\/blog\/oncologia\/la-deteccion-precoz-y-el-apoyo-emocional-pilares-del-tratamiento-del-cancer-de-mama-segun-el-dr-gasent\/#primaryimage\"},\"thumbnailUrl\":\"https:\/\/www.hospitalsancarlos.es\/blog\/wp-content\/uploads\/2025\/10\/Dr.-Gasent2-3.jpg\",\"keywords\":[\"hospital\",\"Hospital San Carlos\",\"Oncolog\\u00eda\"],\"articleSection\":[\"Actualidad\",\"Oncolog\\u00eda\"],\"inLanguage\":\"es\"},{\"@type\":\"Person\",\"@id\":\"https:\/\/www.hospitalsancarlos.es\/blog\/#\/schema\/person\/c1d5250fead0465bd1f1bfbc6e72b67e\",\"name\":\"cpeiro\",\"image\":{\"@type\":\"ImageObject\",\"@id\":\"https:\/\/www.hospitalsancarlos.es\/blog\/#personlogo\",\"inLanguage\":\"es\",\"url\":\"https:\/\/secure.gravatar.com\/avatar\/ccda9b15179fd1fab596469501706a8d4ab328c17627e4cd9c5752f0efc1aaed?s=96&d=mm&r=g\",\"contentUrl\":\"https:\/\/secure.gravatar.com\/avatar\/ccda9b15179fd1fab596469501706a8d4ab328c17627e4cd9c5752f0efc1aaed?s=96&d=mm&r=g\",\"caption\":\"cpeiro\"}}]}<\/script>\n<!-- \/ Yoast SEO plugin. -->","yoast_head_json":{"title":"La detecci\u00f3n precoz y el apoyo emocional, pilares del tratamiento del c\u00e1ncer de mama, seg\u00fan el Dr. Gasent - Hospital San Carlos","robots":{"index":"index","follow":"follow","max-snippet":"max-snippet:-1","max-image-preview":"max-image-preview:large","max-video-preview":"max-video-preview:-1"},"canonical":"https:\/\/www.hospitalsancarlos.es\/blog\/oncologia\/la-deteccion-precoz-y-el-apoyo-emocional-pilares-del-tratamiento-del-cancer-de-mama-segun-el-dr-gasent\/","og_locale":"es_ES","og_type":"article","og_title":"La detecci\u00f3n precoz y el apoyo emocional, pilares del tratamiento del c\u00e1ncer de mama, seg\u00fan el Dr. Gasent - Hospital San Carlos","og_description":"Cada 19 de octubre se conmemora el D\u00eda Mundial del C\u00e1ncer de Mama, una fecha que recuerda la importancia de la prevenci\u00f3n, la detecci\u00f3n precoz y la investigaci\u00f3n. En Espa\u00f1a, se diagnostican cada a\u00f1o&#46;&#46;&#46;","og_url":"https:\/\/www.hospitalsancarlos.es\/blog\/oncologia\/la-deteccion-precoz-y-el-apoyo-emocional-pilares-del-tratamiento-del-cancer-de-mama-segun-el-dr-gasent\/","og_site_name":"Hospital San Carlos","article_published_time":"2025-10-21T15:00:49+00:00","article_modified_time":"2025-10-21T15:18:17+00:00","og_image":[{"width":1773,"height":1329,"filesize":264270,"url":"https:\/\/www.hospitalsancarlos.es\/blog\/wp-content\/uploads\/2025\/10\/Dr.-Gasent2-3.jpg","path":"\/var\/www\/vhosts\/hospitalsancarlos.es\/httpdocs\/blog\/wp-content\/uploads\/2025\/10\/Dr.-Gasent2-3.jpg","size":"full","id":1396,"alt":"Dr. Gasent","pixels":2356317,"type":"image\/jpeg"}],"twitter_card":"summary_large_image","twitter_misc":{"Escrito por":"cpeiro","Tiempo de lectura":"2 minutos"},"schema":{"@context":"https:\/\/schema.org","@graph":[{"@type":"Organization","@id":"https:\/\/www.hospitalsancarlos.es\/blog\/#organization","name":"Hospital San Carlos","url":"https:\/\/www.hospitalsancarlos.es\/blog\/","sameAs":[],"logo":{"@type":"ImageObject","@id":"https:\/\/www.hospitalsancarlos.es\/blog\/#logo","inLanguage":"es","url":"https:\/\/www.hospitalsancarlos.es\/blog\/wp-content\/uploads\/2021\/09\/logo-sancarlos.png","contentUrl":"https:\/\/www.hospitalsancarlos.es\/blog\/wp-content\/uploads\/2021\/09\/logo-sancarlos.png","width":320,"height":52,"caption":"Hospital San Carlos"},"image":{"@id":"https:\/\/www.hospitalsancarlos.es\/blog\/#logo"}},{"@type":"WebSite","@id":"https:\/\/www.hospitalsancarlos.es\/blog\/#website","url":"https:\/\/www.hospitalsancarlos.es\/blog\/","name":"Hospital San Carlos","description":"Hospital en Denia referente en la Marina Alta","publisher":{"@id":"https:\/\/www.hospitalsancarlos.es\/blog\/#organization"},"potentialAction":[{"@type":"SearchAction","target":{"@type":"EntryPoint","urlTemplate":"https:\/\/www.hospitalsancarlos.es\/blog\/?s={search_term_string}"},"query-input":"required name=search_term_string"}],"inLanguage":"es"},{"@type":"ImageObject","@id":"https:\/\/www.hospitalsancarlos.es\/blog\/oncologia\/la-deteccion-precoz-y-el-apoyo-emocional-pilares-del-tratamiento-del-cancer-de-mama-segun-el-dr-gasent\/#primaryimage","inLanguage":"es","url":"https:\/\/www.hospitalsancarlos.es\/blog\/wp-content\/uploads\/2025\/10\/Dr.-Gasent2-3.jpg","contentUrl":"https:\/\/www.hospitalsancarlos.es\/blog\/wp-content\/uploads\/2025\/10\/Dr.-Gasent2-3.jpg","width":1773,"height":1329,"caption":"Dr. Gasent"},{"@type":"WebPage","@id":"https:\/\/www.hospitalsancarlos.es\/blog\/oncologia\/la-deteccion-precoz-y-el-apoyo-emocional-pilares-del-tratamiento-del-cancer-de-mama-segun-el-dr-gasent\/#webpage","url":"https:\/\/www.hospitalsancarlos.es\/blog\/oncologia\/la-deteccion-precoz-y-el-apoyo-emocional-pilares-del-tratamiento-del-cancer-de-mama-segun-el-dr-gasent\/","name":"La detecci\u00f3n precoz y el apoyo emocional, pilares del tratamiento del c\u00e1ncer de mama, seg\u00fan el Dr. Gasent - Hospital San Carlos","isPartOf":{"@id":"https:\/\/www.hospitalsancarlos.es\/blog\/#website"},"primaryImageOfPage":{"@id":"https:\/\/www.hospitalsancarlos.es\/blog\/oncologia\/la-deteccion-precoz-y-el-apoyo-emocional-pilares-del-tratamiento-del-cancer-de-mama-segun-el-dr-gasent\/#primaryimage"},"datePublished":"2025-10-21T15:00:49+00:00","dateModified":"2025-10-21T15:18:17+00:00","breadcrumb":{"@id":"https:\/\/www.hospitalsancarlos.es\/blog\/oncologia\/la-deteccion-precoz-y-el-apoyo-emocional-pilares-del-tratamiento-del-cancer-de-mama-segun-el-dr-gasent\/#breadcrumb"},"inLanguage":"es","potentialAction":[{"@type":"ReadAction","target":["https:\/\/www.hospitalsancarlos.es\/blog\/oncologia\/la-deteccion-precoz-y-el-apoyo-emocional-pilares-del-tratamiento-del-cancer-de-mama-segun-el-dr-gasent\/"]}]},{"@type":"BreadcrumbList","@id":"https:\/\/www.hospitalsancarlos.es\/blog\/oncologia\/la-deteccion-precoz-y-el-apoyo-emocional-pilares-del-tratamiento-del-cancer-de-mama-segun-el-dr-gasent\/#breadcrumb","itemListElement":[{"@type":"ListItem","position":1,"name":"Portada","item":"https:\/\/www.hospitalsancarlos.es\/blog\/"},{"@type":"ListItem","position":2,"name":"La detecci\u00f3n precoz y el apoyo emocional, pilares del tratamiento del c\u00e1ncer de mama, seg\u00fan el Dr. Gasent"}]},{"@type":"Article","@id":"https:\/\/www.hospitalsancarlos.es\/blog\/oncologia\/la-deteccion-precoz-y-el-apoyo-emocional-pilares-del-tratamiento-del-cancer-de-mama-segun-el-dr-gasent\/#article","isPartOf":{"@id":"https:\/\/www.hospitalsancarlos.es\/blog\/oncologia\/la-deteccion-precoz-y-el-apoyo-emocional-pilares-del-tratamiento-del-cancer-de-mama-segun-el-dr-gasent\/#webpage"},"author":{"@id":"https:\/\/www.hospitalsancarlos.es\/blog\/#\/schema\/person\/c1d5250fead0465bd1f1bfbc6e72b67e"},"headline":"La detecci\u00f3n precoz y el apoyo emocional, pilares del tratamiento del c\u00e1ncer de mama, seg\u00fan el Dr. Gasent","datePublished":"2025-10-21T15:00:49+00:00","dateModified":"2025-10-21T15:18:17+00:00","mainEntityOfPage":{"@id":"https:\/\/www.hospitalsancarlos.es\/blog\/oncologia\/la-deteccion-precoz-y-el-apoyo-emocional-pilares-del-tratamiento-del-cancer-de-mama-segun-el-dr-gasent\/#webpage"},"wordCount":413,"publisher":{"@id":"https:\/\/www.hospitalsancarlos.es\/blog\/#organization"},"image":{"@id":"https:\/\/www.hospitalsancarlos.es\/blog\/oncologia\/la-deteccion-precoz-y-el-apoyo-emocional-pilares-del-tratamiento-del-cancer-de-mama-segun-el-dr-gasent\/#primaryimage"},"thumbnailUrl":"https:\/\/www.hospitalsancarlos.es\/blog\/wp-content\/uploads\/2025\/10\/Dr.-Gasent2-3.jpg","keywords":["hospital","Hospital San Carlos","Oncolog\u00eda"],"articleSection":["Actualidad","Oncolog\u00eda"],"inLanguage":"es"},{"@type":"Person","@id":"https:\/\/www.hospitalsancarlos.es\/blog\/#\/schema\/person\/c1d5250fead0465bd1f1bfbc6e72b67e","name":"cpeiro","image":{"@type":"ImageObject","@id":"https:\/\/www.hospitalsancarlos.es\/blog\/#personlogo","inLanguage":"es","url":"https:\/\/secure.gravatar.com\/avatar\/ccda9b15179fd1fab596469501706a8d4ab328c17627e4cd9c5752f0efc1aaed?s=96&d=mm&r=g","contentUrl":"https:\/\/secure.gravatar.com\/avatar\/ccda9b15179fd1fab596469501706a8d4ab328c17627e4cd9c5752f0efc1aaed?s=96&d=mm&r=g","caption":"cpeiro"}}]}},"_links":{"self":[{"href":"https:\/\/www.hospitalsancarlos.es\/blog\/wp-json\/wp\/v2\/posts\/1395","targetHints":{"allow":["GET"]}}],"collection":[{"href":"https:\/\/www.hospitalsancarlos.es\/blog\/wp-json\/wp\/v2\/posts"}],"about":[{"href":"https:\/\/www.hospitalsancarlos.es\/blog\/wp-json\/wp\/v2\/types\/post"}],"author":[{"embeddable":true,"href":"https:\/\/www.hospitalsancarlos.es\/blog\/wp-json\/wp\/v2\/users\/2"}],"replies":[{"embeddable":true,"href":"https:\/\/www.hospitalsancarlos.es\/blog\/wp-json\/wp\/v2\/comments?post=1395"}],"version-history":[{"count":1,"href":"https:\/\/www.hospitalsancarlos.es\/blog\/wp-json\/wp\/v2\/posts\/1395\/revisions"}],"predecessor-version":[{"id":1397,"href":"https:\/\/www.hospitalsancarlos.es\/blog\/wp-json\/wp\/v2\/posts\/1395\/revisions\/1397"}],"wp:featuredmedia":[{"embeddable":true,"href":"https:\/\/www.hospitalsancarlos.es\/blog\/wp-json\/wp\/v2\/media\/1396"}],"wp:attachment":[{"href":"https:\/\/www.hospitalsancarlos.es\/blog\/wp-json\/wp\/v2\/media?parent=1395"}],"wp:term":[{"taxonomy":"category","embeddable":true,"href":"https:\/\/www.hospitalsancarlos.es\/blog\/wp-json\/wp\/v2\/categories?post=1395"},{"taxonomy":"post_tag","embeddable":true,"href":"https:\/\/www.hospitalsancarlos.es\/blog\/wp-json\/wp\/v2\/tags?post=1395"}],"curies":[{"name":"wp","href":"https:\/\/api.w.org\/{rel}","templated":true}]}}