{"id":1388,"date":"2025-10-15T12:38:36","date_gmt":"2025-10-15T11:38:36","guid":{"rendered":"https:\/\/www.hospitalsancarlos.es\/blog\/?p=1388"},"modified":"2025-10-15T12:38:36","modified_gmt":"2025-10-15T11:38:36","slug":"campana-vacunacion-contra-la-gripe-2025","status":"publish","type":"post","link":"https:\/\/www.hospitalsancarlos.es\/blog\/actualidad\/campana-vacunacion-contra-la-gripe-2025\/","title":{"rendered":"Campa\u00f1a vacunaci\u00f3n contra la gripe 2025"},"content":{"rendered":"\n<p>\u00a1No lo olvides! <strong>La Campa\u00f1a de Vacunaci\u00f3n de la Gripe<\/strong> del a\u00f1o 2025 comienza el 15 de octubre en el <strong><a href=\"https:\/\/www.hospitalsancarlos.es\/\">Hospital San Carlos<\/a><\/strong> como Centro Oficial de Vacunaci\u00f3n.<\/p>\n\n\n<div class=\"wp-block-image\">\n<figure class=\"alignright size-large is-resized\"><img loading=\"lazy\" decoding=\"async\" width=\"1024\" height=\"686\" src=\"https:\/\/www.hospitalsancarlos.es\/blog\/wp-content\/uploads\/2025\/10\/Depositphotos_318241098_L-1024x686.jpg\" alt=\"\" class=\"wp-image-1390\" style=\"width:318px;height:auto\" srcset=\"https:\/\/www.hospitalsancarlos.es\/blog\/wp-content\/uploads\/2025\/10\/Depositphotos_318241098_L-1024x686.jpg 1024w, https:\/\/www.hospitalsancarlos.es\/blog\/wp-content\/uploads\/2025\/10\/Depositphotos_318241098_L-300x201.jpg 300w, https:\/\/www.hospitalsancarlos.es\/blog\/wp-content\/uploads\/2025\/10\/Depositphotos_318241098_L-768x514.jpg 768w, https:\/\/www.hospitalsancarlos.es\/blog\/wp-content\/uploads\/2025\/10\/Depositphotos_318241098_L-1536x1028.jpg 1536w, https:\/\/www.hospitalsancarlos.es\/blog\/wp-content\/uploads\/2025\/10\/Depositphotos_318241098_L.jpg 2000w\" sizes=\"auto, (max-width: 1024px) 100vw, 1024px\" \/><\/figure>\n<\/div>\n\n\n<ul class=\"wp-block-list\">\n<li>Se deber\u00e1 acudir al Hospital San Carlos con DNI\/SIP<\/li>\n\n\n\n<li>NO es necesaria cita previa.<\/li>\n\n\n\n<li>El horario de vacunaci\u00f3n es de lunes a viernes de 08:30h a 21.00h<\/li>\n<\/ul>\n\n\n\n<p>IMPORTANTE: EN PRIMER LUGAR, SE VACUNAR\u00c1 A<\/p>\n\n\n\n<ul class=\"wp-block-list\">\n<li>Personas mayores de 60 a\u00f1os<\/li>\n\n\n\n<li>Personas menores de 60 a\u00f1os pertenecientes a grupos de riesgo: inmunodeprimidos, institucionalizados, embarazadas y pu\u00e9rperas (hasta 6 meses), servicios esenciales, convivientes-cuidadores de personas de riesgo, con enfermedades cr\u00f3nicas\u2026<\/li>\n<\/ul>\n\n\n\n<p>Posteriormente empezar\u00e1 la vacunaci\u00f3n de las personas no incluidas en ning\u00fan grupo de riesgo<\/p>\n\n\n\n<p><\/p>\n","protected":false},"excerpt":{"rendered":"<p>\u00a1No lo olvides! La Campa\u00f1a de Vacunaci\u00f3n de la Gripe del a\u00f1o 2025 comienza el 15 de octubre en el Hospital San Carlos como Centro Oficial de Vacunaci\u00f3n. IMPORTANTE: EN PRIMER LUGAR, SE VACUNAR\u00c1&#46;&#46;&#46;<\/p>\n","protected":false},"author":2,"featured_media":1390,"comment_status":"closed","ping_status":"closed","sticky":false,"template":"","format":"standard","meta":{"footnotes":""},"categories":[24],"tags":[104,71,105],"class_list":["post-1388","post","type-post","status-publish","format-standard","has-post-thumbnail","hentry","category-actualidad","tag-gripe","tag-salud","tag-vacunacion-gripe"],"yoast_head":"<!-- This site is optimized with the Yoast SEO plugin v17.2 - https:\/\/yoast.com\/wordpress\/plugins\/seo\/ -->\n<title>Campa\u00f1a vacunaci\u00f3n contra la gripe 2025 - Hospital San Carlos<\/title>\n<meta name=\"robots\" content=\"index, follow, max-snippet:-1, max-image-preview:large, max-video-preview:-1\" \/>\n<link rel=\"canonical\" href=\"https:\/\/www.hospitalsancarlos.es\/blog\/actualidad\/campana-vacunacion-contra-la-gripe-2025\/\" \/>\n<meta property=\"og:locale\" content=\"es_ES\" \/>\n<meta property=\"og:type\" content=\"article\" \/>\n<meta property=\"og:title\" content=\"Campa\u00f1a vacunaci\u00f3n contra la gripe 2025 - Hospital San Carlos\" \/>\n<meta property=\"og:description\" content=\"\u00a1No lo olvides! La Campa\u00f1a de Vacunaci\u00f3n de la Gripe del a\u00f1o 2025 comienza el 15 de octubre en el Hospital San Carlos como Centro Oficial de Vacunaci\u00f3n. IMPORTANTE: EN PRIMER LUGAR, SE VACUNAR\u00c1&#046;&#046;&#046;\" \/>\n<meta property=\"og:url\" content=\"https:\/\/www.hospitalsancarlos.es\/blog\/actualidad\/campana-vacunacion-contra-la-gripe-2025\/\" \/>\n<meta property=\"og:site_name\" content=\"Hospital San Carlos\" \/>\n<meta property=\"article:published_time\" content=\"2025-10-15T11:38:36+00:00\" \/>\n<meta property=\"og:image\" content=\"https:\/\/www.hospitalsancarlos.es\/blog\/wp-content\/uploads\/2025\/10\/Depositphotos_318241098_L.jpg\" \/>\n\t<meta property=\"og:image:width\" content=\"2000\" \/>\n\t<meta property=\"og:image:height\" content=\"1339\" \/>\n<meta name=\"twitter:card\" content=\"summary_large_image\" \/>\n<meta name=\"twitter:label1\" content=\"Escrito por\" \/>\n\t<meta name=\"twitter:data1\" content=\"cpeiro\" \/>\n\t<meta name=\"twitter:label2\" content=\"Tiempo de lectura\" \/>\n\t<meta name=\"twitter:data2\" content=\"1 minuto\" \/>\n<script type=\"application\/ld+json\" class=\"yoast-schema-graph\">{\"@context\":\"https:\/\/schema.org\",\"@graph\":[{\"@type\":\"Organization\",\"@id\":\"https:\/\/www.hospitalsancarlos.es\/blog\/#organization\",\"name\":\"Hospital San Carlos\",\"url\":\"https:\/\/www.hospitalsancarlos.es\/blog\/\",\"sameAs\":[],\"logo\":{\"@type\":\"ImageObject\",\"@id\":\"https:\/\/www.hospitalsancarlos.es\/blog\/#logo\",\"inLanguage\":\"es\",\"url\":\"https:\/\/www.hospitalsancarlos.es\/blog\/wp-content\/uploads\/2021\/09\/logo-sancarlos.png\",\"contentUrl\":\"https:\/\/www.hospitalsancarlos.es\/blog\/wp-content\/uploads\/2021\/09\/logo-sancarlos.png\",\"width\":320,\"height\":52,\"caption\":\"Hospital San Carlos\"},\"image\":{\"@id\":\"https:\/\/www.hospitalsancarlos.es\/blog\/#logo\"}},{\"@type\":\"WebSite\",\"@id\":\"https:\/\/www.hospitalsancarlos.es\/blog\/#website\",\"url\":\"https:\/\/www.hospitalsancarlos.es\/blog\/\",\"name\":\"Hospital San Carlos\",\"description\":\"Hospital en Denia referente en la Marina Alta\",\"publisher\":{\"@id\":\"https:\/\/www.hospitalsancarlos.es\/blog\/#organization\"},\"potentialAction\":[{\"@type\":\"SearchAction\",\"target\":{\"@type\":\"EntryPoint\",\"urlTemplate\":\"https:\/\/www.hospitalsancarlos.es\/blog\/?s={search_term_string}\"},\"query-input\":\"required name=search_term_string\"}],\"inLanguage\":\"es\"},{\"@type\":\"ImageObject\",\"@id\":\"https:\/\/www.hospitalsancarlos.es\/blog\/actualidad\/campana-vacunacion-contra-la-gripe-2025\/#primaryimage\",\"inLanguage\":\"es\",\"url\":\"https:\/\/www.hospitalsancarlos.es\/blog\/wp-content\/uploads\/2025\/10\/Depositphotos_318241098_L.jpg\",\"contentUrl\":\"https:\/\/www.hospitalsancarlos.es\/blog\/wp-content\/uploads\/2025\/10\/Depositphotos_318241098_L.jpg\",\"width\":2000,\"height\":1339,\"caption\":\"Campa\\u00f1a vacunaci\\u00f3n gripe 2025\"},{\"@type\":\"WebPage\",\"@id\":\"https:\/\/www.hospitalsancarlos.es\/blog\/actualidad\/campana-vacunacion-contra-la-gripe-2025\/#webpage\",\"url\":\"https:\/\/www.hospitalsancarlos.es\/blog\/actualidad\/campana-vacunacion-contra-la-gripe-2025\/\",\"name\":\"Campa\\u00f1a vacunaci\\u00f3n contra la gripe 2025 - Hospital San Carlos\",\"isPartOf\":{\"@id\":\"https:\/\/www.hospitalsancarlos.es\/blog\/#website\"},\"primaryImageOfPage\":{\"@id\":\"https:\/\/www.hospitalsancarlos.es\/blog\/actualidad\/campana-vacunacion-contra-la-gripe-2025\/#primaryimage\"},\"datePublished\":\"2025-10-15T11:38:36+00:00\",\"dateModified\":\"2025-10-15T11:38:36+00:00\",\"breadcrumb\":{\"@id\":\"https:\/\/www.hospitalsancarlos.es\/blog\/actualidad\/campana-vacunacion-contra-la-gripe-2025\/#breadcrumb\"},\"inLanguage\":\"es\",\"potentialAction\":[{\"@type\":\"ReadAction\",\"target\":[\"https:\/\/www.hospitalsancarlos.es\/blog\/actualidad\/campana-vacunacion-contra-la-gripe-2025\/\"]}]},{\"@type\":\"BreadcrumbList\",\"@id\":\"https:\/\/www.hospitalsancarlos.es\/blog\/actualidad\/campana-vacunacion-contra-la-gripe-2025\/#breadcrumb\",\"itemListElement\":[{\"@type\":\"ListItem\",\"position\":1,\"name\":\"Portada\",\"item\":\"https:\/\/www.hospitalsancarlos.es\/blog\/\"},{\"@type\":\"ListItem\",\"position\":2,\"name\":\"Campa\\u00f1a vacunaci\\u00f3n contra la gripe 2025\"}]},{\"@type\":\"Article\",\"@id\":\"https:\/\/www.hospitalsancarlos.es\/blog\/actualidad\/campana-vacunacion-contra-la-gripe-2025\/#article\",\"isPartOf\":{\"@id\":\"https:\/\/www.hospitalsancarlos.es\/blog\/actualidad\/campana-vacunacion-contra-la-gripe-2025\/#webpage\"},\"author\":{\"@id\":\"https:\/\/www.hospitalsancarlos.es\/blog\/#\/schema\/person\/c1d5250fead0465bd1f1bfbc6e72b67e\"},\"headline\":\"Campa\\u00f1a vacunaci\\u00f3n contra la gripe 2025\",\"datePublished\":\"2025-10-15T11:38:36+00:00\",\"dateModified\":\"2025-10-15T11:38:36+00:00\",\"mainEntityOfPage\":{\"@id\":\"https:\/\/www.hospitalsancarlos.es\/blog\/actualidad\/campana-vacunacion-contra-la-gripe-2025\/#webpage\"},\"wordCount\":123,\"publisher\":{\"@id\":\"https:\/\/www.hospitalsancarlos.es\/blog\/#organization\"},\"image\":{\"@id\":\"https:\/\/www.hospitalsancarlos.es\/blog\/actualidad\/campana-vacunacion-contra-la-gripe-2025\/#primaryimage\"},\"thumbnailUrl\":\"https:\/\/www.hospitalsancarlos.es\/blog\/wp-content\/uploads\/2025\/10\/Depositphotos_318241098_L.jpg\",\"keywords\":[\"gripe\",\"salud\",\"vacunaci\\u00f3n gripe\"],\"articleSection\":[\"Actualidad\"],\"inLanguage\":\"es\"},{\"@type\":\"Person\",\"@id\":\"https:\/\/www.hospitalsancarlos.es\/blog\/#\/schema\/person\/c1d5250fead0465bd1f1bfbc6e72b67e\",\"name\":\"cpeiro\",\"image\":{\"@type\":\"ImageObject\",\"@id\":\"https:\/\/www.hospitalsancarlos.es\/blog\/#personlogo\",\"inLanguage\":\"es\",\"url\":\"https:\/\/secure.gravatar.com\/avatar\/ccda9b15179fd1fab596469501706a8d4ab328c17627e4cd9c5752f0efc1aaed?s=96&d=mm&r=g\",\"contentUrl\":\"https:\/\/secure.gravatar.com\/avatar\/ccda9b15179fd1fab596469501706a8d4ab328c17627e4cd9c5752f0efc1aaed?s=96&d=mm&r=g\",\"caption\":\"cpeiro\"}}]}<\/script>\n<!-- \/ Yoast SEO plugin. -->","yoast_head_json":{"title":"Campa\u00f1a vacunaci\u00f3n contra la gripe 2025 - Hospital San Carlos","robots":{"index":"index","follow":"follow","max-snippet":"max-snippet:-1","max-image-preview":"max-image-preview:large","max-video-preview":"max-video-preview:-1"},"canonical":"https:\/\/www.hospitalsancarlos.es\/blog\/actualidad\/campana-vacunacion-contra-la-gripe-2025\/","og_locale":"es_ES","og_type":"article","og_title":"Campa\u00f1a vacunaci\u00f3n contra la gripe 2025 - Hospital San Carlos","og_description":"\u00a1No lo olvides! La Campa\u00f1a de Vacunaci\u00f3n de la Gripe del a\u00f1o 2025 comienza el 15 de octubre en el Hospital San Carlos como Centro Oficial de Vacunaci\u00f3n. IMPORTANTE: EN PRIMER LUGAR, SE VACUNAR\u00c1&#46;&#46;&#46;","og_url":"https:\/\/www.hospitalsancarlos.es\/blog\/actualidad\/campana-vacunacion-contra-la-gripe-2025\/","og_site_name":"Hospital San Carlos","article_published_time":"2025-10-15T11:38:36+00:00","og_image":[{"width":2000,"height":1339,"filesize":1262649,"url":"https:\/\/www.hospitalsancarlos.es\/blog\/wp-content\/uploads\/2025\/10\/Depositphotos_318241098_L.jpg","path":"\/var\/www\/vhosts\/hospitalsancarlos.es\/httpdocs\/blog\/wp-content\/uploads\/2025\/10\/Depositphotos_318241098_L.jpg","size":"full","id":1390,"alt":"Campa\u00f1a vacunaci\u00f3n gripe 2025","pixels":2678000,"type":"image\/jpeg"}],"twitter_card":"summary_large_image","twitter_misc":{"Escrito por":"cpeiro","Tiempo de lectura":"1 minuto"},"schema":{"@context":"https:\/\/schema.org","@graph":[{"@type":"Organization","@id":"https:\/\/www.hospitalsancarlos.es\/blog\/#organization","name":"Hospital San Carlos","url":"https:\/\/www.hospitalsancarlos.es\/blog\/","sameAs":[],"logo":{"@type":"ImageObject","@id":"https:\/\/www.hospitalsancarlos.es\/blog\/#logo","inLanguage":"es","url":"https:\/\/www.hospitalsancarlos.es\/blog\/wp-content\/uploads\/2021\/09\/logo-sancarlos.png","contentUrl":"https:\/\/www.hospitalsancarlos.es\/blog\/wp-content\/uploads\/2021\/09\/logo-sancarlos.png","width":320,"height":52,"caption":"Hospital San Carlos"},"image":{"@id":"https:\/\/www.hospitalsancarlos.es\/blog\/#logo"}},{"@type":"WebSite","@id":"https:\/\/www.hospitalsancarlos.es\/blog\/#website","url":"https:\/\/www.hospitalsancarlos.es\/blog\/","name":"Hospital San Carlos","description":"Hospital en Denia referente en la Marina Alta","publisher":{"@id":"https:\/\/www.hospitalsancarlos.es\/blog\/#organization"},"potentialAction":[{"@type":"SearchAction","target":{"@type":"EntryPoint","urlTemplate":"https:\/\/www.hospitalsancarlos.es\/blog\/?s={search_term_string}"},"query-input":"required name=search_term_string"}],"inLanguage":"es"},{"@type":"ImageObject","@id":"https:\/\/www.hospitalsancarlos.es\/blog\/actualidad\/campana-vacunacion-contra-la-gripe-2025\/#primaryimage","inLanguage":"es","url":"https:\/\/www.hospitalsancarlos.es\/blog\/wp-content\/uploads\/2025\/10\/Depositphotos_318241098_L.jpg","contentUrl":"https:\/\/www.hospitalsancarlos.es\/blog\/wp-content\/uploads\/2025\/10\/Depositphotos_318241098_L.jpg","width":2000,"height":1339,"caption":"Campa\u00f1a vacunaci\u00f3n gripe 2025"},{"@type":"WebPage","@id":"https:\/\/www.hospitalsancarlos.es\/blog\/actualidad\/campana-vacunacion-contra-la-gripe-2025\/#webpage","url":"https:\/\/www.hospitalsancarlos.es\/blog\/actualidad\/campana-vacunacion-contra-la-gripe-2025\/","name":"Campa\u00f1a vacunaci\u00f3n contra la gripe 2025 - Hospital San Carlos","isPartOf":{"@id":"https:\/\/www.hospitalsancarlos.es\/blog\/#website"},"primaryImageOfPage":{"@id":"https:\/\/www.hospitalsancarlos.es\/blog\/actualidad\/campana-vacunacion-contra-la-gripe-2025\/#primaryimage"},"datePublished":"2025-10-15T11:38:36+00:00","dateModified":"2025-10-15T11:38:36+00:00","breadcrumb":{"@id":"https:\/\/www.hospitalsancarlos.es\/blog\/actualidad\/campana-vacunacion-contra-la-gripe-2025\/#breadcrumb"},"inLanguage":"es","potentialAction":[{"@type":"ReadAction","target":["https:\/\/www.hospitalsancarlos.es\/blog\/actualidad\/campana-vacunacion-contra-la-gripe-2025\/"]}]},{"@type":"BreadcrumbList","@id":"https:\/\/www.hospitalsancarlos.es\/blog\/actualidad\/campana-vacunacion-contra-la-gripe-2025\/#breadcrumb","itemListElement":[{"@type":"ListItem","position":1,"name":"Portada","item":"https:\/\/www.hospitalsancarlos.es\/blog\/"},{"@type":"ListItem","position":2,"name":"Campa\u00f1a vacunaci\u00f3n contra la gripe 2025"}]},{"@type":"Article","@id":"https:\/\/www.hospitalsancarlos.es\/blog\/actualidad\/campana-vacunacion-contra-la-gripe-2025\/#article","isPartOf":{"@id":"https:\/\/www.hospitalsancarlos.es\/blog\/actualidad\/campana-vacunacion-contra-la-gripe-2025\/#webpage"},"author":{"@id":"https:\/\/www.hospitalsancarlos.es\/blog\/#\/schema\/person\/c1d5250fead0465bd1f1bfbc6e72b67e"},"headline":"Campa\u00f1a vacunaci\u00f3n contra la gripe 2025","datePublished":"2025-10-15T11:38:36+00:00","dateModified":"2025-10-15T11:38:36+00:00","mainEntityOfPage":{"@id":"https:\/\/www.hospitalsancarlos.es\/blog\/actualidad\/campana-vacunacion-contra-la-gripe-2025\/#webpage"},"wordCount":123,"publisher":{"@id":"https:\/\/www.hospitalsancarlos.es\/blog\/#organization"},"image":{"@id":"https:\/\/www.hospitalsancarlos.es\/blog\/actualidad\/campana-vacunacion-contra-la-gripe-2025\/#primaryimage"},"thumbnailUrl":"https:\/\/www.hospitalsancarlos.es\/blog\/wp-content\/uploads\/2025\/10\/Depositphotos_318241098_L.jpg","keywords":["gripe","salud","vacunaci\u00f3n gripe"],"articleSection":["Actualidad"],"inLanguage":"es"},{"@type":"Person","@id":"https:\/\/www.hospitalsancarlos.es\/blog\/#\/schema\/person\/c1d5250fead0465bd1f1bfbc6e72b67e","name":"cpeiro","image":{"@type":"ImageObject","@id":"https:\/\/www.hospitalsancarlos.es\/blog\/#personlogo","inLanguage":"es","url":"https:\/\/secure.gravatar.com\/avatar\/ccda9b15179fd1fab596469501706a8d4ab328c17627e4cd9c5752f0efc1aaed?s=96&d=mm&r=g","contentUrl":"https:\/\/secure.gravatar.com\/avatar\/ccda9b15179fd1fab596469501706a8d4ab328c17627e4cd9c5752f0efc1aaed?s=96&d=mm&r=g","caption":"cpeiro"}}]}},"_links":{"self":[{"href":"https:\/\/www.hospitalsancarlos.es\/blog\/wp-json\/wp\/v2\/posts\/1388","targetHints":{"allow":["GET"]}}],"collection":[{"href":"https:\/\/www.hospitalsancarlos.es\/blog\/wp-json\/wp\/v2\/posts"}],"about":[{"href":"https:\/\/www.hospitalsancarlos.es\/blog\/wp-json\/wp\/v2\/types\/post"}],"author":[{"embeddable":true,"href":"https:\/\/www.hospitalsancarlos.es\/blog\/wp-json\/wp\/v2\/users\/2"}],"replies":[{"embeddable":true,"href":"https:\/\/www.hospitalsancarlos.es\/blog\/wp-json\/wp\/v2\/comments?post=1388"}],"version-history":[{"count":2,"href":"https:\/\/www.hospitalsancarlos.es\/blog\/wp-json\/wp\/v2\/posts\/1388\/revisions"}],"predecessor-version":[{"id":1391,"href":"https:\/\/www.hospitalsancarlos.es\/blog\/wp-json\/wp\/v2\/posts\/1388\/revisions\/1391"}],"wp:featuredmedia":[{"embeddable":true,"href":"https:\/\/www.hospitalsancarlos.es\/blog\/wp-json\/wp\/v2\/media\/1390"}],"wp:attachment":[{"href":"https:\/\/www.hospitalsancarlos.es\/blog\/wp-json\/wp\/v2\/media?parent=1388"}],"wp:term":[{"taxonomy":"category","embeddable":true,"href":"https:\/\/www.hospitalsancarlos.es\/blog\/wp-json\/wp\/v2\/categories?post=1388"},{"taxonomy":"post_tag","embeddable":true,"href":"https:\/\/www.hospitalsancarlos.es\/blog\/wp-json\/wp\/v2\/tags?post=1388"}],"curies":[{"name":"wp","href":"https:\/\/api.w.org\/{rel}","templated":true}]}}