{"id":135,"date":"2021-10-13T14:20:10","date_gmt":"2021-10-13T13:20:10","guid":{"rendered":"https:\/\/www.hospitalsancarlos.es\/blog\/?p=135"},"modified":"2021-10-13T14:28:58","modified_gmt":"2021-10-13T13:28:58","slug":"hospital-san-carlos-denia-cancer-mama","status":"publish","type":"post","link":"https:\/\/www.hospitalsancarlos.es\/blog\/oncologia\/hospital-san-carlos-denia-cancer-mama\/","title":{"rendered":"El Hospital San Carlos de Denia, colaborar\u00e1 con la AECC de Ondara en el D\u00eda Mundial contra el C\u00e1ncer de Mama"},"content":{"rendered":"\n<figure class=\"wp-block-image size-full\"><img loading=\"lazy\" decoding=\"async\" width=\"950\" height=\"633\" src=\"https:\/\/www.hospitalsancarlos.es\/blog\/wp-content\/uploads\/2021\/10\/hospital-denia-cancer-mama.jpg\" alt=\"hospital denia cancer mama\" class=\"wp-image-136\" srcset=\"https:\/\/www.hospitalsancarlos.es\/blog\/wp-content\/uploads\/2021\/10\/hospital-denia-cancer-mama.jpg 950w, https:\/\/www.hospitalsancarlos.es\/blog\/wp-content\/uploads\/2021\/10\/hospital-denia-cancer-mama-300x200.jpg 300w, https:\/\/www.hospitalsancarlos.es\/blog\/wp-content\/uploads\/2021\/10\/hospital-denia-cancer-mama-768x512.jpg 768w\" sizes=\"auto, (max-width: 950px) 100vw, 950px\" \/><\/figure>\n\n\n\n<p><em>D\u00e9nia \u2013 13 de octubre, 2021.<\/em>&#8211; Seg\u00fan la AECC (Asociaci\u00f3n Espa\u00f1ola Contra el C\u00e1ncer) <strong>una de cada ocho mujeres en Espa\u00f1a sufrir\u00e1 c\u00e1ncer de mama a lo largo de su vida<\/strong>, el tipo de tumor m\u00e1s frecuente en mujeres occidentales, que deja m\u00e1s de 30.000 nuevos casos en nuestro pa\u00eds cada a\u00f1o. Sin embargo, la tasa de curaci\u00f3n de este tumor, cuando es detectado en una fase precoz y con los adecuados m\u00e9todos diagn\u00f3sticos y terap\u00e9uticos, es aproximadamente del 95%.<\/p>\n\n\n\n<p>El hospital San Carlos de Denia, perteneciente al Grupo HLA, ha firmado con la presidenta de la <strong>AECC de Ondara<\/strong>, Do\u00f1a Mari Carmen Bisquert, un acuerdo de colaboraci\u00f3n especial con motivo del d\u00eda 19 de octubre, <strong>D\u00eda Internacional contra el C\u00e1ncer de Mama<\/strong>. El objetivo de esta colaboraci\u00f3n es crear conciencia y promover que cada vez m\u00e1s mujeres puedan acceder a controles, diagn\u00f3sticos y tratamientos oportunos y efectivos.<\/p>\n\n\n\n<div class=\"wp-block-image\"><figure class=\"alignright size-full\"><img loading=\"lazy\" decoding=\"async\" width=\"280\" height=\"280\" src=\"https:\/\/www.hospitalsancarlos.es\/blog\/wp-content\/uploads\/2021\/10\/cancer-mama-denia.jpg\" alt=\"\" class=\"wp-image-139\" srcset=\"https:\/\/www.hospitalsancarlos.es\/blog\/wp-content\/uploads\/2021\/10\/cancer-mama-denia.jpg 280w, https:\/\/www.hospitalsancarlos.es\/blog\/wp-content\/uploads\/2021\/10\/cancer-mama-denia-150x150.jpg 150w, https:\/\/www.hospitalsancarlos.es\/blog\/wp-content\/uploads\/2021\/10\/cancer-mama-denia-80x80.jpg 80w\" sizes=\"auto, (max-width: 280px) 100vw, 280px\" \/><figcaption><em>El hospital San Carlos de Denia dispone de mam\u00f3grafos de \u00faltima generaci\u00f3n para el diagn\u00f3stico del c\u00e1ncer de mama.<\/em><\/figcaption><\/figure><\/div>\n\n\n\n<p>El Gerente del hospital San Carlos, Gerson Morales, ha puesto los medios diagn\u00f3sticos del centro a disposici\u00f3n de la asociaci\u00f3n para realizar, de forma gratuita, mamograf\u00edas durante este per\u00edodo. Adem\u00e1s, el hospital San Carlos colaborar\u00e1 en la caminata solidaria que de nuevo se pone en marcha tras un a\u00f1o y medio de pandemia.<\/p>\n\n\n\n<p>La Dra. Patricia Iranzo, directora m\u00e9dica del hospital, tambi\u00e9n ha aprovechado la visita para anunciar la incorporaci\u00f3n al equipo de psic\u00f3logos del centro de <strong>J\u00e9ssica Sanch\u00eds Buades, experta en Psicooncolog\u00eda: c\u00e1ncer y emociones<\/strong>. La intervenci\u00f3n del psicoonc\u00f3logo se centra, por un lado, en paliar el impacto emocional que desencadena un diagn\u00f3stico de c\u00e1ncer y, por otro, facilita la adaptaci\u00f3n del paciente a la enfermedad para que pueda ser parte activa en el proceso de manejo y recuperaci\u00f3n de la enfermedad.<\/p>\n\n\n\n<p>El Grupo Hospitalario HLA dispone de equipos especializados y re\u00fane todos los m\u00e9todos diagn\u00f3sticos y de tratamiento vinculados con patolog\u00edas que afectan a las mujeres, como el c\u00e1ncer de mama.<\/p>\n\n\n\n<h2 class=\"wp-block-heading\">Sobre Grupo Hospitalario HLA<\/h2>\n\n\n\n<p>El Grupo Hospitalario HLA es uno de los mayores proveedores hospitalarios de Espa\u00f1a. Lo componen 17 hospitales y 36 centros m\u00e9dicos multiespecialidad con unidades de referencia en tratamientos de \u00faltima generaci\u00f3n, que trabajan de forma integrada para proporcionar acceso a una asistencia sanitaria de alto nivel.<\/p>\n\n\n\n<p>Con 1.300 plazas de hospitalizaci\u00f3n y 40 a\u00f1os de experiencia, HLA es un referente en la atenci\u00f3n hospitalaria y ambulatoria. Sus profesionales garantizan un modelo de atenci\u00f3n que se basa en la excelencia, la innovaci\u00f3n, la responsabilidad y un trato humano y cercano con el paciente.<\/p>\n\n\n\n<p>En 2020 el Grupo Hospitalario HLA ha sido la primera compa\u00f1\u00eda sanitaria en certificar sus protocolos frente a la COVID-19 en toda su red asistencial. Este certificado es un paso m\u00e1s en la estrategia de HLA por la excelencia y la calidad asistencial.<\/p>\n","protected":false},"excerpt":{"rendered":"<p>D\u00e9nia \u2013 13 de octubre, 2021.&#8211; Seg\u00fan la AECC (Asociaci\u00f3n Espa\u00f1ola Contra el C\u00e1ncer) una de cada ocho mujeres en Espa\u00f1a sufrir\u00e1 c\u00e1ncer de mama a lo largo de su vida, el tipo de&#46;&#46;&#46;<\/p>\n","protected":false},"author":1,"featured_media":136,"comment_status":"closed","ping_status":"closed","sticky":false,"template":"","format":"standard","meta":{"footnotes":""},"categories":[6],"tags":[],"class_list":["post-135","post","type-post","status-publish","format-standard","has-post-thumbnail","hentry","category-oncologia"],"yoast_head":"<!-- This site is optimized with the Yoast SEO plugin v17.2 - https:\/\/yoast.com\/wordpress\/plugins\/seo\/ -->\n<title>El Hospital San Carlos de Denia, colaborar\u00e1 con la AECC de Ondara en el D\u00eda Mundial contra el C\u00e1ncer de Mama - Hospital San Carlos<\/title>\n<meta name=\"robots\" content=\"index, follow, max-snippet:-1, max-image-preview:large, max-video-preview:-1\" \/>\n<link rel=\"canonical\" href=\"https:\/\/www.hospitalsancarlos.es\/blog\/oncologia\/hospital-san-carlos-denia-cancer-mama\/\" \/>\n<meta property=\"og:locale\" content=\"es_ES\" \/>\n<meta property=\"og:type\" content=\"article\" \/>\n<meta property=\"og:title\" content=\"El Hospital San Carlos de Denia, colaborar\u00e1 con la AECC de Ondara en el D\u00eda Mundial contra el C\u00e1ncer de Mama - Hospital San Carlos\" \/>\n<meta property=\"og:description\" content=\"D\u00e9nia \u2013 13 de octubre, 2021.&#8211; Seg\u00fan la AECC (Asociaci\u00f3n Espa\u00f1ola Contra el C\u00e1ncer) una de cada ocho mujeres en Espa\u00f1a sufrir\u00e1 c\u00e1ncer de mama a lo largo de su vida, el tipo de&#046;&#046;&#046;\" \/>\n<meta property=\"og:url\" content=\"https:\/\/www.hospitalsancarlos.es\/blog\/oncologia\/hospital-san-carlos-denia-cancer-mama\/\" \/>\n<meta property=\"og:site_name\" content=\"Hospital San Carlos\" \/>\n<meta property=\"article:published_time\" content=\"2021-10-13T13:20:10+00:00\" \/>\n<meta property=\"article:modified_time\" content=\"2021-10-13T13:28:58+00:00\" \/>\n<meta property=\"og:image\" content=\"https:\/\/www.hospitalsancarlos.es\/blog\/wp-content\/uploads\/2021\/10\/hospital-denia-cancer-mama.jpg\" \/>\n\t<meta property=\"og:image:width\" content=\"950\" \/>\n\t<meta property=\"og:image:height\" content=\"633\" \/>\n<meta name=\"twitter:card\" content=\"summary_large_image\" \/>\n<meta name=\"twitter:label1\" content=\"Escrito por\" \/>\n\t<meta name=\"twitter:data1\" content=\"pvmorales\" \/>\n\t<meta name=\"twitter:label2\" content=\"Tiempo de lectura\" \/>\n\t<meta name=\"twitter:data2\" content=\"3 minutos\" \/>\n<script type=\"application\/ld+json\" class=\"yoast-schema-graph\">{\"@context\":\"https:\/\/schema.org\",\"@graph\":[{\"@type\":\"Organization\",\"@id\":\"https:\/\/www.hospitalsancarlos.es\/blog\/#organization\",\"name\":\"Hospital San Carlos\",\"url\":\"https:\/\/www.hospitalsancarlos.es\/blog\/\",\"sameAs\":[],\"logo\":{\"@type\":\"ImageObject\",\"@id\":\"https:\/\/www.hospitalsancarlos.es\/blog\/#logo\",\"inLanguage\":\"es\",\"url\":\"https:\/\/www.hospitalsancarlos.es\/blog\/wp-content\/uploads\/2021\/09\/logo-sancarlos.png\",\"contentUrl\":\"https:\/\/www.hospitalsancarlos.es\/blog\/wp-content\/uploads\/2021\/09\/logo-sancarlos.png\",\"width\":320,\"height\":52,\"caption\":\"Hospital San Carlos\"},\"image\":{\"@id\":\"https:\/\/www.hospitalsancarlos.es\/blog\/#logo\"}},{\"@type\":\"WebSite\",\"@id\":\"https:\/\/www.hospitalsancarlos.es\/blog\/#website\",\"url\":\"https:\/\/www.hospitalsancarlos.es\/blog\/\",\"name\":\"Hospital San Carlos\",\"description\":\"Hospital en Denia referente en la Marina Alta\",\"publisher\":{\"@id\":\"https:\/\/www.hospitalsancarlos.es\/blog\/#organization\"},\"potentialAction\":[{\"@type\":\"SearchAction\",\"target\":{\"@type\":\"EntryPoint\",\"urlTemplate\":\"https:\/\/www.hospitalsancarlos.es\/blog\/?s={search_term_string}\"},\"query-input\":\"required name=search_term_string\"}],\"inLanguage\":\"es\"},{\"@type\":\"ImageObject\",\"@id\":\"https:\/\/www.hospitalsancarlos.es\/blog\/oncologia\/hospital-san-carlos-denia-cancer-mama\/#primaryimage\",\"inLanguage\":\"es\",\"url\":\"https:\/\/www.hospitalsancarlos.es\/blog\/wp-content\/uploads\/2021\/10\/hospital-denia-cancer-mama.jpg\",\"contentUrl\":\"https:\/\/www.hospitalsancarlos.es\/blog\/wp-content\/uploads\/2021\/10\/hospital-denia-cancer-mama.jpg\",\"width\":950,\"height\":633,\"caption\":\"hospital denia cancer mama\"},{\"@type\":\"WebPage\",\"@id\":\"https:\/\/www.hospitalsancarlos.es\/blog\/oncologia\/hospital-san-carlos-denia-cancer-mama\/#webpage\",\"url\":\"https:\/\/www.hospitalsancarlos.es\/blog\/oncologia\/hospital-san-carlos-denia-cancer-mama\/\",\"name\":\"El Hospital San Carlos de Denia, colaborar\\u00e1 con la AECC de Ondara en el D\\u00eda Mundial contra el C\\u00e1ncer de Mama - Hospital San Carlos\",\"isPartOf\":{\"@id\":\"https:\/\/www.hospitalsancarlos.es\/blog\/#website\"},\"primaryImageOfPage\":{\"@id\":\"https:\/\/www.hospitalsancarlos.es\/blog\/oncologia\/hospital-san-carlos-denia-cancer-mama\/#primaryimage\"},\"datePublished\":\"2021-10-13T13:20:10+00:00\",\"dateModified\":\"2021-10-13T13:28:58+00:00\",\"breadcrumb\":{\"@id\":\"https:\/\/www.hospitalsancarlos.es\/blog\/oncologia\/hospital-san-carlos-denia-cancer-mama\/#breadcrumb\"},\"inLanguage\":\"es\",\"potentialAction\":[{\"@type\":\"ReadAction\",\"target\":[\"https:\/\/www.hospitalsancarlos.es\/blog\/oncologia\/hospital-san-carlos-denia-cancer-mama\/\"]}]},{\"@type\":\"BreadcrumbList\",\"@id\":\"https:\/\/www.hospitalsancarlos.es\/blog\/oncologia\/hospital-san-carlos-denia-cancer-mama\/#breadcrumb\",\"itemListElement\":[{\"@type\":\"ListItem\",\"position\":1,\"name\":\"Portada\",\"item\":\"https:\/\/www.hospitalsancarlos.es\/blog\/\"},{\"@type\":\"ListItem\",\"position\":2,\"name\":\"El Hospital San Carlos de Denia, colaborar\\u00e1 con la AECC de Ondara en el D\\u00eda Mundial contra el C\\u00e1ncer de Mama\"}]},{\"@type\":\"Article\",\"@id\":\"https:\/\/www.hospitalsancarlos.es\/blog\/oncologia\/hospital-san-carlos-denia-cancer-mama\/#article\",\"isPartOf\":{\"@id\":\"https:\/\/www.hospitalsancarlos.es\/blog\/oncologia\/hospital-san-carlos-denia-cancer-mama\/#webpage\"},\"author\":{\"@id\":\"https:\/\/www.hospitalsancarlos.es\/blog\/#\/schema\/person\/9e7f13a7ab04b54b2ceec89d238c4ac4\"},\"headline\":\"El Hospital San Carlos de Denia, colaborar\\u00e1 con la AECC de Ondara en el D\\u00eda Mundial contra el C\\u00e1ncer de Mama\",\"datePublished\":\"2021-10-13T13:20:10+00:00\",\"dateModified\":\"2021-10-13T13:28:58+00:00\",\"mainEntityOfPage\":{\"@id\":\"https:\/\/www.hospitalsancarlos.es\/blog\/oncologia\/hospital-san-carlos-denia-cancer-mama\/#webpage\"},\"wordCount\":545,\"publisher\":{\"@id\":\"https:\/\/www.hospitalsancarlos.es\/blog\/#organization\"},\"image\":{\"@id\":\"https:\/\/www.hospitalsancarlos.es\/blog\/oncologia\/hospital-san-carlos-denia-cancer-mama\/#primaryimage\"},\"thumbnailUrl\":\"https:\/\/www.hospitalsancarlos.es\/blog\/wp-content\/uploads\/2021\/10\/hospital-denia-cancer-mama.jpg\",\"articleSection\":[\"Oncolog\\u00eda\"],\"inLanguage\":\"es\"},{\"@type\":\"Person\",\"@id\":\"https:\/\/www.hospitalsancarlos.es\/blog\/#\/schema\/person\/9e7f13a7ab04b54b2ceec89d238c4ac4\",\"name\":\"pvmorales\",\"image\":{\"@type\":\"ImageObject\",\"@id\":\"https:\/\/www.hospitalsancarlos.es\/blog\/#personlogo\",\"inLanguage\":\"es\",\"url\":\"https:\/\/secure.gravatar.com\/avatar\/1fd7e6c082292f0a800621571e3293f7e5589a8c218ed331398b022f8a81b117?s=96&d=mm&r=g\",\"contentUrl\":\"https:\/\/secure.gravatar.com\/avatar\/1fd7e6c082292f0a800621571e3293f7e5589a8c218ed331398b022f8a81b117?s=96&d=mm&r=g\",\"caption\":\"pvmorales\"},\"sameAs\":[\"https:\/\/www.hospitalsancarlos.es\/blog\"]}]}<\/script>\n<!-- \/ Yoast SEO plugin. -->","yoast_head_json":{"title":"El Hospital San Carlos de Denia, colaborar\u00e1 con la AECC de Ondara en el D\u00eda Mundial contra el C\u00e1ncer de Mama - Hospital San Carlos","robots":{"index":"index","follow":"follow","max-snippet":"max-snippet:-1","max-image-preview":"max-image-preview:large","max-video-preview":"max-video-preview:-1"},"canonical":"https:\/\/www.hospitalsancarlos.es\/blog\/oncologia\/hospital-san-carlos-denia-cancer-mama\/","og_locale":"es_ES","og_type":"article","og_title":"El Hospital San Carlos de Denia, colaborar\u00e1 con la AECC de Ondara en el D\u00eda Mundial contra el C\u00e1ncer de Mama - Hospital San Carlos","og_description":"D\u00e9nia \u2013 13 de octubre, 2021.&#8211; Seg\u00fan la AECC (Asociaci\u00f3n Espa\u00f1ola Contra el C\u00e1ncer) una de cada ocho mujeres en Espa\u00f1a sufrir\u00e1 c\u00e1ncer de mama a lo largo de su vida, el tipo de&#46;&#46;&#46;","og_url":"https:\/\/www.hospitalsancarlos.es\/blog\/oncologia\/hospital-san-carlos-denia-cancer-mama\/","og_site_name":"Hospital San Carlos","article_published_time":"2021-10-13T13:20:10+00:00","article_modified_time":"2021-10-13T13:28:58+00:00","og_image":[{"width":950,"height":633,"url":"https:\/\/www.hospitalsancarlos.es\/blog\/wp-content\/uploads\/2021\/10\/hospital-denia-cancer-mama.jpg","path":"\/var\/www\/vhosts\/hospitalsancarlos.es\/httpdocs\/blog\/wp-content\/uploads\/2021\/10\/hospital-denia-cancer-mama.jpg","size":"full","id":136,"alt":"hospital denia cancer mama","pixels":601350,"type":"image\/jpeg"}],"twitter_card":"summary_large_image","twitter_misc":{"Escrito por":"pvmorales","Tiempo de lectura":"3 minutos"},"schema":{"@context":"https:\/\/schema.org","@graph":[{"@type":"Organization","@id":"https:\/\/www.hospitalsancarlos.es\/blog\/#organization","name":"Hospital San Carlos","url":"https:\/\/www.hospitalsancarlos.es\/blog\/","sameAs":[],"logo":{"@type":"ImageObject","@id":"https:\/\/www.hospitalsancarlos.es\/blog\/#logo","inLanguage":"es","url":"https:\/\/www.hospitalsancarlos.es\/blog\/wp-content\/uploads\/2021\/09\/logo-sancarlos.png","contentUrl":"https:\/\/www.hospitalsancarlos.es\/blog\/wp-content\/uploads\/2021\/09\/logo-sancarlos.png","width":320,"height":52,"caption":"Hospital San Carlos"},"image":{"@id":"https:\/\/www.hospitalsancarlos.es\/blog\/#logo"}},{"@type":"WebSite","@id":"https:\/\/www.hospitalsancarlos.es\/blog\/#website","url":"https:\/\/www.hospitalsancarlos.es\/blog\/","name":"Hospital San Carlos","description":"Hospital en Denia referente en la Marina Alta","publisher":{"@id":"https:\/\/www.hospitalsancarlos.es\/blog\/#organization"},"potentialAction":[{"@type":"SearchAction","target":{"@type":"EntryPoint","urlTemplate":"https:\/\/www.hospitalsancarlos.es\/blog\/?s={search_term_string}"},"query-input":"required name=search_term_string"}],"inLanguage":"es"},{"@type":"ImageObject","@id":"https:\/\/www.hospitalsancarlos.es\/blog\/oncologia\/hospital-san-carlos-denia-cancer-mama\/#primaryimage","inLanguage":"es","url":"https:\/\/www.hospitalsancarlos.es\/blog\/wp-content\/uploads\/2021\/10\/hospital-denia-cancer-mama.jpg","contentUrl":"https:\/\/www.hospitalsancarlos.es\/blog\/wp-content\/uploads\/2021\/10\/hospital-denia-cancer-mama.jpg","width":950,"height":633,"caption":"hospital denia cancer mama"},{"@type":"WebPage","@id":"https:\/\/www.hospitalsancarlos.es\/blog\/oncologia\/hospital-san-carlos-denia-cancer-mama\/#webpage","url":"https:\/\/www.hospitalsancarlos.es\/blog\/oncologia\/hospital-san-carlos-denia-cancer-mama\/","name":"El Hospital San Carlos de Denia, colaborar\u00e1 con la AECC de Ondara en el D\u00eda Mundial contra el C\u00e1ncer de Mama - Hospital San Carlos","isPartOf":{"@id":"https:\/\/www.hospitalsancarlos.es\/blog\/#website"},"primaryImageOfPage":{"@id":"https:\/\/www.hospitalsancarlos.es\/blog\/oncologia\/hospital-san-carlos-denia-cancer-mama\/#primaryimage"},"datePublished":"2021-10-13T13:20:10+00:00","dateModified":"2021-10-13T13:28:58+00:00","breadcrumb":{"@id":"https:\/\/www.hospitalsancarlos.es\/blog\/oncologia\/hospital-san-carlos-denia-cancer-mama\/#breadcrumb"},"inLanguage":"es","potentialAction":[{"@type":"ReadAction","target":["https:\/\/www.hospitalsancarlos.es\/blog\/oncologia\/hospital-san-carlos-denia-cancer-mama\/"]}]},{"@type":"BreadcrumbList","@id":"https:\/\/www.hospitalsancarlos.es\/blog\/oncologia\/hospital-san-carlos-denia-cancer-mama\/#breadcrumb","itemListElement":[{"@type":"ListItem","position":1,"name":"Portada","item":"https:\/\/www.hospitalsancarlos.es\/blog\/"},{"@type":"ListItem","position":2,"name":"El Hospital San Carlos de Denia, colaborar\u00e1 con la AECC de Ondara en el D\u00eda Mundial contra el C\u00e1ncer de Mama"}]},{"@type":"Article","@id":"https:\/\/www.hospitalsancarlos.es\/blog\/oncologia\/hospital-san-carlos-denia-cancer-mama\/#article","isPartOf":{"@id":"https:\/\/www.hospitalsancarlos.es\/blog\/oncologia\/hospital-san-carlos-denia-cancer-mama\/#webpage"},"author":{"@id":"https:\/\/www.hospitalsancarlos.es\/blog\/#\/schema\/person\/9e7f13a7ab04b54b2ceec89d238c4ac4"},"headline":"El Hospital San Carlos de Denia, colaborar\u00e1 con la AECC de Ondara en el D\u00eda Mundial contra el C\u00e1ncer de Mama","datePublished":"2021-10-13T13:20:10+00:00","dateModified":"2021-10-13T13:28:58+00:00","mainEntityOfPage":{"@id":"https:\/\/www.hospitalsancarlos.es\/blog\/oncologia\/hospital-san-carlos-denia-cancer-mama\/#webpage"},"wordCount":545,"publisher":{"@id":"https:\/\/www.hospitalsancarlos.es\/blog\/#organization"},"image":{"@id":"https:\/\/www.hospitalsancarlos.es\/blog\/oncologia\/hospital-san-carlos-denia-cancer-mama\/#primaryimage"},"thumbnailUrl":"https:\/\/www.hospitalsancarlos.es\/blog\/wp-content\/uploads\/2021\/10\/hospital-denia-cancer-mama.jpg","articleSection":["Oncolog\u00eda"],"inLanguage":"es"},{"@type":"Person","@id":"https:\/\/www.hospitalsancarlos.es\/blog\/#\/schema\/person\/9e7f13a7ab04b54b2ceec89d238c4ac4","name":"pvmorales","image":{"@type":"ImageObject","@id":"https:\/\/www.hospitalsancarlos.es\/blog\/#personlogo","inLanguage":"es","url":"https:\/\/secure.gravatar.com\/avatar\/1fd7e6c082292f0a800621571e3293f7e5589a8c218ed331398b022f8a81b117?s=96&d=mm&r=g","contentUrl":"https:\/\/secure.gravatar.com\/avatar\/1fd7e6c082292f0a800621571e3293f7e5589a8c218ed331398b022f8a81b117?s=96&d=mm&r=g","caption":"pvmorales"},"sameAs":["https:\/\/www.hospitalsancarlos.es\/blog"]}]}},"_links":{"self":[{"href":"https:\/\/www.hospitalsancarlos.es\/blog\/wp-json\/wp\/v2\/posts\/135","targetHints":{"allow":["GET"]}}],"collection":[{"href":"https:\/\/www.hospitalsancarlos.es\/blog\/wp-json\/wp\/v2\/posts"}],"about":[{"href":"https:\/\/www.hospitalsancarlos.es\/blog\/wp-json\/wp\/v2\/types\/post"}],"author":[{"embeddable":true,"href":"https:\/\/www.hospitalsancarlos.es\/blog\/wp-json\/wp\/v2\/users\/1"}],"replies":[{"embeddable":true,"href":"https:\/\/www.hospitalsancarlos.es\/blog\/wp-json\/wp\/v2\/comments?post=135"}],"version-history":[{"count":4,"href":"https:\/\/www.hospitalsancarlos.es\/blog\/wp-json\/wp\/v2\/posts\/135\/revisions"}],"predecessor-version":[{"id":142,"href":"https:\/\/www.hospitalsancarlos.es\/blog\/wp-json\/wp\/v2\/posts\/135\/revisions\/142"}],"wp:featuredmedia":[{"embeddable":true,"href":"https:\/\/www.hospitalsancarlos.es\/blog\/wp-json\/wp\/v2\/media\/136"}],"wp:attachment":[{"href":"https:\/\/www.hospitalsancarlos.es\/blog\/wp-json\/wp\/v2\/media?parent=135"}],"wp:term":[{"taxonomy":"category","embeddable":true,"href":"https:\/\/www.hospitalsancarlos.es\/blog\/wp-json\/wp\/v2\/categories?post=135"},{"taxonomy":"post_tag","embeddable":true,"href":"https:\/\/www.hospitalsancarlos.es\/blog\/wp-json\/wp\/v2\/tags?post=135"}],"curies":[{"name":"wp","href":"https:\/\/api.w.org\/{rel}","templated":true}]}}