{"id":1324,"date":"2025-06-27T16:03:43","date_gmt":"2025-06-27T15:03:43","guid":{"rendered":"https:\/\/www.hospitalsancarlos.es\/blog\/?p=1324"},"modified":"2025-08-06T11:56:20","modified_gmt":"2025-08-06T10:56:20","slug":"hospital-hla-san-carlos-imparte-una-clase-sobre-el-melanoma-y-su-prevencion-a-los-alumnos-del-international-college-de-javea","status":"publish","type":"post","link":"https:\/\/www.hospitalsancarlos.es\/blog\/actualidad\/hospital-hla-san-carlos-imparte-una-clase-sobre-el-melanoma-y-su-prevencion-a-los-alumnos-del-international-college-de-javea\/","title":{"rendered":"Hospital HLA San Carlos imparte una clase sobre el melanoma y su prevenci\u00f3n a los alumnos del International College de J\u00e1vea"},"content":{"rendered":"\n<ul class=\"wp-block-list\">\n<li><strong>La incidencia en Espa\u00f1a de este tumor est\u00e1 en torno a 12 casos por 100.000 habitantes.<\/strong><\/li>\n\n\n\n<li><strong>El tronco es la localizaci\u00f3n m\u00e1s frecuente donde aparece el melanoma, seguido de las extremidades inferiores, cabeza y extremidades superiores.<\/strong><\/li>\n<\/ul>\n\n\n\n<p><strong>D\u00e9nia \u2013 27 de junio de 2025<\/strong>.- El pasado 12 de junio la <strong>Dra. Joana Crua\u00f1es<\/strong> y el <strong>Dr. Juan Monte<\/strong>, dermat\u00f3logos del <strong><a href=\"https:\/\/www.hospitalsancarlos.es\/\" data-type=\"link\" data-id=\"https:\/\/www.hospitalsancarlos.es\/\">Hospital HLA San Carlos<\/a><\/strong>, participaron en una charla formativa para ni\u00f1os de 11 y 12 a\u00f1os en el <a href=\"https:\/\/xic.college\/\" data-type=\"link\" data-id=\"https:\/\/xic.college\/\">International College de J\u00e1vea<\/a>. En esta ocasi\u00f3n, la Dra Crua\u00f1es ha mostrado los efectos negativos del sol sobre la piel si no se aplican barreras de protecci\u00f3n adecuadas.<\/p>\n\n\n\n<p>La exposici\u00f3n acumulada durante la infancia y la adolescencia es un factor clave en el desarrollo del melanoma en etapas posteriores de la vida. Quemaduras solares repetidas en la juventud aumentan significativamente el riesgo de c\u00e1ncer de piel. Aun as\u00ed, muchos ni\u00f1os y adolescentes siguen sin usar protecci\u00f3n solar o lo hacen de forma incorrecta. \u201cEl da\u00f1o es acumulativo e irreversible, la prevenci\u00f3n debe de ser antes. Es fundamental que los ni\u00f1os y adolescentes entiendan que el bronceado no es sin\u00f3nimo de salud\u201d, advierte la dermat\u00f3loga del Hospital HLA San Carlos\u201d.<\/p>\n\n\n\n<p>Las personas de piel clara, con antecedentes de quemaduras solares o numerosos lunares tienen mayor probabilidad de desarrollar melanoma. El Dr. Juan Monte insiste que, \u201clos lunares at\u00edpicos requieren controles dermatol\u00f3gicos peri\u00f3dicos, especialmente en j\u00f3venes con antecedentes familiares\u201d.<\/p>\n\n\n\n<p>En la charla ofrecida a los alumnos del centro escolar se les ha explicado que el melanoma es un tumor maligno que se origina en los melanocitos, las c\u00e9lulas encargadas de producir melanina, el pigmento que da color a la piel. Aunque representa un peque\u00f1o porcentaje de los c\u00e1nceres de piel, su alta capacidad de diseminaci\u00f3n hace que la protecci\u00f3n cobre m\u00e1s importancia.<\/p>\n\n\n\n<p>La Dra. Crua\u00f1es ha insistido a los alumnos en que, \u201cla preocupaci\u00f3n respecto al melanoma es real, ya que los datos actuales indican que se sigue produciendo un aumento de su incidencia en la mayor\u00eda de los pa\u00edses del mundo\u201d. \u201cLa incidencia en Espa\u00f1a es de 12 casos por cada 100.000 habitantes, y en el norte de Europa, especialmente en los pa\u00edses n\u00f3rdicos es notablemente alto. En general, en Europa, la incidencia se duplica de 10 a 20 a\u00f1os desde 1.970 y actualmente se diagnostican alrededor de 65.000 casos anuales\u201d.<\/p>\n\n\n\n<p>El melanoma es un tumor que puede aparecer a cualquier edad, pero su incidencia es mayor por encima de los 60 a\u00f1os, \u201cla historia personal de quemaduras solares constituye uno de los factores de riesgo m\u00e1s importantes, unido a una piel clara o con muchos lunares\u201d, ha manifestado la especialista.<\/p>\n\n\n\n<p>Adem\u00e1s, las personas que presentan muchos lunares son m\u00e1s propensas a desarrollar este tipo de c\u00e1ncer. \u201cHay que tener presente que los nevus o lunares tienen una gran prevalencia en la poblaci\u00f3n general y la gran mayor\u00eda son proliferaciones benignas\u201d, aclara el Dr. Juan Monte, pero a\u00f1ade que \u201chay un tipo llamado at\u00edpico o displ\u00e1sico, que presenta potencialmente una mayor transformaci\u00f3n a melanoma y que tiene un aspecto m\u00e1s irregular, suele ser asim\u00e9trico o regresar parcialmente. Por tanto, las personas que presenten muchos lunares y sobre todo con formas at\u00edpicas deben realizarse controles peri\u00f3dicos\u201d.<\/p>\n\n\n\n<p>El tronco es la localizaci\u00f3n m\u00e1s frecuente donde aparece el melanoma, seguido de las extremidades inferiores, cabeza y extremidades superiores. Es aconsejable estar atentos a las zonas que normalmente est\u00e1n menos expuestas al sol, como las piernas y la espalda, porque son las primeras en quemarse siempre.<\/p>\n\n\n\n<p>La formaci\u00f3n a los menores ha finalizado con el autodiagn\u00f3stico en el que se aconseja fijarse en la asimetr\u00eda, los bordes irregulares, el color, el di\u00e1metro superior a los 6 mm y la evoluci\u00f3n de los lunares, aunque se les ha recomendado acudir a un profesional ante el m\u00ednimo signo de alarma.<\/p>\n\n\n<div class=\"wp-block-image\">\n<figure class=\"aligncenter size-large is-resized\"><img loading=\"lazy\" decoding=\"async\" width=\"1024\" height=\"585\" src=\"https:\/\/www.hospitalsancarlos.es\/blog\/wp-content\/uploads\/2025\/06\/xic-javea-1024x585.jpg\" alt=\"\" class=\"wp-image-1325\" style=\"width:584px;height:auto\" srcset=\"https:\/\/www.hospitalsancarlos.es\/blog\/wp-content\/uploads\/2025\/06\/xic-javea-1024x585.jpg 1024w, https:\/\/www.hospitalsancarlos.es\/blog\/wp-content\/uploads\/2025\/06\/xic-javea-300x171.jpg 300w, https:\/\/www.hospitalsancarlos.es\/blog\/wp-content\/uploads\/2025\/06\/xic-javea-768x439.jpg 768w, https:\/\/www.hospitalsancarlos.es\/blog\/wp-content\/uploads\/2025\/06\/xic-javea.jpg 1080w\" sizes=\"auto, (max-width: 1024px) 100vw, 1024px\" \/><\/figure>\n<\/div>\n\n\n<h2 class=\"wp-block-heading\">Sobre Grupo Hospitalario HLA<\/h2>\n\n\n\n<p>El Grupo Hospitalario HLA es uno de los mayores proveedores hospitalarios de Espa\u00f1a. Lo componen 18 hospitales y 38 centros m\u00e9dicos multiespecialidad con unidades de referencia en tratamientos de \u00faltima generaci\u00f3n, que trabajan de forma integrada para proporcionar acceso a una asistencia sanitaria de alto nivel.&nbsp;<\/p>\n\n\n\n<p>Con 1.300 camas de hospitalizaci\u00f3n y m\u00e1s de 40 a\u00f1os de experiencia, HLA es un referente en la atenci\u00f3n hospitalaria y ambulatoria. Sus profesionales garantizan un modelo de atenci\u00f3n que se basa en la excelencia, la innovaci\u00f3n, la responsabilidad y un trato humano y cercano con el paciente.&nbsp;<\/p>\n","protected":false},"excerpt":{"rendered":"<p>D\u00e9nia \u2013 27 de junio de 2025.- El pasado 12 de junio la Dra. Joana Crua\u00f1es y el Dr. Juan Monte, dermat\u00f3logos del Hospital HLA San Carlos, participaron en una charla formativa para ni\u00f1os&#46;&#46;&#46;<\/p>\n","protected":false},"author":2,"featured_media":0,"comment_status":"closed","ping_status":"closed","sticky":false,"template":"","format":"standard","meta":{"footnotes":""},"categories":[24,92],"tags":[],"class_list":["post-1324","post","type-post","status-publish","format-standard","hentry","category-actualidad","category-dermatologia"],"yoast_head":"<!-- This site is optimized with the Yoast SEO plugin v17.2 - https:\/\/yoast.com\/wordpress\/plugins\/seo\/ -->\n<title>Hospital HLA San Carlos imparte una clase sobre el melanoma y su prevenci\u00f3n a los alumnos del International College de J\u00e1vea - Hospital San Carlos<\/title>\n<meta name=\"robots\" content=\"index, follow, max-snippet:-1, max-image-preview:large, max-video-preview:-1\" \/>\n<link rel=\"canonical\" href=\"https:\/\/www.hospitalsancarlos.es\/blog\/actualidad\/hospital-hla-san-carlos-imparte-una-clase-sobre-el-melanoma-y-su-prevencion-a-los-alumnos-del-international-college-de-javea\/\" \/>\n<meta property=\"og:locale\" content=\"es_ES\" \/>\n<meta property=\"og:type\" content=\"article\" \/>\n<meta property=\"og:title\" content=\"Hospital HLA San Carlos imparte una clase sobre el melanoma y su prevenci\u00f3n a los alumnos del International College de J\u00e1vea - Hospital San Carlos\" \/>\n<meta property=\"og:description\" content=\"D\u00e9nia \u2013 27 de junio de 2025.- El pasado 12 de junio la Dra. Joana Crua\u00f1es y el Dr. Juan Monte, dermat\u00f3logos del Hospital HLA San Carlos, participaron en una charla formativa para ni\u00f1os&#046;&#046;&#046;\" \/>\n<meta property=\"og:url\" content=\"https:\/\/www.hospitalsancarlos.es\/blog\/actualidad\/hospital-hla-san-carlos-imparte-una-clase-sobre-el-melanoma-y-su-prevencion-a-los-alumnos-del-international-college-de-javea\/\" \/>\n<meta property=\"og:site_name\" content=\"Hospital San Carlos\" \/>\n<meta property=\"article:published_time\" content=\"2025-06-27T15:03:43+00:00\" \/>\n<meta property=\"article:modified_time\" content=\"2025-08-06T10:56:20+00:00\" \/>\n<meta property=\"og:image\" content=\"https:\/\/www.hospitalsancarlos.es\/blog\/wp-content\/uploads\/2025\/06\/xic-javea-1024x585.jpg\" \/>\n<meta name=\"twitter:card\" content=\"summary_large_image\" \/>\n<meta name=\"twitter:label1\" content=\"Escrito por\" \/>\n\t<meta name=\"twitter:data1\" content=\"cpeiro\" \/>\n\t<meta name=\"twitter:label2\" content=\"Tiempo de lectura\" \/>\n\t<meta name=\"twitter:data2\" content=\"4 minutos\" \/>\n<script type=\"application\/ld+json\" class=\"yoast-schema-graph\">{\"@context\":\"https:\/\/schema.org\",\"@graph\":[{\"@type\":\"Organization\",\"@id\":\"https:\/\/www.hospitalsancarlos.es\/blog\/#organization\",\"name\":\"Hospital San Carlos\",\"url\":\"https:\/\/www.hospitalsancarlos.es\/blog\/\",\"sameAs\":[],\"logo\":{\"@type\":\"ImageObject\",\"@id\":\"https:\/\/www.hospitalsancarlos.es\/blog\/#logo\",\"inLanguage\":\"es\",\"url\":\"https:\/\/www.hospitalsancarlos.es\/blog\/wp-content\/uploads\/2021\/09\/logo-sancarlos.png\",\"contentUrl\":\"https:\/\/www.hospitalsancarlos.es\/blog\/wp-content\/uploads\/2021\/09\/logo-sancarlos.png\",\"width\":320,\"height\":52,\"caption\":\"Hospital San Carlos\"},\"image\":{\"@id\":\"https:\/\/www.hospitalsancarlos.es\/blog\/#logo\"}},{\"@type\":\"WebSite\",\"@id\":\"https:\/\/www.hospitalsancarlos.es\/blog\/#website\",\"url\":\"https:\/\/www.hospitalsancarlos.es\/blog\/\",\"name\":\"Hospital San Carlos\",\"description\":\"Hospital en Denia referente en la Marina Alta\",\"publisher\":{\"@id\":\"https:\/\/www.hospitalsancarlos.es\/blog\/#organization\"},\"potentialAction\":[{\"@type\":\"SearchAction\",\"target\":{\"@type\":\"EntryPoint\",\"urlTemplate\":\"https:\/\/www.hospitalsancarlos.es\/blog\/?s={search_term_string}\"},\"query-input\":\"required name=search_term_string\"}],\"inLanguage\":\"es\"},{\"@type\":\"ImageObject\",\"@id\":\"https:\/\/www.hospitalsancarlos.es\/blog\/actualidad\/hospital-hla-san-carlos-imparte-una-clase-sobre-el-melanoma-y-su-prevencion-a-los-alumnos-del-international-college-de-javea\/#primaryimage\",\"inLanguage\":\"es\",\"url\":\"https:\/\/www.hospitalsancarlos.es\/blog\/wp-content\/uploads\/2025\/06\/xic-javea.jpg\",\"contentUrl\":\"https:\/\/www.hospitalsancarlos.es\/blog\/wp-content\/uploads\/2025\/06\/xic-javea.jpg\",\"width\":1080,\"height\":617},{\"@type\":\"WebPage\",\"@id\":\"https:\/\/www.hospitalsancarlos.es\/blog\/actualidad\/hospital-hla-san-carlos-imparte-una-clase-sobre-el-melanoma-y-su-prevencion-a-los-alumnos-del-international-college-de-javea\/#webpage\",\"url\":\"https:\/\/www.hospitalsancarlos.es\/blog\/actualidad\/hospital-hla-san-carlos-imparte-una-clase-sobre-el-melanoma-y-su-prevencion-a-los-alumnos-del-international-college-de-javea\/\",\"name\":\"Hospital HLA San Carlos imparte una clase sobre el melanoma y su prevenci\\u00f3n a los alumnos del International College de J\\u00e1vea - Hospital San Carlos\",\"isPartOf\":{\"@id\":\"https:\/\/www.hospitalsancarlos.es\/blog\/#website\"},\"primaryImageOfPage\":{\"@id\":\"https:\/\/www.hospitalsancarlos.es\/blog\/actualidad\/hospital-hla-san-carlos-imparte-una-clase-sobre-el-melanoma-y-su-prevencion-a-los-alumnos-del-international-college-de-javea\/#primaryimage\"},\"datePublished\":\"2025-06-27T15:03:43+00:00\",\"dateModified\":\"2025-08-06T10:56:20+00:00\",\"breadcrumb\":{\"@id\":\"https:\/\/www.hospitalsancarlos.es\/blog\/actualidad\/hospital-hla-san-carlos-imparte-una-clase-sobre-el-melanoma-y-su-prevencion-a-los-alumnos-del-international-college-de-javea\/#breadcrumb\"},\"inLanguage\":\"es\",\"potentialAction\":[{\"@type\":\"ReadAction\",\"target\":[\"https:\/\/www.hospitalsancarlos.es\/blog\/actualidad\/hospital-hla-san-carlos-imparte-una-clase-sobre-el-melanoma-y-su-prevencion-a-los-alumnos-del-international-college-de-javea\/\"]}]},{\"@type\":\"BreadcrumbList\",\"@id\":\"https:\/\/www.hospitalsancarlos.es\/blog\/actualidad\/hospital-hla-san-carlos-imparte-una-clase-sobre-el-melanoma-y-su-prevencion-a-los-alumnos-del-international-college-de-javea\/#breadcrumb\",\"itemListElement\":[{\"@type\":\"ListItem\",\"position\":1,\"name\":\"Portada\",\"item\":\"https:\/\/www.hospitalsancarlos.es\/blog\/\"},{\"@type\":\"ListItem\",\"position\":2,\"name\":\"Hospital HLA San Carlos imparte una clase sobre el melanoma y su prevenci\\u00f3n a los alumnos del International College de J\\u00e1vea\"}]},{\"@type\":\"Article\",\"@id\":\"https:\/\/www.hospitalsancarlos.es\/blog\/actualidad\/hospital-hla-san-carlos-imparte-una-clase-sobre-el-melanoma-y-su-prevencion-a-los-alumnos-del-international-college-de-javea\/#article\",\"isPartOf\":{\"@id\":\"https:\/\/www.hospitalsancarlos.es\/blog\/actualidad\/hospital-hla-san-carlos-imparte-una-clase-sobre-el-melanoma-y-su-prevencion-a-los-alumnos-del-international-college-de-javea\/#webpage\"},\"author\":{\"@id\":\"https:\/\/www.hospitalsancarlos.es\/blog\/#\/schema\/person\/c1d5250fead0465bd1f1bfbc6e72b67e\"},\"headline\":\"Hospital HLA San Carlos imparte una clase sobre el melanoma y su prevenci\\u00f3n a los alumnos del International College de J\\u00e1vea\",\"datePublished\":\"2025-06-27T15:03:43+00:00\",\"dateModified\":\"2025-08-06T10:56:20+00:00\",\"mainEntityOfPage\":{\"@id\":\"https:\/\/www.hospitalsancarlos.es\/blog\/actualidad\/hospital-hla-san-carlos-imparte-una-clase-sobre-el-melanoma-y-su-prevencion-a-los-alumnos-del-international-college-de-javea\/#webpage\"},\"wordCount\":806,\"publisher\":{\"@id\":\"https:\/\/www.hospitalsancarlos.es\/blog\/#organization\"},\"image\":{\"@id\":\"https:\/\/www.hospitalsancarlos.es\/blog\/actualidad\/hospital-hla-san-carlos-imparte-una-clase-sobre-el-melanoma-y-su-prevencion-a-los-alumnos-del-international-college-de-javea\/#primaryimage\"},\"thumbnailUrl\":\"https:\/\/www.hospitalsancarlos.es\/blog\/wp-content\/uploads\/2025\/06\/xic-javea-1024x585.jpg\",\"articleSection\":[\"Actualidad\",\"Dermatolog\\u00eda\"],\"inLanguage\":\"es\"},{\"@type\":\"Person\",\"@id\":\"https:\/\/www.hospitalsancarlos.es\/blog\/#\/schema\/person\/c1d5250fead0465bd1f1bfbc6e72b67e\",\"name\":\"cpeiro\",\"image\":{\"@type\":\"ImageObject\",\"@id\":\"https:\/\/www.hospitalsancarlos.es\/blog\/#personlogo\",\"inLanguage\":\"es\",\"url\":\"https:\/\/secure.gravatar.com\/avatar\/ccda9b15179fd1fab596469501706a8d4ab328c17627e4cd9c5752f0efc1aaed?s=96&d=mm&r=g\",\"contentUrl\":\"https:\/\/secure.gravatar.com\/avatar\/ccda9b15179fd1fab596469501706a8d4ab328c17627e4cd9c5752f0efc1aaed?s=96&d=mm&r=g\",\"caption\":\"cpeiro\"}}]}<\/script>\n<!-- \/ Yoast SEO plugin. -->","yoast_head_json":{"title":"Hospital HLA San Carlos imparte una clase sobre el melanoma y su prevenci\u00f3n a los alumnos del International College de J\u00e1vea - Hospital San Carlos","robots":{"index":"index","follow":"follow","max-snippet":"max-snippet:-1","max-image-preview":"max-image-preview:large","max-video-preview":"max-video-preview:-1"},"canonical":"https:\/\/www.hospitalsancarlos.es\/blog\/actualidad\/hospital-hla-san-carlos-imparte-una-clase-sobre-el-melanoma-y-su-prevencion-a-los-alumnos-del-international-college-de-javea\/","og_locale":"es_ES","og_type":"article","og_title":"Hospital HLA San Carlos imparte una clase sobre el melanoma y su prevenci\u00f3n a los alumnos del International College de J\u00e1vea - Hospital San Carlos","og_description":"D\u00e9nia \u2013 27 de junio de 2025.- El pasado 12 de junio la Dra. Joana Crua\u00f1es y el Dr. Juan Monte, dermat\u00f3logos del Hospital HLA San Carlos, participaron en una charla formativa para ni\u00f1os&#46;&#46;&#46;","og_url":"https:\/\/www.hospitalsancarlos.es\/blog\/actualidad\/hospital-hla-san-carlos-imparte-una-clase-sobre-el-melanoma-y-su-prevencion-a-los-alumnos-del-international-college-de-javea\/","og_site_name":"Hospital San Carlos","article_published_time":"2025-06-27T15:03:43+00:00","article_modified_time":"2025-08-06T10:56:20+00:00","og_image":[{"url":"https:\/\/www.hospitalsancarlos.es\/blog\/wp-content\/uploads\/2025\/06\/xic-javea-1024x585.jpg"}],"twitter_card":"summary_large_image","twitter_misc":{"Escrito por":"cpeiro","Tiempo de lectura":"4 minutos"},"schema":{"@context":"https:\/\/schema.org","@graph":[{"@type":"Organization","@id":"https:\/\/www.hospitalsancarlos.es\/blog\/#organization","name":"Hospital San Carlos","url":"https:\/\/www.hospitalsancarlos.es\/blog\/","sameAs":[],"logo":{"@type":"ImageObject","@id":"https:\/\/www.hospitalsancarlos.es\/blog\/#logo","inLanguage":"es","url":"https:\/\/www.hospitalsancarlos.es\/blog\/wp-content\/uploads\/2021\/09\/logo-sancarlos.png","contentUrl":"https:\/\/www.hospitalsancarlos.es\/blog\/wp-content\/uploads\/2021\/09\/logo-sancarlos.png","width":320,"height":52,"caption":"Hospital San Carlos"},"image":{"@id":"https:\/\/www.hospitalsancarlos.es\/blog\/#logo"}},{"@type":"WebSite","@id":"https:\/\/www.hospitalsancarlos.es\/blog\/#website","url":"https:\/\/www.hospitalsancarlos.es\/blog\/","name":"Hospital San Carlos","description":"Hospital en Denia referente en la Marina Alta","publisher":{"@id":"https:\/\/www.hospitalsancarlos.es\/blog\/#organization"},"potentialAction":[{"@type":"SearchAction","target":{"@type":"EntryPoint","urlTemplate":"https:\/\/www.hospitalsancarlos.es\/blog\/?s={search_term_string}"},"query-input":"required name=search_term_string"}],"inLanguage":"es"},{"@type":"ImageObject","@id":"https:\/\/www.hospitalsancarlos.es\/blog\/actualidad\/hospital-hla-san-carlos-imparte-una-clase-sobre-el-melanoma-y-su-prevencion-a-los-alumnos-del-international-college-de-javea\/#primaryimage","inLanguage":"es","url":"https:\/\/www.hospitalsancarlos.es\/blog\/wp-content\/uploads\/2025\/06\/xic-javea.jpg","contentUrl":"https:\/\/www.hospitalsancarlos.es\/blog\/wp-content\/uploads\/2025\/06\/xic-javea.jpg","width":1080,"height":617},{"@type":"WebPage","@id":"https:\/\/www.hospitalsancarlos.es\/blog\/actualidad\/hospital-hla-san-carlos-imparte-una-clase-sobre-el-melanoma-y-su-prevencion-a-los-alumnos-del-international-college-de-javea\/#webpage","url":"https:\/\/www.hospitalsancarlos.es\/blog\/actualidad\/hospital-hla-san-carlos-imparte-una-clase-sobre-el-melanoma-y-su-prevencion-a-los-alumnos-del-international-college-de-javea\/","name":"Hospital HLA San Carlos imparte una clase sobre el melanoma y su prevenci\u00f3n a los alumnos del International College de J\u00e1vea - Hospital San Carlos","isPartOf":{"@id":"https:\/\/www.hospitalsancarlos.es\/blog\/#website"},"primaryImageOfPage":{"@id":"https:\/\/www.hospitalsancarlos.es\/blog\/actualidad\/hospital-hla-san-carlos-imparte-una-clase-sobre-el-melanoma-y-su-prevencion-a-los-alumnos-del-international-college-de-javea\/#primaryimage"},"datePublished":"2025-06-27T15:03:43+00:00","dateModified":"2025-08-06T10:56:20+00:00","breadcrumb":{"@id":"https:\/\/www.hospitalsancarlos.es\/blog\/actualidad\/hospital-hla-san-carlos-imparte-una-clase-sobre-el-melanoma-y-su-prevencion-a-los-alumnos-del-international-college-de-javea\/#breadcrumb"},"inLanguage":"es","potentialAction":[{"@type":"ReadAction","target":["https:\/\/www.hospitalsancarlos.es\/blog\/actualidad\/hospital-hla-san-carlos-imparte-una-clase-sobre-el-melanoma-y-su-prevencion-a-los-alumnos-del-international-college-de-javea\/"]}]},{"@type":"BreadcrumbList","@id":"https:\/\/www.hospitalsancarlos.es\/blog\/actualidad\/hospital-hla-san-carlos-imparte-una-clase-sobre-el-melanoma-y-su-prevencion-a-los-alumnos-del-international-college-de-javea\/#breadcrumb","itemListElement":[{"@type":"ListItem","position":1,"name":"Portada","item":"https:\/\/www.hospitalsancarlos.es\/blog\/"},{"@type":"ListItem","position":2,"name":"Hospital HLA San Carlos imparte una clase sobre el melanoma y su prevenci\u00f3n a los alumnos del International College de J\u00e1vea"}]},{"@type":"Article","@id":"https:\/\/www.hospitalsancarlos.es\/blog\/actualidad\/hospital-hla-san-carlos-imparte-una-clase-sobre-el-melanoma-y-su-prevencion-a-los-alumnos-del-international-college-de-javea\/#article","isPartOf":{"@id":"https:\/\/www.hospitalsancarlos.es\/blog\/actualidad\/hospital-hla-san-carlos-imparte-una-clase-sobre-el-melanoma-y-su-prevencion-a-los-alumnos-del-international-college-de-javea\/#webpage"},"author":{"@id":"https:\/\/www.hospitalsancarlos.es\/blog\/#\/schema\/person\/c1d5250fead0465bd1f1bfbc6e72b67e"},"headline":"Hospital HLA San Carlos imparte una clase sobre el melanoma y su prevenci\u00f3n a los alumnos del International College de J\u00e1vea","datePublished":"2025-06-27T15:03:43+00:00","dateModified":"2025-08-06T10:56:20+00:00","mainEntityOfPage":{"@id":"https:\/\/www.hospitalsancarlos.es\/blog\/actualidad\/hospital-hla-san-carlos-imparte-una-clase-sobre-el-melanoma-y-su-prevencion-a-los-alumnos-del-international-college-de-javea\/#webpage"},"wordCount":806,"publisher":{"@id":"https:\/\/www.hospitalsancarlos.es\/blog\/#organization"},"image":{"@id":"https:\/\/www.hospitalsancarlos.es\/blog\/actualidad\/hospital-hla-san-carlos-imparte-una-clase-sobre-el-melanoma-y-su-prevencion-a-los-alumnos-del-international-college-de-javea\/#primaryimage"},"thumbnailUrl":"https:\/\/www.hospitalsancarlos.es\/blog\/wp-content\/uploads\/2025\/06\/xic-javea-1024x585.jpg","articleSection":["Actualidad","Dermatolog\u00eda"],"inLanguage":"es"},{"@type":"Person","@id":"https:\/\/www.hospitalsancarlos.es\/blog\/#\/schema\/person\/c1d5250fead0465bd1f1bfbc6e72b67e","name":"cpeiro","image":{"@type":"ImageObject","@id":"https:\/\/www.hospitalsancarlos.es\/blog\/#personlogo","inLanguage":"es","url":"https:\/\/secure.gravatar.com\/avatar\/ccda9b15179fd1fab596469501706a8d4ab328c17627e4cd9c5752f0efc1aaed?s=96&d=mm&r=g","contentUrl":"https:\/\/secure.gravatar.com\/avatar\/ccda9b15179fd1fab596469501706a8d4ab328c17627e4cd9c5752f0efc1aaed?s=96&d=mm&r=g","caption":"cpeiro"}}]}},"_links":{"self":[{"href":"https:\/\/www.hospitalsancarlos.es\/blog\/wp-json\/wp\/v2\/posts\/1324","targetHints":{"allow":["GET"]}}],"collection":[{"href":"https:\/\/www.hospitalsancarlos.es\/blog\/wp-json\/wp\/v2\/posts"}],"about":[{"href":"https:\/\/www.hospitalsancarlos.es\/blog\/wp-json\/wp\/v2\/types\/post"}],"author":[{"embeddable":true,"href":"https:\/\/www.hospitalsancarlos.es\/blog\/wp-json\/wp\/v2\/users\/2"}],"replies":[{"embeddable":true,"href":"https:\/\/www.hospitalsancarlos.es\/blog\/wp-json\/wp\/v2\/comments?post=1324"}],"version-history":[{"count":1,"href":"https:\/\/www.hospitalsancarlos.es\/blog\/wp-json\/wp\/v2\/posts\/1324\/revisions"}],"predecessor-version":[{"id":1326,"href":"https:\/\/www.hospitalsancarlos.es\/blog\/wp-json\/wp\/v2\/posts\/1324\/revisions\/1326"}],"wp:attachment":[{"href":"https:\/\/www.hospitalsancarlos.es\/blog\/wp-json\/wp\/v2\/media?parent=1324"}],"wp:term":[{"taxonomy":"category","embeddable":true,"href":"https:\/\/www.hospitalsancarlos.es\/blog\/wp-json\/wp\/v2\/categories?post=1324"},{"taxonomy":"post_tag","embeddable":true,"href":"https:\/\/www.hospitalsancarlos.es\/blog\/wp-json\/wp\/v2\/tags?post=1324"}],"curies":[{"name":"wp","href":"https:\/\/api.w.org\/{rel}","templated":true}]}}