{"id":1310,"date":"2025-06-09T15:18:10","date_gmt":"2025-06-09T14:18:10","guid":{"rendered":"https:\/\/www.hospitalsancarlos.es\/blog\/?p=1310"},"modified":"2025-06-09T15:18:49","modified_gmt":"2025-06-09T14:18:49","slug":"charla-divulgativa-tabaquismo","status":"publish","type":"post","link":"https:\/\/www.hospitalsancarlos.es\/blog\/oncologia\/charla-divulgativa-tabaquismo\/","title":{"rendered":"Hospital HLA San Carlos participa en una charla divulgativa sobre el tabaquismo y sus consecuencias"},"content":{"rendered":"\n<p>Denia \u2013 09 de junio de 2025. \u00a0El Hospital <strong>HLA San Carlos<\/strong>, junto con la <strong><a href=\"https:\/\/amuntcontraelcancer.com\/\">Asociaci\u00f3n Amunt contra el C\u00e1ncer de Ondara<\/a><\/strong>, han participado en una charla divulgativa en el marco del D\u00eda Mundial del Tabaco. El <strong>Dr. David Vanyo<\/strong>, especialista en medicina interna del centro ofreci\u00f3 una visi\u00f3n sobre el tabaquismo y sus consecuencias con el objetivo de concienciar a j\u00f3venes y adultos acerca de c\u00f3mo afecta el consumo de tabaco. \u00a0<\/p>\n\n\n\n<p>El Dr. David Vanyo, inici\u00f3 su intervenci\u00f3n afirmando que,\u201d el tabaquismo es una enfermedad adictiva cr\u00f3nica y es el factor de riesgo principal de diferentes patolog\u00edas y enfermedades cr\u00f3nicas, as\u00ed como la primera causa conocida de mortalidad y morbilidad evitables. El tabaquismo es el principal problema de salud p\u00fablica en los pa\u00edses desarrollados ya que el tabaco mata cada a\u00f1o a m\u00e1s de 8 millones de personas en el mundo, m\u00e1s de 7 millones por consumo directo y 1,2 millones por exposici\u00f3n.\u201d<\/p>\n\n\n\n<p>El especialista expuso algunas de las consecuencias derivadas del consumo de tabaco y como afectan a los diferentes \u00f3rganos, por ejemplo, al coraz\u00f3n. \u201cEl humo del tabaco contiene sustancias que originan la contracci\u00f3n de las paredes de los vasos sangu\u00edneos sobre todo de la arteria coronaria del coraz\u00f3n\u201d. Otros \u00f3rganos que se ven afectados por el tabaquismo son los pulmones y el cerebro. El doctor explic\u00f3 que, \u201cel excesivo consumo de tabaco aumenta el c\u00e1ncer de pulm\u00f3n y el cerebro se ve afectado por la sustancias venenosas del cigarrillo que bloquean las arterias y ocasionan derrames cerebrales\u201d. Por \u00faltimo, el especialista puso el foco en el h\u00edgado, \u201cel cual es el encargado de eliminar los productos t\u00f3xicos del organismo, por lo que un aumento de estos puede alterar las c\u00e9lulas hep\u00e1ticas\u201d.<\/p>\n\n\n\n<p>Se considera fumador\/a a una persona que fuma uno o m\u00e1s cigarrillos al d\u00eda durante un mes seguido y se considera una persona exfumadora cuando ha dejado el h\u00e1bito durante doce meses o m\u00e1s sin fumar.<\/p>\n\n\n\n<p>Seg\u00fan la OMS, el consumo global de tabaco ha disminuido entre la poblaci\u00f3n mundial menor de 15 a\u00f1os. En el a\u00f1o 2.000 el porcentaje ascend\u00eda a un 32,7% y en el a\u00f1o 2.020 se situaba en 22,3%. Las cifras actuales son positivas ya que se estima que el porcentaje haya descendido hasta el 20,4% en este a\u00f1o 2.025.<\/p>\n\n\n\n<p>El tabaco es el responsable del 80% de los casos de c\u00e1ncer de pulm\u00f3n y tiene un mayor riesgo cuanto m\u00e1s precoz es la edad de inicio. Abandonar el tabaco disminuye progresivamente el riesgo hasta un 80-90% tras 15 a\u00f1os de cesaci\u00f3n. En este marco, las acciones relacionadas con la concienciaci\u00f3n de los j\u00f3venes, sobre los riesgos para la salud de un h\u00e1bito como el tabaco, se vuelve imprescindibles en la prevenci\u00f3n de enfermedades ligadas al consumo de un producto nocivo para la salud.<\/p>\n\n\n<div class=\"wp-block-image\">\n<figure class=\"aligncenter size-large is-resized\"><img loading=\"lazy\" decoding=\"async\" width=\"1024\" height=\"585\" src=\"https:\/\/www.hospitalsancarlos.es\/blog\/wp-content\/uploads\/2025\/06\/hlatabaco-1024x585.jpg\" alt=\"\" class=\"wp-image-1311\" style=\"width:649px;height:auto\" srcset=\"https:\/\/www.hospitalsancarlos.es\/blog\/wp-content\/uploads\/2025\/06\/hlatabaco-1024x585.jpg 1024w, https:\/\/www.hospitalsancarlos.es\/blog\/wp-content\/uploads\/2025\/06\/hlatabaco-300x171.jpg 300w, https:\/\/www.hospitalsancarlos.es\/blog\/wp-content\/uploads\/2025\/06\/hlatabaco-768x439.jpg 768w, https:\/\/www.hospitalsancarlos.es\/blog\/wp-content\/uploads\/2025\/06\/hlatabaco.jpg 1080w\" sizes=\"auto, (max-width: 1024px) 100vw, 1024px\" \/><\/figure>\n<\/div>\n\n\n<h2 class=\"wp-block-heading\">Sobre Grupo Hospitalario HLA<\/h2>\n\n\n\n<p>El <strong>Grupo Hospitalario HLA<\/strong> es uno de los mayores proveedores hospitalarios de Espa\u00f1a. Lo componen 18 hospitales y 39 centros m\u00e9dicos multiespecialidad con unidades de referencia en tratamientos de \u00faltima generaci\u00f3n, que trabajan de forma integrada para proporcionar acceso a una asistencia sanitaria de alto nivel.\u00a0<\/p>\n\n\n\n<p>Con 1.300 camas de hospitalizaci\u00f3n y m\u00e1s de 40 a\u00f1os de experiencia, HLA es un referente en la atenci\u00f3n hospitalaria y ambulatoria. Sus profesionales garantizan un modelo de atenci\u00f3n que se basa en la excelencia, la innovaci\u00f3n, la responsabilidad y un trato humano y cercano con el paciente.&nbsp;<\/p>\n\n\n\n<p><\/p>\n","protected":false},"excerpt":{"rendered":"<p>Denia \u2013 09 de junio de 2025. \u00a0El Hospital HLA San Carlos, junto con la Asociaci\u00f3n Amunt contra el C\u00e1ncer de Ondara, han participado en una charla divulgativa en el marco del D\u00eda Mundial&#46;&#46;&#46;<\/p>\n","protected":false},"author":2,"featured_media":1311,"comment_status":"closed","ping_status":"closed","sticky":false,"template":"","format":"standard","meta":{"footnotes":""},"categories":[24,6],"tags":[52,10,13],"class_list":["post-1310","post","type-post","status-publish","format-standard","has-post-thumbnail","hentry","category-actualidad","category-oncologia","tag-atencion-al-paciente","tag-hospital","tag-hospital-san-carlos"],"yoast_head":"<!-- This site is optimized with the Yoast SEO plugin v17.2 - https:\/\/yoast.com\/wordpress\/plugins\/seo\/ -->\n<title>Hospital HLA San Carlos participa en una charla divulgativa sobre el tabaquismo y sus consecuencias - Hospital San Carlos<\/title>\n<meta name=\"robots\" content=\"index, follow, max-snippet:-1, max-image-preview:large, max-video-preview:-1\" \/>\n<link rel=\"canonical\" href=\"https:\/\/www.hospitalsancarlos.es\/blog\/oncologia\/charla-divulgativa-tabaquismo\/\" \/>\n<meta property=\"og:locale\" content=\"es_ES\" \/>\n<meta property=\"og:type\" content=\"article\" \/>\n<meta property=\"og:title\" content=\"Hospital HLA San Carlos participa en una charla divulgativa sobre el tabaquismo y sus consecuencias - Hospital San Carlos\" \/>\n<meta property=\"og:description\" content=\"Denia \u2013 09 de junio de 2025. \u00a0El Hospital HLA San Carlos, junto con la Asociaci\u00f3n Amunt contra el C\u00e1ncer de Ondara, han participado en una charla divulgativa en el marco del D\u00eda Mundial&#046;&#046;&#046;\" \/>\n<meta property=\"og:url\" content=\"https:\/\/www.hospitalsancarlos.es\/blog\/oncologia\/charla-divulgativa-tabaquismo\/\" \/>\n<meta property=\"og:site_name\" content=\"Hospital San Carlos\" \/>\n<meta property=\"article:published_time\" content=\"2025-06-09T14:18:10+00:00\" \/>\n<meta property=\"article:modified_time\" content=\"2025-06-09T14:18:49+00:00\" \/>\n<meta property=\"og:image\" content=\"https:\/\/www.hospitalsancarlos.es\/blog\/wp-content\/uploads\/2025\/06\/hlatabaco.jpg\" \/>\n\t<meta property=\"og:image:width\" content=\"1080\" \/>\n\t<meta property=\"og:image:height\" content=\"617\" \/>\n<meta name=\"twitter:card\" content=\"summary_large_image\" \/>\n<meta name=\"twitter:label1\" content=\"Escrito por\" \/>\n\t<meta name=\"twitter:data1\" content=\"cpeiro\" \/>\n\t<meta name=\"twitter:label2\" content=\"Tiempo de lectura\" \/>\n\t<meta name=\"twitter:data2\" content=\"3 minutos\" \/>\n<script type=\"application\/ld+json\" class=\"yoast-schema-graph\">{\"@context\":\"https:\/\/schema.org\",\"@graph\":[{\"@type\":\"Organization\",\"@id\":\"https:\/\/www.hospitalsancarlos.es\/blog\/#organization\",\"name\":\"Hospital San Carlos\",\"url\":\"https:\/\/www.hospitalsancarlos.es\/blog\/\",\"sameAs\":[],\"logo\":{\"@type\":\"ImageObject\",\"@id\":\"https:\/\/www.hospitalsancarlos.es\/blog\/#logo\",\"inLanguage\":\"es\",\"url\":\"https:\/\/www.hospitalsancarlos.es\/blog\/wp-content\/uploads\/2021\/09\/logo-sancarlos.png\",\"contentUrl\":\"https:\/\/www.hospitalsancarlos.es\/blog\/wp-content\/uploads\/2021\/09\/logo-sancarlos.png\",\"width\":320,\"height\":52,\"caption\":\"Hospital San Carlos\"},\"image\":{\"@id\":\"https:\/\/www.hospitalsancarlos.es\/blog\/#logo\"}},{\"@type\":\"WebSite\",\"@id\":\"https:\/\/www.hospitalsancarlos.es\/blog\/#website\",\"url\":\"https:\/\/www.hospitalsancarlos.es\/blog\/\",\"name\":\"Hospital San Carlos\",\"description\":\"Hospital en Denia referente en la Marina Alta\",\"publisher\":{\"@id\":\"https:\/\/www.hospitalsancarlos.es\/blog\/#organization\"},\"potentialAction\":[{\"@type\":\"SearchAction\",\"target\":{\"@type\":\"EntryPoint\",\"urlTemplate\":\"https:\/\/www.hospitalsancarlos.es\/blog\/?s={search_term_string}\"},\"query-input\":\"required name=search_term_string\"}],\"inLanguage\":\"es\"},{\"@type\":\"ImageObject\",\"@id\":\"https:\/\/www.hospitalsancarlos.es\/blog\/oncologia\/charla-divulgativa-tabaquismo\/#primaryimage\",\"inLanguage\":\"es\",\"url\":\"https:\/\/www.hospitalsancarlos.es\/blog\/wp-content\/uploads\/2025\/06\/hlatabaco.jpg\",\"contentUrl\":\"https:\/\/www.hospitalsancarlos.es\/blog\/wp-content\/uploads\/2025\/06\/hlatabaco.jpg\",\"width\":1080,\"height\":617},{\"@type\":\"WebPage\",\"@id\":\"https:\/\/www.hospitalsancarlos.es\/blog\/oncologia\/charla-divulgativa-tabaquismo\/#webpage\",\"url\":\"https:\/\/www.hospitalsancarlos.es\/blog\/oncologia\/charla-divulgativa-tabaquismo\/\",\"name\":\"Hospital HLA San Carlos participa en una charla divulgativa sobre el tabaquismo y sus consecuencias - Hospital San Carlos\",\"isPartOf\":{\"@id\":\"https:\/\/www.hospitalsancarlos.es\/blog\/#website\"},\"primaryImageOfPage\":{\"@id\":\"https:\/\/www.hospitalsancarlos.es\/blog\/oncologia\/charla-divulgativa-tabaquismo\/#primaryimage\"},\"datePublished\":\"2025-06-09T14:18:10+00:00\",\"dateModified\":\"2025-06-09T14:18:49+00:00\",\"breadcrumb\":{\"@id\":\"https:\/\/www.hospitalsancarlos.es\/blog\/oncologia\/charla-divulgativa-tabaquismo\/#breadcrumb\"},\"inLanguage\":\"es\",\"potentialAction\":[{\"@type\":\"ReadAction\",\"target\":[\"https:\/\/www.hospitalsancarlos.es\/blog\/oncologia\/charla-divulgativa-tabaquismo\/\"]}]},{\"@type\":\"BreadcrumbList\",\"@id\":\"https:\/\/www.hospitalsancarlos.es\/blog\/oncologia\/charla-divulgativa-tabaquismo\/#breadcrumb\",\"itemListElement\":[{\"@type\":\"ListItem\",\"position\":1,\"name\":\"Portada\",\"item\":\"https:\/\/www.hospitalsancarlos.es\/blog\/\"},{\"@type\":\"ListItem\",\"position\":2,\"name\":\"Hospital HLA San Carlos participa en una charla divulgativa sobre el tabaquismo y sus consecuencias\"}]},{\"@type\":\"Article\",\"@id\":\"https:\/\/www.hospitalsancarlos.es\/blog\/oncologia\/charla-divulgativa-tabaquismo\/#article\",\"isPartOf\":{\"@id\":\"https:\/\/www.hospitalsancarlos.es\/blog\/oncologia\/charla-divulgativa-tabaquismo\/#webpage\"},\"author\":{\"@id\":\"https:\/\/www.hospitalsancarlos.es\/blog\/#\/schema\/person\/c1d5250fead0465bd1f1bfbc6e72b67e\"},\"headline\":\"Hospital HLA San Carlos participa en una charla divulgativa sobre el tabaquismo y sus consecuencias\",\"datePublished\":\"2025-06-09T14:18:10+00:00\",\"dateModified\":\"2025-06-09T14:18:49+00:00\",\"mainEntityOfPage\":{\"@id\":\"https:\/\/www.hospitalsancarlos.es\/blog\/oncologia\/charla-divulgativa-tabaquismo\/#webpage\"},\"wordCount\":614,\"publisher\":{\"@id\":\"https:\/\/www.hospitalsancarlos.es\/blog\/#organization\"},\"image\":{\"@id\":\"https:\/\/www.hospitalsancarlos.es\/blog\/oncologia\/charla-divulgativa-tabaquismo\/#primaryimage\"},\"thumbnailUrl\":\"https:\/\/www.hospitalsancarlos.es\/blog\/wp-content\/uploads\/2025\/06\/hlatabaco.jpg\",\"keywords\":[\"atenci\\u00f3n al paciente\",\"hospital\",\"Hospital San Carlos\"],\"articleSection\":[\"Actualidad\",\"Oncolog\\u00eda\"],\"inLanguage\":\"es\"},{\"@type\":\"Person\",\"@id\":\"https:\/\/www.hospitalsancarlos.es\/blog\/#\/schema\/person\/c1d5250fead0465bd1f1bfbc6e72b67e\",\"name\":\"cpeiro\",\"image\":{\"@type\":\"ImageObject\",\"@id\":\"https:\/\/www.hospitalsancarlos.es\/blog\/#personlogo\",\"inLanguage\":\"es\",\"url\":\"https:\/\/secure.gravatar.com\/avatar\/ccda9b15179fd1fab596469501706a8d4ab328c17627e4cd9c5752f0efc1aaed?s=96&d=mm&r=g\",\"contentUrl\":\"https:\/\/secure.gravatar.com\/avatar\/ccda9b15179fd1fab596469501706a8d4ab328c17627e4cd9c5752f0efc1aaed?s=96&d=mm&r=g\",\"caption\":\"cpeiro\"}}]}<\/script>\n<!-- \/ Yoast SEO plugin. -->","yoast_head_json":{"title":"Hospital HLA San Carlos participa en una charla divulgativa sobre el tabaquismo y sus consecuencias - Hospital San Carlos","robots":{"index":"index","follow":"follow","max-snippet":"max-snippet:-1","max-image-preview":"max-image-preview:large","max-video-preview":"max-video-preview:-1"},"canonical":"https:\/\/www.hospitalsancarlos.es\/blog\/oncologia\/charla-divulgativa-tabaquismo\/","og_locale":"es_ES","og_type":"article","og_title":"Hospital HLA San Carlos participa en una charla divulgativa sobre el tabaquismo y sus consecuencias - Hospital San Carlos","og_description":"Denia \u2013 09 de junio de 2025. \u00a0El Hospital HLA San Carlos, junto con la Asociaci\u00f3n Amunt contra el C\u00e1ncer de Ondara, han participado en una charla divulgativa en el marco del D\u00eda Mundial&#46;&#46;&#46;","og_url":"https:\/\/www.hospitalsancarlos.es\/blog\/oncologia\/charla-divulgativa-tabaquismo\/","og_site_name":"Hospital San Carlos","article_published_time":"2025-06-09T14:18:10+00:00","article_modified_time":"2025-06-09T14:18:49+00:00","og_image":[{"width":1080,"height":617,"filesize":113511,"url":"https:\/\/www.hospitalsancarlos.es\/blog\/wp-content\/uploads\/2025\/06\/hlatabaco.jpg","path":"\/var\/www\/vhosts\/hospitalsancarlos.es\/httpdocs\/blog\/wp-content\/uploads\/2025\/06\/hlatabaco.jpg","size":"full","id":1311,"alt":"","pixels":666360,"type":"image\/jpeg"}],"twitter_card":"summary_large_image","twitter_misc":{"Escrito por":"cpeiro","Tiempo de lectura":"3 minutos"},"schema":{"@context":"https:\/\/schema.org","@graph":[{"@type":"Organization","@id":"https:\/\/www.hospitalsancarlos.es\/blog\/#organization","name":"Hospital San Carlos","url":"https:\/\/www.hospitalsancarlos.es\/blog\/","sameAs":[],"logo":{"@type":"ImageObject","@id":"https:\/\/www.hospitalsancarlos.es\/blog\/#logo","inLanguage":"es","url":"https:\/\/www.hospitalsancarlos.es\/blog\/wp-content\/uploads\/2021\/09\/logo-sancarlos.png","contentUrl":"https:\/\/www.hospitalsancarlos.es\/blog\/wp-content\/uploads\/2021\/09\/logo-sancarlos.png","width":320,"height":52,"caption":"Hospital San Carlos"},"image":{"@id":"https:\/\/www.hospitalsancarlos.es\/blog\/#logo"}},{"@type":"WebSite","@id":"https:\/\/www.hospitalsancarlos.es\/blog\/#website","url":"https:\/\/www.hospitalsancarlos.es\/blog\/","name":"Hospital San Carlos","description":"Hospital en Denia referente en la Marina Alta","publisher":{"@id":"https:\/\/www.hospitalsancarlos.es\/blog\/#organization"},"potentialAction":[{"@type":"SearchAction","target":{"@type":"EntryPoint","urlTemplate":"https:\/\/www.hospitalsancarlos.es\/blog\/?s={search_term_string}"},"query-input":"required name=search_term_string"}],"inLanguage":"es"},{"@type":"ImageObject","@id":"https:\/\/www.hospitalsancarlos.es\/blog\/oncologia\/charla-divulgativa-tabaquismo\/#primaryimage","inLanguage":"es","url":"https:\/\/www.hospitalsancarlos.es\/blog\/wp-content\/uploads\/2025\/06\/hlatabaco.jpg","contentUrl":"https:\/\/www.hospitalsancarlos.es\/blog\/wp-content\/uploads\/2025\/06\/hlatabaco.jpg","width":1080,"height":617},{"@type":"WebPage","@id":"https:\/\/www.hospitalsancarlos.es\/blog\/oncologia\/charla-divulgativa-tabaquismo\/#webpage","url":"https:\/\/www.hospitalsancarlos.es\/blog\/oncologia\/charla-divulgativa-tabaquismo\/","name":"Hospital HLA San Carlos participa en una charla divulgativa sobre el tabaquismo y sus consecuencias - Hospital San Carlos","isPartOf":{"@id":"https:\/\/www.hospitalsancarlos.es\/blog\/#website"},"primaryImageOfPage":{"@id":"https:\/\/www.hospitalsancarlos.es\/blog\/oncologia\/charla-divulgativa-tabaquismo\/#primaryimage"},"datePublished":"2025-06-09T14:18:10+00:00","dateModified":"2025-06-09T14:18:49+00:00","breadcrumb":{"@id":"https:\/\/www.hospitalsancarlos.es\/blog\/oncologia\/charla-divulgativa-tabaquismo\/#breadcrumb"},"inLanguage":"es","potentialAction":[{"@type":"ReadAction","target":["https:\/\/www.hospitalsancarlos.es\/blog\/oncologia\/charla-divulgativa-tabaquismo\/"]}]},{"@type":"BreadcrumbList","@id":"https:\/\/www.hospitalsancarlos.es\/blog\/oncologia\/charla-divulgativa-tabaquismo\/#breadcrumb","itemListElement":[{"@type":"ListItem","position":1,"name":"Portada","item":"https:\/\/www.hospitalsancarlos.es\/blog\/"},{"@type":"ListItem","position":2,"name":"Hospital HLA San Carlos participa en una charla divulgativa sobre el tabaquismo y sus consecuencias"}]},{"@type":"Article","@id":"https:\/\/www.hospitalsancarlos.es\/blog\/oncologia\/charla-divulgativa-tabaquismo\/#article","isPartOf":{"@id":"https:\/\/www.hospitalsancarlos.es\/blog\/oncologia\/charla-divulgativa-tabaquismo\/#webpage"},"author":{"@id":"https:\/\/www.hospitalsancarlos.es\/blog\/#\/schema\/person\/c1d5250fead0465bd1f1bfbc6e72b67e"},"headline":"Hospital HLA San Carlos participa en una charla divulgativa sobre el tabaquismo y sus consecuencias","datePublished":"2025-06-09T14:18:10+00:00","dateModified":"2025-06-09T14:18:49+00:00","mainEntityOfPage":{"@id":"https:\/\/www.hospitalsancarlos.es\/blog\/oncologia\/charla-divulgativa-tabaquismo\/#webpage"},"wordCount":614,"publisher":{"@id":"https:\/\/www.hospitalsancarlos.es\/blog\/#organization"},"image":{"@id":"https:\/\/www.hospitalsancarlos.es\/blog\/oncologia\/charla-divulgativa-tabaquismo\/#primaryimage"},"thumbnailUrl":"https:\/\/www.hospitalsancarlos.es\/blog\/wp-content\/uploads\/2025\/06\/hlatabaco.jpg","keywords":["atenci\u00f3n al paciente","hospital","Hospital San Carlos"],"articleSection":["Actualidad","Oncolog\u00eda"],"inLanguage":"es"},{"@type":"Person","@id":"https:\/\/www.hospitalsancarlos.es\/blog\/#\/schema\/person\/c1d5250fead0465bd1f1bfbc6e72b67e","name":"cpeiro","image":{"@type":"ImageObject","@id":"https:\/\/www.hospitalsancarlos.es\/blog\/#personlogo","inLanguage":"es","url":"https:\/\/secure.gravatar.com\/avatar\/ccda9b15179fd1fab596469501706a8d4ab328c17627e4cd9c5752f0efc1aaed?s=96&d=mm&r=g","contentUrl":"https:\/\/secure.gravatar.com\/avatar\/ccda9b15179fd1fab596469501706a8d4ab328c17627e4cd9c5752f0efc1aaed?s=96&d=mm&r=g","caption":"cpeiro"}}]}},"_links":{"self":[{"href":"https:\/\/www.hospitalsancarlos.es\/blog\/wp-json\/wp\/v2\/posts\/1310","targetHints":{"allow":["GET"]}}],"collection":[{"href":"https:\/\/www.hospitalsancarlos.es\/blog\/wp-json\/wp\/v2\/posts"}],"about":[{"href":"https:\/\/www.hospitalsancarlos.es\/blog\/wp-json\/wp\/v2\/types\/post"}],"author":[{"embeddable":true,"href":"https:\/\/www.hospitalsancarlos.es\/blog\/wp-json\/wp\/v2\/users\/2"}],"replies":[{"embeddable":true,"href":"https:\/\/www.hospitalsancarlos.es\/blog\/wp-json\/wp\/v2\/comments?post=1310"}],"version-history":[{"count":2,"href":"https:\/\/www.hospitalsancarlos.es\/blog\/wp-json\/wp\/v2\/posts\/1310\/revisions"}],"predecessor-version":[{"id":1313,"href":"https:\/\/www.hospitalsancarlos.es\/blog\/wp-json\/wp\/v2\/posts\/1310\/revisions\/1313"}],"wp:featuredmedia":[{"embeddable":true,"href":"https:\/\/www.hospitalsancarlos.es\/blog\/wp-json\/wp\/v2\/media\/1311"}],"wp:attachment":[{"href":"https:\/\/www.hospitalsancarlos.es\/blog\/wp-json\/wp\/v2\/media?parent=1310"}],"wp:term":[{"taxonomy":"category","embeddable":true,"href":"https:\/\/www.hospitalsancarlos.es\/blog\/wp-json\/wp\/v2\/categories?post=1310"},{"taxonomy":"post_tag","embeddable":true,"href":"https:\/\/www.hospitalsancarlos.es\/blog\/wp-json\/wp\/v2\/tags?post=1310"}],"curies":[{"name":"wp","href":"https:\/\/api.w.org\/{rel}","templated":true}]}}