{"id":1298,"date":"2025-05-28T09:53:26","date_gmt":"2025-05-28T08:53:26","guid":{"rendered":"https:\/\/www.hospitalsancarlos.es\/blog\/?p=1298"},"modified":"2025-08-06T11:58:06","modified_gmt":"2025-08-06T10:58:06","slug":"entrevista-en-la-cadena-ser-con-el-dr-miguel-burguera-anestesiologo","status":"publish","type":"post","link":"https:\/\/www.hospitalsancarlos.es\/blog\/anestesiologia\/entrevista-en-la-cadena-ser-con-el-dr-miguel-burguera-anestesiologo\/","title":{"rendered":"Entrevista en la Cadena SER con el Dr. Miguel Burguera, anestesi\u00f3logo"},"content":{"rendered":"\n<p>Con m\u00e1s de 35 a\u00f1os de trayectoria profesional, el <strong>Dr. Miguel Burguera<\/strong> es una voz autorizada para hablar del presente y futuro del <strong><a href=\"https:\/\/www.hospitalsancarlos.es\/\" data-type=\"link\" data-id=\"https:\/\/www.hospitalsancarlos.es\/\">Hospital HLA San Carlos<\/a><\/strong> de D\u00e9nia. Especialista en anestesiolog\u00eda, el doctor Burguera ofrece en los micr\u00f3fonos de la Cadena SER una visi\u00f3n cercana de la labor asistencial que se realiza en el hospital, especialmente en la unidad que lidera: anestesiolog\u00eda y reanimaci\u00f3n.<\/p>\n\n\n\n<iframe src=\"https:\/\/www.ivoox.com\/player_ej_148646444_6_1.html?c1=4c3c8c\" width=\"100%\" height=\"200\" frameborder=\"0\" allowfullscreen=\"\" scrolling=\"no\" loading=\"lazy\"><\/iframe>\n\n\n\n<p><\/p>\n","protected":false},"excerpt":{"rendered":"<p>Con m\u00e1s de 35 a\u00f1os de trayectoria profesional, el Dr. Miguel Burguera es una voz autorizada para hablar del presente y futuro del Hospital HLA San Carlos de D\u00e9nia. Especialista en anestesiolog\u00eda, el doctor&#46;&#46;&#46;<\/p>\n","protected":false},"author":2,"featured_media":0,"comment_status":"closed","ping_status":"closed","sticky":false,"template":"","format":"standard","meta":{"footnotes":""},"categories":[53],"tags":[],"class_list":["post-1298","post","type-post","status-publish","format-standard","hentry","category-anestesiologia"],"yoast_head":"<!-- This site is optimized with the Yoast SEO plugin v17.2 - https:\/\/yoast.com\/wordpress\/plugins\/seo\/ -->\n<title>Entrevista en la Cadena SER con el Dr. Miguel Burguera, anestesi\u00f3logo - Hospital San Carlos<\/title>\n<meta name=\"robots\" content=\"index, follow, max-snippet:-1, max-image-preview:large, max-video-preview:-1\" \/>\n<link rel=\"canonical\" href=\"https:\/\/www.hospitalsancarlos.es\/blog\/anestesiologia\/entrevista-en-la-cadena-ser-con-el-dr-miguel-burguera-anestesiologo\/\" \/>\n<meta property=\"og:locale\" content=\"es_ES\" \/>\n<meta property=\"og:type\" content=\"article\" \/>\n<meta property=\"og:title\" content=\"Entrevista en la Cadena SER con el Dr. Miguel Burguera, anestesi\u00f3logo - Hospital San Carlos\" \/>\n<meta property=\"og:description\" content=\"Con m\u00e1s de 35 a\u00f1os de trayectoria profesional, el Dr. Miguel Burguera es una voz autorizada para hablar del presente y futuro del Hospital HLA San Carlos de D\u00e9nia. Especialista en anestesiolog\u00eda, el doctor&#046;&#046;&#046;\" \/>\n<meta property=\"og:url\" content=\"https:\/\/www.hospitalsancarlos.es\/blog\/anestesiologia\/entrevista-en-la-cadena-ser-con-el-dr-miguel-burguera-anestesiologo\/\" \/>\n<meta property=\"og:site_name\" content=\"Hospital San Carlos\" \/>\n<meta property=\"article:published_time\" content=\"2025-05-28T08:53:26+00:00\" \/>\n<meta property=\"article:modified_time\" content=\"2025-08-06T10:58:06+00:00\" \/>\n<meta name=\"twitter:card\" content=\"summary_large_image\" \/>\n<meta name=\"twitter:label1\" content=\"Escrito por\" \/>\n\t<meta name=\"twitter:data1\" content=\"cpeiro\" \/>\n<script type=\"application\/ld+json\" class=\"yoast-schema-graph\">{\"@context\":\"https:\/\/schema.org\",\"@graph\":[{\"@type\":\"Organization\",\"@id\":\"https:\/\/www.hospitalsancarlos.es\/blog\/#organization\",\"name\":\"Hospital San Carlos\",\"url\":\"https:\/\/www.hospitalsancarlos.es\/blog\/\",\"sameAs\":[],\"logo\":{\"@type\":\"ImageObject\",\"@id\":\"https:\/\/www.hospitalsancarlos.es\/blog\/#logo\",\"inLanguage\":\"es\",\"url\":\"https:\/\/www.hospitalsancarlos.es\/blog\/wp-content\/uploads\/2021\/09\/logo-sancarlos.png\",\"contentUrl\":\"https:\/\/www.hospitalsancarlos.es\/blog\/wp-content\/uploads\/2021\/09\/logo-sancarlos.png\",\"width\":320,\"height\":52,\"caption\":\"Hospital San Carlos\"},\"image\":{\"@id\":\"https:\/\/www.hospitalsancarlos.es\/blog\/#logo\"}},{\"@type\":\"WebSite\",\"@id\":\"https:\/\/www.hospitalsancarlos.es\/blog\/#website\",\"url\":\"https:\/\/www.hospitalsancarlos.es\/blog\/\",\"name\":\"Hospital San Carlos\",\"description\":\"Hospital en Denia referente en la Marina Alta\",\"publisher\":{\"@id\":\"https:\/\/www.hospitalsancarlos.es\/blog\/#organization\"},\"potentialAction\":[{\"@type\":\"SearchAction\",\"target\":{\"@type\":\"EntryPoint\",\"urlTemplate\":\"https:\/\/www.hospitalsancarlos.es\/blog\/?s={search_term_string}\"},\"query-input\":\"required name=search_term_string\"}],\"inLanguage\":\"es\"},{\"@type\":\"WebPage\",\"@id\":\"https:\/\/www.hospitalsancarlos.es\/blog\/anestesiologia\/entrevista-en-la-cadena-ser-con-el-dr-miguel-burguera-anestesiologo\/#webpage\",\"url\":\"https:\/\/www.hospitalsancarlos.es\/blog\/anestesiologia\/entrevista-en-la-cadena-ser-con-el-dr-miguel-burguera-anestesiologo\/\",\"name\":\"Entrevista en la Cadena SER con el Dr. Miguel Burguera, anestesi\\u00f3logo - Hospital San Carlos\",\"isPartOf\":{\"@id\":\"https:\/\/www.hospitalsancarlos.es\/blog\/#website\"},\"datePublished\":\"2025-05-28T08:53:26+00:00\",\"dateModified\":\"2025-08-06T10:58:06+00:00\",\"breadcrumb\":{\"@id\":\"https:\/\/www.hospitalsancarlos.es\/blog\/anestesiologia\/entrevista-en-la-cadena-ser-con-el-dr-miguel-burguera-anestesiologo\/#breadcrumb\"},\"inLanguage\":\"es\",\"potentialAction\":[{\"@type\":\"ReadAction\",\"target\":[\"https:\/\/www.hospitalsancarlos.es\/blog\/anestesiologia\/entrevista-en-la-cadena-ser-con-el-dr-miguel-burguera-anestesiologo\/\"]}]},{\"@type\":\"BreadcrumbList\",\"@id\":\"https:\/\/www.hospitalsancarlos.es\/blog\/anestesiologia\/entrevista-en-la-cadena-ser-con-el-dr-miguel-burguera-anestesiologo\/#breadcrumb\",\"itemListElement\":[{\"@type\":\"ListItem\",\"position\":1,\"name\":\"Portada\",\"item\":\"https:\/\/www.hospitalsancarlos.es\/blog\/\"},{\"@type\":\"ListItem\",\"position\":2,\"name\":\"Entrevista en la Cadena SER con el Dr. Miguel Burguera, anestesi\\u00f3logo\"}]},{\"@type\":\"Article\",\"@id\":\"https:\/\/www.hospitalsancarlos.es\/blog\/anestesiologia\/entrevista-en-la-cadena-ser-con-el-dr-miguel-burguera-anestesiologo\/#article\",\"isPartOf\":{\"@id\":\"https:\/\/www.hospitalsancarlos.es\/blog\/anestesiologia\/entrevista-en-la-cadena-ser-con-el-dr-miguel-burguera-anestesiologo\/#webpage\"},\"author\":{\"@id\":\"https:\/\/www.hospitalsancarlos.es\/blog\/#\/schema\/person\/c1d5250fead0465bd1f1bfbc6e72b67e\"},\"headline\":\"Entrevista en la Cadena SER con el Dr. Miguel Burguera, anestesi\\u00f3logo\",\"datePublished\":\"2025-05-28T08:53:26+00:00\",\"dateModified\":\"2025-08-06T10:58:06+00:00\",\"mainEntityOfPage\":{\"@id\":\"https:\/\/www.hospitalsancarlos.es\/blog\/anestesiologia\/entrevista-en-la-cadena-ser-con-el-dr-miguel-burguera-anestesiologo\/#webpage\"},\"wordCount\":84,\"publisher\":{\"@id\":\"https:\/\/www.hospitalsancarlos.es\/blog\/#organization\"},\"articleSection\":[\"Anestesiolog\\u00eda\"],\"inLanguage\":\"es\"},{\"@type\":\"Person\",\"@id\":\"https:\/\/www.hospitalsancarlos.es\/blog\/#\/schema\/person\/c1d5250fead0465bd1f1bfbc6e72b67e\",\"name\":\"cpeiro\",\"image\":{\"@type\":\"ImageObject\",\"@id\":\"https:\/\/www.hospitalsancarlos.es\/blog\/#personlogo\",\"inLanguage\":\"es\",\"url\":\"https:\/\/secure.gravatar.com\/avatar\/ccda9b15179fd1fab596469501706a8d4ab328c17627e4cd9c5752f0efc1aaed?s=96&d=mm&r=g\",\"contentUrl\":\"https:\/\/secure.gravatar.com\/avatar\/ccda9b15179fd1fab596469501706a8d4ab328c17627e4cd9c5752f0efc1aaed?s=96&d=mm&r=g\",\"caption\":\"cpeiro\"}}]}<\/script>\n<!-- \/ Yoast SEO plugin. -->","yoast_head_json":{"title":"Entrevista en la Cadena SER con el Dr. Miguel Burguera, anestesi\u00f3logo - Hospital San Carlos","robots":{"index":"index","follow":"follow","max-snippet":"max-snippet:-1","max-image-preview":"max-image-preview:large","max-video-preview":"max-video-preview:-1"},"canonical":"https:\/\/www.hospitalsancarlos.es\/blog\/anestesiologia\/entrevista-en-la-cadena-ser-con-el-dr-miguel-burguera-anestesiologo\/","og_locale":"es_ES","og_type":"article","og_title":"Entrevista en la Cadena SER con el Dr. Miguel Burguera, anestesi\u00f3logo - Hospital San Carlos","og_description":"Con m\u00e1s de 35 a\u00f1os de trayectoria profesional, el Dr. Miguel Burguera es una voz autorizada para hablar del presente y futuro del Hospital HLA San Carlos de D\u00e9nia. Especialista en anestesiolog\u00eda, el doctor&#46;&#46;&#46;","og_url":"https:\/\/www.hospitalsancarlos.es\/blog\/anestesiologia\/entrevista-en-la-cadena-ser-con-el-dr-miguel-burguera-anestesiologo\/","og_site_name":"Hospital San Carlos","article_published_time":"2025-05-28T08:53:26+00:00","article_modified_time":"2025-08-06T10:58:06+00:00","twitter_card":"summary_large_image","twitter_misc":{"Escrito por":"cpeiro"},"schema":{"@context":"https:\/\/schema.org","@graph":[{"@type":"Organization","@id":"https:\/\/www.hospitalsancarlos.es\/blog\/#organization","name":"Hospital San Carlos","url":"https:\/\/www.hospitalsancarlos.es\/blog\/","sameAs":[],"logo":{"@type":"ImageObject","@id":"https:\/\/www.hospitalsancarlos.es\/blog\/#logo","inLanguage":"es","url":"https:\/\/www.hospitalsancarlos.es\/blog\/wp-content\/uploads\/2021\/09\/logo-sancarlos.png","contentUrl":"https:\/\/www.hospitalsancarlos.es\/blog\/wp-content\/uploads\/2021\/09\/logo-sancarlos.png","width":320,"height":52,"caption":"Hospital San Carlos"},"image":{"@id":"https:\/\/www.hospitalsancarlos.es\/blog\/#logo"}},{"@type":"WebSite","@id":"https:\/\/www.hospitalsancarlos.es\/blog\/#website","url":"https:\/\/www.hospitalsancarlos.es\/blog\/","name":"Hospital San Carlos","description":"Hospital en Denia referente en la Marina Alta","publisher":{"@id":"https:\/\/www.hospitalsancarlos.es\/blog\/#organization"},"potentialAction":[{"@type":"SearchAction","target":{"@type":"EntryPoint","urlTemplate":"https:\/\/www.hospitalsancarlos.es\/blog\/?s={search_term_string}"},"query-input":"required name=search_term_string"}],"inLanguage":"es"},{"@type":"WebPage","@id":"https:\/\/www.hospitalsancarlos.es\/blog\/anestesiologia\/entrevista-en-la-cadena-ser-con-el-dr-miguel-burguera-anestesiologo\/#webpage","url":"https:\/\/www.hospitalsancarlos.es\/blog\/anestesiologia\/entrevista-en-la-cadena-ser-con-el-dr-miguel-burguera-anestesiologo\/","name":"Entrevista en la Cadena SER con el Dr. Miguel Burguera, anestesi\u00f3logo - Hospital San Carlos","isPartOf":{"@id":"https:\/\/www.hospitalsancarlos.es\/blog\/#website"},"datePublished":"2025-05-28T08:53:26+00:00","dateModified":"2025-08-06T10:58:06+00:00","breadcrumb":{"@id":"https:\/\/www.hospitalsancarlos.es\/blog\/anestesiologia\/entrevista-en-la-cadena-ser-con-el-dr-miguel-burguera-anestesiologo\/#breadcrumb"},"inLanguage":"es","potentialAction":[{"@type":"ReadAction","target":["https:\/\/www.hospitalsancarlos.es\/blog\/anestesiologia\/entrevista-en-la-cadena-ser-con-el-dr-miguel-burguera-anestesiologo\/"]}]},{"@type":"BreadcrumbList","@id":"https:\/\/www.hospitalsancarlos.es\/blog\/anestesiologia\/entrevista-en-la-cadena-ser-con-el-dr-miguel-burguera-anestesiologo\/#breadcrumb","itemListElement":[{"@type":"ListItem","position":1,"name":"Portada","item":"https:\/\/www.hospitalsancarlos.es\/blog\/"},{"@type":"ListItem","position":2,"name":"Entrevista en la Cadena SER con el Dr. Miguel Burguera, anestesi\u00f3logo"}]},{"@type":"Article","@id":"https:\/\/www.hospitalsancarlos.es\/blog\/anestesiologia\/entrevista-en-la-cadena-ser-con-el-dr-miguel-burguera-anestesiologo\/#article","isPartOf":{"@id":"https:\/\/www.hospitalsancarlos.es\/blog\/anestesiologia\/entrevista-en-la-cadena-ser-con-el-dr-miguel-burguera-anestesiologo\/#webpage"},"author":{"@id":"https:\/\/www.hospitalsancarlos.es\/blog\/#\/schema\/person\/c1d5250fead0465bd1f1bfbc6e72b67e"},"headline":"Entrevista en la Cadena SER con el Dr. Miguel Burguera, anestesi\u00f3logo","datePublished":"2025-05-28T08:53:26+00:00","dateModified":"2025-08-06T10:58:06+00:00","mainEntityOfPage":{"@id":"https:\/\/www.hospitalsancarlos.es\/blog\/anestesiologia\/entrevista-en-la-cadena-ser-con-el-dr-miguel-burguera-anestesiologo\/#webpage"},"wordCount":84,"publisher":{"@id":"https:\/\/www.hospitalsancarlos.es\/blog\/#organization"},"articleSection":["Anestesiolog\u00eda"],"inLanguage":"es"},{"@type":"Person","@id":"https:\/\/www.hospitalsancarlos.es\/blog\/#\/schema\/person\/c1d5250fead0465bd1f1bfbc6e72b67e","name":"cpeiro","image":{"@type":"ImageObject","@id":"https:\/\/www.hospitalsancarlos.es\/blog\/#personlogo","inLanguage":"es","url":"https:\/\/secure.gravatar.com\/avatar\/ccda9b15179fd1fab596469501706a8d4ab328c17627e4cd9c5752f0efc1aaed?s=96&d=mm&r=g","contentUrl":"https:\/\/secure.gravatar.com\/avatar\/ccda9b15179fd1fab596469501706a8d4ab328c17627e4cd9c5752f0efc1aaed?s=96&d=mm&r=g","caption":"cpeiro"}}]}},"_links":{"self":[{"href":"https:\/\/www.hospitalsancarlos.es\/blog\/wp-json\/wp\/v2\/posts\/1298","targetHints":{"allow":["GET"]}}],"collection":[{"href":"https:\/\/www.hospitalsancarlos.es\/blog\/wp-json\/wp\/v2\/posts"}],"about":[{"href":"https:\/\/www.hospitalsancarlos.es\/blog\/wp-json\/wp\/v2\/types\/post"}],"author":[{"embeddable":true,"href":"https:\/\/www.hospitalsancarlos.es\/blog\/wp-json\/wp\/v2\/users\/2"}],"replies":[{"embeddable":true,"href":"https:\/\/www.hospitalsancarlos.es\/blog\/wp-json\/wp\/v2\/comments?post=1298"}],"version-history":[{"count":1,"href":"https:\/\/www.hospitalsancarlos.es\/blog\/wp-json\/wp\/v2\/posts\/1298\/revisions"}],"predecessor-version":[{"id":1299,"href":"https:\/\/www.hospitalsancarlos.es\/blog\/wp-json\/wp\/v2\/posts\/1298\/revisions\/1299"}],"wp:attachment":[{"href":"https:\/\/www.hospitalsancarlos.es\/blog\/wp-json\/wp\/v2\/media?parent=1298"}],"wp:term":[{"taxonomy":"category","embeddable":true,"href":"https:\/\/www.hospitalsancarlos.es\/blog\/wp-json\/wp\/v2\/categories?post=1298"},{"taxonomy":"post_tag","embeddable":true,"href":"https:\/\/www.hospitalsancarlos.es\/blog\/wp-json\/wp\/v2\/tags?post=1298"}],"curies":[{"name":"wp","href":"https:\/\/api.w.org\/{rel}","templated":true}]}}