{"id":1294,"date":"2025-05-16T16:28:35","date_gmt":"2025-05-16T15:28:35","guid":{"rendered":"https:\/\/www.hospitalsancarlos.es\/blog\/?p=1294"},"modified":"2025-05-16T16:28:36","modified_gmt":"2025-05-16T15:28:36","slug":"entrevista-en-denia-fm-con-la-psicologa-francisca-atienzar","status":"publish","type":"post","link":"https:\/\/www.hospitalsancarlos.es\/blog\/actualidad\/entrevista-en-denia-fm-con-la-psicologa-francisca-atienzar\/","title":{"rendered":"Entrevista en D\u00e9nia FM con la psic\u00f3loga Francisca Atienzar"},"content":{"rendered":"\n<p>La psic\u00f3loga Francisca Atienzar, recientemente incorporada al equipo del Hospital HLA San Carlos de D\u00e9nia, ha participado en una entrevista en los micr\u00f3fonos de D\u00e9nia FM para hablar sobre un tema de relevancia en su especialidad: el dolor cr\u00f3nico y las distintas formas de afrontarlo desde el \u00e1mbito psicol\u00f3gico.<\/p>\n\n\n\n<iframe src=\"https:\/\/www.ivoox.com\/player_ej_146812772_6_1.html?c1=4c3c8c\" width=\"100%\" height=\"200\" frameborder=\"0\" allowfullscreen=\"\" scrolling=\"no\" loading=\"lazy\"><\/iframe>\n\n\n\n<p><\/p>\n","protected":false},"excerpt":{"rendered":"<p>La psic\u00f3loga Francisca Atienzar, recientemente incorporada al equipo del Hospital HLA San Carlos de D\u00e9nia, ha participado en una entrevista en los micr\u00f3fonos de D\u00e9nia FM para hablar sobre un tema de relevancia en&#46;&#46;&#46;<\/p>\n","protected":false},"author":2,"featured_media":1295,"comment_status":"closed","ping_status":"closed","sticky":false,"template":"","format":"standard","meta":{"footnotes":""},"categories":[24,25],"tags":[52,13,85],"class_list":["post-1294","post","type-post","status-publish","format-standard","has-post-thumbnail","hentry","category-actualidad","category-psicologia","tag-atencion-al-paciente","tag-hospital-san-carlos","tag-psicologia"],"yoast_head":"<!-- This site is optimized with the Yoast SEO plugin v17.2 - https:\/\/yoast.com\/wordpress\/plugins\/seo\/ -->\n<title>Entrevista en D\u00e9nia FM con la psic\u00f3loga Francisca Atienzar - Hospital San Carlos<\/title>\n<meta name=\"robots\" content=\"index, follow, max-snippet:-1, max-image-preview:large, max-video-preview:-1\" \/>\n<link rel=\"canonical\" href=\"https:\/\/www.hospitalsancarlos.es\/blog\/actualidad\/entrevista-en-denia-fm-con-la-psicologa-francisca-atienzar\/\" \/>\n<meta property=\"og:locale\" content=\"es_ES\" \/>\n<meta property=\"og:type\" content=\"article\" \/>\n<meta property=\"og:title\" content=\"Entrevista en D\u00e9nia FM con la psic\u00f3loga Francisca Atienzar - Hospital San Carlos\" \/>\n<meta property=\"og:description\" content=\"La psic\u00f3loga Francisca Atienzar, recientemente incorporada al equipo del Hospital HLA San Carlos de D\u00e9nia, ha participado en una entrevista en los micr\u00f3fonos de D\u00e9nia FM para hablar sobre un tema de relevancia en&#046;&#046;&#046;\" \/>\n<meta property=\"og:url\" content=\"https:\/\/www.hospitalsancarlos.es\/blog\/actualidad\/entrevista-en-denia-fm-con-la-psicologa-francisca-atienzar\/\" \/>\n<meta property=\"og:site_name\" content=\"Hospital San Carlos\" \/>\n<meta property=\"article:published_time\" content=\"2025-05-16T15:28:35+00:00\" \/>\n<meta property=\"article:modified_time\" content=\"2025-05-16T15:28:36+00:00\" \/>\n<meta property=\"og:image\" content=\"https:\/\/www.hospitalsancarlos.es\/blog\/wp-content\/uploads\/2025\/05\/deniaFM.jpg\" \/>\n\t<meta property=\"og:image:width\" content=\"1080\" \/>\n\t<meta property=\"og:image:height\" content=\"617\" \/>\n<meta name=\"twitter:card\" content=\"summary_large_image\" \/>\n<meta name=\"twitter:label1\" content=\"Escrito por\" \/>\n\t<meta name=\"twitter:data1\" content=\"cpeiro\" \/>\n<script type=\"application\/ld+json\" class=\"yoast-schema-graph\">{\"@context\":\"https:\/\/schema.org\",\"@graph\":[{\"@type\":\"Organization\",\"@id\":\"https:\/\/www.hospitalsancarlos.es\/blog\/#organization\",\"name\":\"Hospital San Carlos\",\"url\":\"https:\/\/www.hospitalsancarlos.es\/blog\/\",\"sameAs\":[],\"logo\":{\"@type\":\"ImageObject\",\"@id\":\"https:\/\/www.hospitalsancarlos.es\/blog\/#logo\",\"inLanguage\":\"es\",\"url\":\"https:\/\/www.hospitalsancarlos.es\/blog\/wp-content\/uploads\/2021\/09\/logo-sancarlos.png\",\"contentUrl\":\"https:\/\/www.hospitalsancarlos.es\/blog\/wp-content\/uploads\/2021\/09\/logo-sancarlos.png\",\"width\":320,\"height\":52,\"caption\":\"Hospital San Carlos\"},\"image\":{\"@id\":\"https:\/\/www.hospitalsancarlos.es\/blog\/#logo\"}},{\"@type\":\"WebSite\",\"@id\":\"https:\/\/www.hospitalsancarlos.es\/blog\/#website\",\"url\":\"https:\/\/www.hospitalsancarlos.es\/blog\/\",\"name\":\"Hospital San Carlos\",\"description\":\"Hospital en Denia referente en la Marina Alta\",\"publisher\":{\"@id\":\"https:\/\/www.hospitalsancarlos.es\/blog\/#organization\"},\"potentialAction\":[{\"@type\":\"SearchAction\",\"target\":{\"@type\":\"EntryPoint\",\"urlTemplate\":\"https:\/\/www.hospitalsancarlos.es\/blog\/?s={search_term_string}\"},\"query-input\":\"required name=search_term_string\"}],\"inLanguage\":\"es\"},{\"@type\":\"ImageObject\",\"@id\":\"https:\/\/www.hospitalsancarlos.es\/blog\/actualidad\/entrevista-en-denia-fm-con-la-psicologa-francisca-atienzar\/#primaryimage\",\"inLanguage\":\"es\",\"url\":\"https:\/\/www.hospitalsancarlos.es\/blog\/wp-content\/uploads\/2025\/05\/deniaFM.jpg\",\"contentUrl\":\"https:\/\/www.hospitalsancarlos.es\/blog\/wp-content\/uploads\/2025\/05\/deniaFM.jpg\",\"width\":1080,\"height\":617,\"caption\":\"Entrevista en Denia FM\"},{\"@type\":\"WebPage\",\"@id\":\"https:\/\/www.hospitalsancarlos.es\/blog\/actualidad\/entrevista-en-denia-fm-con-la-psicologa-francisca-atienzar\/#webpage\",\"url\":\"https:\/\/www.hospitalsancarlos.es\/blog\/actualidad\/entrevista-en-denia-fm-con-la-psicologa-francisca-atienzar\/\",\"name\":\"Entrevista en D\\u00e9nia FM con la psic\\u00f3loga Francisca Atienzar - Hospital San Carlos\",\"isPartOf\":{\"@id\":\"https:\/\/www.hospitalsancarlos.es\/blog\/#website\"},\"primaryImageOfPage\":{\"@id\":\"https:\/\/www.hospitalsancarlos.es\/blog\/actualidad\/entrevista-en-denia-fm-con-la-psicologa-francisca-atienzar\/#primaryimage\"},\"datePublished\":\"2025-05-16T15:28:35+00:00\",\"dateModified\":\"2025-05-16T15:28:36+00:00\",\"breadcrumb\":{\"@id\":\"https:\/\/www.hospitalsancarlos.es\/blog\/actualidad\/entrevista-en-denia-fm-con-la-psicologa-francisca-atienzar\/#breadcrumb\"},\"inLanguage\":\"es\",\"potentialAction\":[{\"@type\":\"ReadAction\",\"target\":[\"https:\/\/www.hospitalsancarlos.es\/blog\/actualidad\/entrevista-en-denia-fm-con-la-psicologa-francisca-atienzar\/\"]}]},{\"@type\":\"BreadcrumbList\",\"@id\":\"https:\/\/www.hospitalsancarlos.es\/blog\/actualidad\/entrevista-en-denia-fm-con-la-psicologa-francisca-atienzar\/#breadcrumb\",\"itemListElement\":[{\"@type\":\"ListItem\",\"position\":1,\"name\":\"Portada\",\"item\":\"https:\/\/www.hospitalsancarlos.es\/blog\/\"},{\"@type\":\"ListItem\",\"position\":2,\"name\":\"Entrevista en D\\u00e9nia FM con la psic\\u00f3loga Francisca Atienzar\"}]},{\"@type\":\"Article\",\"@id\":\"https:\/\/www.hospitalsancarlos.es\/blog\/actualidad\/entrevista-en-denia-fm-con-la-psicologa-francisca-atienzar\/#article\",\"isPartOf\":{\"@id\":\"https:\/\/www.hospitalsancarlos.es\/blog\/actualidad\/entrevista-en-denia-fm-con-la-psicologa-francisca-atienzar\/#webpage\"},\"author\":{\"@id\":\"https:\/\/www.hospitalsancarlos.es\/blog\/#\/schema\/person\/c1d5250fead0465bd1f1bfbc6e72b67e\"},\"headline\":\"Entrevista en D\\u00e9nia FM con la psic\\u00f3loga Francisca Atienzar\",\"datePublished\":\"2025-05-16T15:28:35+00:00\",\"dateModified\":\"2025-05-16T15:28:36+00:00\",\"mainEntityOfPage\":{\"@id\":\"https:\/\/www.hospitalsancarlos.es\/blog\/actualidad\/entrevista-en-denia-fm-con-la-psicologa-francisca-atienzar\/#webpage\"},\"wordCount\":66,\"publisher\":{\"@id\":\"https:\/\/www.hospitalsancarlos.es\/blog\/#organization\"},\"image\":{\"@id\":\"https:\/\/www.hospitalsancarlos.es\/blog\/actualidad\/entrevista-en-denia-fm-con-la-psicologa-francisca-atienzar\/#primaryimage\"},\"thumbnailUrl\":\"https:\/\/www.hospitalsancarlos.es\/blog\/wp-content\/uploads\/2025\/05\/deniaFM.jpg\",\"keywords\":[\"atenci\\u00f3n al paciente\",\"Hospital San Carlos\",\"Psicolog\\u00eda\"],\"articleSection\":[\"Actualidad\",\"Psicolog\\u00eda\"],\"inLanguage\":\"es\"},{\"@type\":\"Person\",\"@id\":\"https:\/\/www.hospitalsancarlos.es\/blog\/#\/schema\/person\/c1d5250fead0465bd1f1bfbc6e72b67e\",\"name\":\"cpeiro\",\"image\":{\"@type\":\"ImageObject\",\"@id\":\"https:\/\/www.hospitalsancarlos.es\/blog\/#personlogo\",\"inLanguage\":\"es\",\"url\":\"https:\/\/secure.gravatar.com\/avatar\/ccda9b15179fd1fab596469501706a8d4ab328c17627e4cd9c5752f0efc1aaed?s=96&d=mm&r=g\",\"contentUrl\":\"https:\/\/secure.gravatar.com\/avatar\/ccda9b15179fd1fab596469501706a8d4ab328c17627e4cd9c5752f0efc1aaed?s=96&d=mm&r=g\",\"caption\":\"cpeiro\"}}]}<\/script>\n<!-- \/ Yoast SEO plugin. -->","yoast_head_json":{"title":"Entrevista en D\u00e9nia FM con la psic\u00f3loga Francisca Atienzar - Hospital San Carlos","robots":{"index":"index","follow":"follow","max-snippet":"max-snippet:-1","max-image-preview":"max-image-preview:large","max-video-preview":"max-video-preview:-1"},"canonical":"https:\/\/www.hospitalsancarlos.es\/blog\/actualidad\/entrevista-en-denia-fm-con-la-psicologa-francisca-atienzar\/","og_locale":"es_ES","og_type":"article","og_title":"Entrevista en D\u00e9nia FM con la psic\u00f3loga Francisca Atienzar - Hospital San Carlos","og_description":"La psic\u00f3loga Francisca Atienzar, recientemente incorporada al equipo del Hospital HLA San Carlos de D\u00e9nia, ha participado en una entrevista en los micr\u00f3fonos de D\u00e9nia FM para hablar sobre un tema de relevancia en&#46;&#46;&#46;","og_url":"https:\/\/www.hospitalsancarlos.es\/blog\/actualidad\/entrevista-en-denia-fm-con-la-psicologa-francisca-atienzar\/","og_site_name":"Hospital San Carlos","article_published_time":"2025-05-16T15:28:35+00:00","article_modified_time":"2025-05-16T15:28:36+00:00","og_image":[{"width":1080,"height":617,"filesize":78899,"url":"https:\/\/www.hospitalsancarlos.es\/blog\/wp-content\/uploads\/2025\/05\/deniaFM.jpg","path":"\/var\/www\/vhosts\/hospitalsancarlos.es\/httpdocs\/blog\/wp-content\/uploads\/2025\/05\/deniaFM.jpg","size":"full","id":1295,"alt":"Entrevista en Denia FM","pixels":666360,"type":"image\/jpeg"}],"twitter_card":"summary_large_image","twitter_misc":{"Escrito por":"cpeiro"},"schema":{"@context":"https:\/\/schema.org","@graph":[{"@type":"Organization","@id":"https:\/\/www.hospitalsancarlos.es\/blog\/#organization","name":"Hospital San Carlos","url":"https:\/\/www.hospitalsancarlos.es\/blog\/","sameAs":[],"logo":{"@type":"ImageObject","@id":"https:\/\/www.hospitalsancarlos.es\/blog\/#logo","inLanguage":"es","url":"https:\/\/www.hospitalsancarlos.es\/blog\/wp-content\/uploads\/2021\/09\/logo-sancarlos.png","contentUrl":"https:\/\/www.hospitalsancarlos.es\/blog\/wp-content\/uploads\/2021\/09\/logo-sancarlos.png","width":320,"height":52,"caption":"Hospital San Carlos"},"image":{"@id":"https:\/\/www.hospitalsancarlos.es\/blog\/#logo"}},{"@type":"WebSite","@id":"https:\/\/www.hospitalsancarlos.es\/blog\/#website","url":"https:\/\/www.hospitalsancarlos.es\/blog\/","name":"Hospital San Carlos","description":"Hospital en Denia referente en la Marina Alta","publisher":{"@id":"https:\/\/www.hospitalsancarlos.es\/blog\/#organization"},"potentialAction":[{"@type":"SearchAction","target":{"@type":"EntryPoint","urlTemplate":"https:\/\/www.hospitalsancarlos.es\/blog\/?s={search_term_string}"},"query-input":"required name=search_term_string"}],"inLanguage":"es"},{"@type":"ImageObject","@id":"https:\/\/www.hospitalsancarlos.es\/blog\/actualidad\/entrevista-en-denia-fm-con-la-psicologa-francisca-atienzar\/#primaryimage","inLanguage":"es","url":"https:\/\/www.hospitalsancarlos.es\/blog\/wp-content\/uploads\/2025\/05\/deniaFM.jpg","contentUrl":"https:\/\/www.hospitalsancarlos.es\/blog\/wp-content\/uploads\/2025\/05\/deniaFM.jpg","width":1080,"height":617,"caption":"Entrevista en Denia FM"},{"@type":"WebPage","@id":"https:\/\/www.hospitalsancarlos.es\/blog\/actualidad\/entrevista-en-denia-fm-con-la-psicologa-francisca-atienzar\/#webpage","url":"https:\/\/www.hospitalsancarlos.es\/blog\/actualidad\/entrevista-en-denia-fm-con-la-psicologa-francisca-atienzar\/","name":"Entrevista en D\u00e9nia FM con la psic\u00f3loga Francisca Atienzar - Hospital San Carlos","isPartOf":{"@id":"https:\/\/www.hospitalsancarlos.es\/blog\/#website"},"primaryImageOfPage":{"@id":"https:\/\/www.hospitalsancarlos.es\/blog\/actualidad\/entrevista-en-denia-fm-con-la-psicologa-francisca-atienzar\/#primaryimage"},"datePublished":"2025-05-16T15:28:35+00:00","dateModified":"2025-05-16T15:28:36+00:00","breadcrumb":{"@id":"https:\/\/www.hospitalsancarlos.es\/blog\/actualidad\/entrevista-en-denia-fm-con-la-psicologa-francisca-atienzar\/#breadcrumb"},"inLanguage":"es","potentialAction":[{"@type":"ReadAction","target":["https:\/\/www.hospitalsancarlos.es\/blog\/actualidad\/entrevista-en-denia-fm-con-la-psicologa-francisca-atienzar\/"]}]},{"@type":"BreadcrumbList","@id":"https:\/\/www.hospitalsancarlos.es\/blog\/actualidad\/entrevista-en-denia-fm-con-la-psicologa-francisca-atienzar\/#breadcrumb","itemListElement":[{"@type":"ListItem","position":1,"name":"Portada","item":"https:\/\/www.hospitalsancarlos.es\/blog\/"},{"@type":"ListItem","position":2,"name":"Entrevista en D\u00e9nia FM con la psic\u00f3loga Francisca Atienzar"}]},{"@type":"Article","@id":"https:\/\/www.hospitalsancarlos.es\/blog\/actualidad\/entrevista-en-denia-fm-con-la-psicologa-francisca-atienzar\/#article","isPartOf":{"@id":"https:\/\/www.hospitalsancarlos.es\/blog\/actualidad\/entrevista-en-denia-fm-con-la-psicologa-francisca-atienzar\/#webpage"},"author":{"@id":"https:\/\/www.hospitalsancarlos.es\/blog\/#\/schema\/person\/c1d5250fead0465bd1f1bfbc6e72b67e"},"headline":"Entrevista en D\u00e9nia FM con la psic\u00f3loga Francisca Atienzar","datePublished":"2025-05-16T15:28:35+00:00","dateModified":"2025-05-16T15:28:36+00:00","mainEntityOfPage":{"@id":"https:\/\/www.hospitalsancarlos.es\/blog\/actualidad\/entrevista-en-denia-fm-con-la-psicologa-francisca-atienzar\/#webpage"},"wordCount":66,"publisher":{"@id":"https:\/\/www.hospitalsancarlos.es\/blog\/#organization"},"image":{"@id":"https:\/\/www.hospitalsancarlos.es\/blog\/actualidad\/entrevista-en-denia-fm-con-la-psicologa-francisca-atienzar\/#primaryimage"},"thumbnailUrl":"https:\/\/www.hospitalsancarlos.es\/blog\/wp-content\/uploads\/2025\/05\/deniaFM.jpg","keywords":["atenci\u00f3n al paciente","Hospital San Carlos","Psicolog\u00eda"],"articleSection":["Actualidad","Psicolog\u00eda"],"inLanguage":"es"},{"@type":"Person","@id":"https:\/\/www.hospitalsancarlos.es\/blog\/#\/schema\/person\/c1d5250fead0465bd1f1bfbc6e72b67e","name":"cpeiro","image":{"@type":"ImageObject","@id":"https:\/\/www.hospitalsancarlos.es\/blog\/#personlogo","inLanguage":"es","url":"https:\/\/secure.gravatar.com\/avatar\/ccda9b15179fd1fab596469501706a8d4ab328c17627e4cd9c5752f0efc1aaed?s=96&d=mm&r=g","contentUrl":"https:\/\/secure.gravatar.com\/avatar\/ccda9b15179fd1fab596469501706a8d4ab328c17627e4cd9c5752f0efc1aaed?s=96&d=mm&r=g","caption":"cpeiro"}}]}},"_links":{"self":[{"href":"https:\/\/www.hospitalsancarlos.es\/blog\/wp-json\/wp\/v2\/posts\/1294","targetHints":{"allow":["GET"]}}],"collection":[{"href":"https:\/\/www.hospitalsancarlos.es\/blog\/wp-json\/wp\/v2\/posts"}],"about":[{"href":"https:\/\/www.hospitalsancarlos.es\/blog\/wp-json\/wp\/v2\/types\/post"}],"author":[{"embeddable":true,"href":"https:\/\/www.hospitalsancarlos.es\/blog\/wp-json\/wp\/v2\/users\/2"}],"replies":[{"embeddable":true,"href":"https:\/\/www.hospitalsancarlos.es\/blog\/wp-json\/wp\/v2\/comments?post=1294"}],"version-history":[{"count":1,"href":"https:\/\/www.hospitalsancarlos.es\/blog\/wp-json\/wp\/v2\/posts\/1294\/revisions"}],"predecessor-version":[{"id":1296,"href":"https:\/\/www.hospitalsancarlos.es\/blog\/wp-json\/wp\/v2\/posts\/1294\/revisions\/1296"}],"wp:featuredmedia":[{"embeddable":true,"href":"https:\/\/www.hospitalsancarlos.es\/blog\/wp-json\/wp\/v2\/media\/1295"}],"wp:attachment":[{"href":"https:\/\/www.hospitalsancarlos.es\/blog\/wp-json\/wp\/v2\/media?parent=1294"}],"wp:term":[{"taxonomy":"category","embeddable":true,"href":"https:\/\/www.hospitalsancarlos.es\/blog\/wp-json\/wp\/v2\/categories?post=1294"},{"taxonomy":"post_tag","embeddable":true,"href":"https:\/\/www.hospitalsancarlos.es\/blog\/wp-json\/wp\/v2\/tags?post=1294"}],"curies":[{"name":"wp","href":"https:\/\/api.w.org\/{rel}","templated":true}]}}