{"id":1291,"date":"2025-05-15T15:36:01","date_gmt":"2025-05-15T14:36:01","guid":{"rendered":"https:\/\/www.hospitalsancarlos.es\/blog\/?p=1291"},"modified":"2025-05-15T15:36:02","modified_gmt":"2025-05-15T14:36:02","slug":"neurologia-incorporacion-dionis-cheli","status":"publish","type":"post","link":"https:\/\/www.hospitalsancarlos.es\/blog\/actualidad\/neurologia-incorporacion-dionis-cheli\/","title":{"rendered":"El Hospital HLA San Carlos refuerza el Servicio Neurolog\u00eda con la incorporaci\u00f3n de un nuevo especialista"},"content":{"rendered":"\n<ul class=\"wp-block-list\">\n<li><strong>El Dr. Dionis Cheli se incorpora al equipo de Neurolog\u00eda para ampliar y aportar su experiencia en el tratamiento de diversas patolog\u00edas neurol\u00f3gicas.<\/strong><\/li>\n<\/ul>\n\n\n\n<p><strong>Denia \u2013 15 de mayo de 2025<\/strong>. El Hospital HLA San Carlos de Denia refuerza su equipo m\u00e9dico con la incorporaci\u00f3n del <strong>Dr. Dionis Cheli Gracia<\/strong>, especialista en <strong>Neurolog\u00eda<\/strong>.<\/p>\n\n\n\n<p>El Doctor Dionis Cheli se gradu\u00f3 en Medicina en la Universidad de Valencia. Durante su formaci\u00f3n universitaria, ha realizado rotaciones cl\u00ednicas en diferentes hospitales universitarios de la regi\u00f3n, como el Hospital Cl\u00ednico Universitario de Valencia, el Hospital Universitario Doctor Peset, el Hospital General Universitario de Valencia y el Hospital Universitario y Polit\u00e9cnico La Fe, lo que le ha permitido consolidar una s\u00f3lida formaci\u00f3n en medicina general y en diferentes especialidades.<\/p>\n\n\n\n<p>Tras finalizar su carrera, el especialista inici\u00f3 su residencia en Neurolog\u00eda en el Hospital Cl\u00ednico Universitario Lozano Blesa de Zaragoza. All\u00ed el Dr. Cheli tuvo una formaci\u00f3n exhaustiva en el diagn\u00f3stico y tratamiento de diversas patolog\u00edas neurol\u00f3gicas, adem\u00e1s de tener la oportunidad de realizar rotaciones internacionales, en ciudades como Londres, donde pudo formarse en la administraci\u00f3n de toxina botul\u00ednica para diston\u00edas y estimulaci\u00f3n cerebral profunda, herramientas clave en el tratamiento de trastornos del movimiento.<\/p>\n\n\n\n<p>En la actualidad, es facultativo especialista del \u00c1rea de Neurolog\u00eda en el Hospital de Denia y en el <strong><a href=\"https:\/\/www.hospitalsancarlos.es\/\" data-type=\"link\" data-id=\"https:\/\/www.hospitalsancarlos.es\/\">Hospital HLA San Carlos<\/a><\/strong>, donde desarrolla su labor tanto en la planta de hospitalizaci\u00f3n como en la consulta. Gracias a su formaci\u00f3n en la administraci\u00f3n de toxina botul\u00ednica, ha podido tratar a pacientes con cefaleas cr\u00f3nicas, trastornos del movimiento y otros trastornos neurol\u00f3gicos.<\/p>\n\n\n\n<p>Con esta incorporaci\u00f3n, el Hospital HLA San Carlos reafirma su objetivo de ofrecer una atenci\u00f3n integral y personalizada adaptada a las necesidades de cada paciente.<\/p>\n\n\n<div class=\"wp-block-image\">\n<figure class=\"aligncenter size-large is-resized\"><img loading=\"lazy\" decoding=\"async\" width=\"1024\" height=\"985\" src=\"https:\/\/www.hospitalsancarlos.es\/blog\/wp-content\/uploads\/2025\/05\/20250507_082507.1-1024x985.jpg\" alt=\"\" class=\"wp-image-1292\" style=\"width:508px;height:auto\" srcset=\"https:\/\/www.hospitalsancarlos.es\/blog\/wp-content\/uploads\/2025\/05\/20250507_082507.1-1024x985.jpg 1024w, https:\/\/www.hospitalsancarlos.es\/blog\/wp-content\/uploads\/2025\/05\/20250507_082507.1-300x288.jpg 300w, https:\/\/www.hospitalsancarlos.es\/blog\/wp-content\/uploads\/2025\/05\/20250507_082507.1-768x738.jpg 768w, https:\/\/www.hospitalsancarlos.es\/blog\/wp-content\/uploads\/2025\/05\/20250507_082507.1-1536x1477.jpg 1536w, https:\/\/www.hospitalsancarlos.es\/blog\/wp-content\/uploads\/2025\/05\/20250507_082507.1-2048x1969.jpg 2048w\" sizes=\"auto, (max-width: 1024px) 100vw, 1024px\" \/><\/figure>\n<\/div>\n\n\n<p><strong>Sobre Grupo Hospitalario HLA<\/strong> <\/p>\n\n\n\n<p>El Grupo Hospitalario <strong>HLA <\/strong>es uno de los mayores proveedores hospitalarios de Espa\u00f1a. Lo componen 18 hospitales y 38 centros m\u00e9dicos multiespecialidad con unidades de referencia en tratamientos de \u00faltima generaci\u00f3n, que trabajan de forma integrada para proporcionar acceso a una asistencia sanitaria de alto nivel.<\/p>\n","protected":false},"excerpt":{"rendered":"<p>Denia \u2013 15 de mayo de 2025. El Hospital HLA San Carlos de Denia refuerza su equipo m\u00e9dico con la incorporaci\u00f3n del Dr. Dionis Cheli Gracia, especialista en Neurolog\u00eda. El Doctor Dionis Cheli se&#46;&#46;&#46;<\/p>\n","protected":false},"author":2,"featured_media":1292,"comment_status":"closed","ping_status":"closed","sticky":false,"template":"","format":"standard","meta":{"footnotes":""},"categories":[24,35],"tags":[54,13,73],"class_list":["post-1291","post","type-post","status-publish","format-standard","has-post-thumbnail","hentry","category-actualidad","category-neurologia","tag-actualidad","tag-hospital-san-carlos","tag-neurologia"],"yoast_head":"<!-- This site is optimized with the Yoast SEO plugin v17.2 - https:\/\/yoast.com\/wordpress\/plugins\/seo\/ -->\n<title>El Hospital HLA San Carlos refuerza el Servicio Neurolog\u00eda con la incorporaci\u00f3n de un nuevo especialista - Hospital San Carlos<\/title>\n<meta name=\"robots\" content=\"index, follow, max-snippet:-1, max-image-preview:large, max-video-preview:-1\" \/>\n<link rel=\"canonical\" href=\"https:\/\/www.hospitalsancarlos.es\/blog\/actualidad\/neurologia-incorporacion-dionis-cheli\/\" \/>\n<meta property=\"og:locale\" content=\"es_ES\" \/>\n<meta property=\"og:type\" content=\"article\" \/>\n<meta property=\"og:title\" content=\"El Hospital HLA San Carlos refuerza el Servicio Neurolog\u00eda con la incorporaci\u00f3n de un nuevo especialista - Hospital San Carlos\" \/>\n<meta property=\"og:description\" content=\"Denia \u2013 15 de mayo de 2025. El Hospital HLA San Carlos de Denia refuerza su equipo m\u00e9dico con la incorporaci\u00f3n del Dr. Dionis Cheli Gracia, especialista en Neurolog\u00eda. El Doctor Dionis Cheli se&#046;&#046;&#046;\" \/>\n<meta property=\"og:url\" content=\"https:\/\/www.hospitalsancarlos.es\/blog\/actualidad\/neurologia-incorporacion-dionis-cheli\/\" \/>\n<meta property=\"og:site_name\" content=\"Hospital San Carlos\" \/>\n<meta property=\"article:published_time\" content=\"2025-05-15T14:36:01+00:00\" \/>\n<meta property=\"article:modified_time\" content=\"2025-05-15T14:36:02+00:00\" \/>\n<meta property=\"og:image\" content=\"https:\/\/www.hospitalsancarlos.es\/blog\/wp-content\/uploads\/2025\/05\/20250507_082507.1-scaled.jpg\" \/>\n\t<meta property=\"og:image:width\" content=\"2560\" \/>\n\t<meta property=\"og:image:height\" content=\"2462\" \/>\n<meta name=\"twitter:card\" content=\"summary_large_image\" \/>\n<meta name=\"twitter:label1\" content=\"Escrito por\" \/>\n\t<meta name=\"twitter:data1\" content=\"cpeiro\" \/>\n\t<meta name=\"twitter:label2\" content=\"Tiempo de lectura\" \/>\n\t<meta name=\"twitter:data2\" content=\"2 minutos\" \/>\n<script type=\"application\/ld+json\" class=\"yoast-schema-graph\">{\"@context\":\"https:\/\/schema.org\",\"@graph\":[{\"@type\":\"Organization\",\"@id\":\"https:\/\/www.hospitalsancarlos.es\/blog\/#organization\",\"name\":\"Hospital San Carlos\",\"url\":\"https:\/\/www.hospitalsancarlos.es\/blog\/\",\"sameAs\":[],\"logo\":{\"@type\":\"ImageObject\",\"@id\":\"https:\/\/www.hospitalsancarlos.es\/blog\/#logo\",\"inLanguage\":\"es\",\"url\":\"https:\/\/www.hospitalsancarlos.es\/blog\/wp-content\/uploads\/2021\/09\/logo-sancarlos.png\",\"contentUrl\":\"https:\/\/www.hospitalsancarlos.es\/blog\/wp-content\/uploads\/2021\/09\/logo-sancarlos.png\",\"width\":320,\"height\":52,\"caption\":\"Hospital San Carlos\"},\"image\":{\"@id\":\"https:\/\/www.hospitalsancarlos.es\/blog\/#logo\"}},{\"@type\":\"WebSite\",\"@id\":\"https:\/\/www.hospitalsancarlos.es\/blog\/#website\",\"url\":\"https:\/\/www.hospitalsancarlos.es\/blog\/\",\"name\":\"Hospital San Carlos\",\"description\":\"Hospital en Denia referente en la Marina Alta\",\"publisher\":{\"@id\":\"https:\/\/www.hospitalsancarlos.es\/blog\/#organization\"},\"potentialAction\":[{\"@type\":\"SearchAction\",\"target\":{\"@type\":\"EntryPoint\",\"urlTemplate\":\"https:\/\/www.hospitalsancarlos.es\/blog\/?s={search_term_string}\"},\"query-input\":\"required name=search_term_string\"}],\"inLanguage\":\"es\"},{\"@type\":\"ImageObject\",\"@id\":\"https:\/\/www.hospitalsancarlos.es\/blog\/actualidad\/neurologia-incorporacion-dionis-cheli\/#primaryimage\",\"inLanguage\":\"es\",\"url\":\"https:\/\/www.hospitalsancarlos.es\/blog\/wp-content\/uploads\/2025\/05\/20250507_082507.1-scaled.jpg\",\"contentUrl\":\"https:\/\/www.hospitalsancarlos.es\/blog\/wp-content\/uploads\/2025\/05\/20250507_082507.1-scaled.jpg\",\"width\":2560,\"height\":2462,\"caption\":\"Dr. Dionis Cheli\"},{\"@type\":\"WebPage\",\"@id\":\"https:\/\/www.hospitalsancarlos.es\/blog\/actualidad\/neurologia-incorporacion-dionis-cheli\/#webpage\",\"url\":\"https:\/\/www.hospitalsancarlos.es\/blog\/actualidad\/neurologia-incorporacion-dionis-cheli\/\",\"name\":\"El Hospital HLA San Carlos refuerza el Servicio Neurolog\\u00eda con la incorporaci\\u00f3n de un nuevo especialista - Hospital San Carlos\",\"isPartOf\":{\"@id\":\"https:\/\/www.hospitalsancarlos.es\/blog\/#website\"},\"primaryImageOfPage\":{\"@id\":\"https:\/\/www.hospitalsancarlos.es\/blog\/actualidad\/neurologia-incorporacion-dionis-cheli\/#primaryimage\"},\"datePublished\":\"2025-05-15T14:36:01+00:00\",\"dateModified\":\"2025-05-15T14:36:02+00:00\",\"breadcrumb\":{\"@id\":\"https:\/\/www.hospitalsancarlos.es\/blog\/actualidad\/neurologia-incorporacion-dionis-cheli\/#breadcrumb\"},\"inLanguage\":\"es\",\"potentialAction\":[{\"@type\":\"ReadAction\",\"target\":[\"https:\/\/www.hospitalsancarlos.es\/blog\/actualidad\/neurologia-incorporacion-dionis-cheli\/\"]}]},{\"@type\":\"BreadcrumbList\",\"@id\":\"https:\/\/www.hospitalsancarlos.es\/blog\/actualidad\/neurologia-incorporacion-dionis-cheli\/#breadcrumb\",\"itemListElement\":[{\"@type\":\"ListItem\",\"position\":1,\"name\":\"Portada\",\"item\":\"https:\/\/www.hospitalsancarlos.es\/blog\/\"},{\"@type\":\"ListItem\",\"position\":2,\"name\":\"El Hospital HLA San Carlos refuerza el Servicio Neurolog\\u00eda con la incorporaci\\u00f3n de un nuevo especialista\"}]},{\"@type\":\"Article\",\"@id\":\"https:\/\/www.hospitalsancarlos.es\/blog\/actualidad\/neurologia-incorporacion-dionis-cheli\/#article\",\"isPartOf\":{\"@id\":\"https:\/\/www.hospitalsancarlos.es\/blog\/actualidad\/neurologia-incorporacion-dionis-cheli\/#webpage\"},\"author\":{\"@id\":\"https:\/\/www.hospitalsancarlos.es\/blog\/#\/schema\/person\/c1d5250fead0465bd1f1bfbc6e72b67e\"},\"headline\":\"El Hospital HLA San Carlos refuerza el Servicio Neurolog\\u00eda con la incorporaci\\u00f3n de un nuevo especialista\",\"datePublished\":\"2025-05-15T14:36:01+00:00\",\"dateModified\":\"2025-05-15T14:36:02+00:00\",\"mainEntityOfPage\":{\"@id\":\"https:\/\/www.hospitalsancarlos.es\/blog\/actualidad\/neurologia-incorporacion-dionis-cheli\/#webpage\"},\"wordCount\":381,\"publisher\":{\"@id\":\"https:\/\/www.hospitalsancarlos.es\/blog\/#organization\"},\"image\":{\"@id\":\"https:\/\/www.hospitalsancarlos.es\/blog\/actualidad\/neurologia-incorporacion-dionis-cheli\/#primaryimage\"},\"thumbnailUrl\":\"https:\/\/www.hospitalsancarlos.es\/blog\/wp-content\/uploads\/2025\/05\/20250507_082507.1-scaled.jpg\",\"keywords\":[\"actualidad\",\"Hospital San Carlos\",\"neurolog\\u00eda\"],\"articleSection\":[\"Actualidad\",\"Neurolog\\u00eda\"],\"inLanguage\":\"es\"},{\"@type\":\"Person\",\"@id\":\"https:\/\/www.hospitalsancarlos.es\/blog\/#\/schema\/person\/c1d5250fead0465bd1f1bfbc6e72b67e\",\"name\":\"cpeiro\",\"image\":{\"@type\":\"ImageObject\",\"@id\":\"https:\/\/www.hospitalsancarlos.es\/blog\/#personlogo\",\"inLanguage\":\"es\",\"url\":\"https:\/\/secure.gravatar.com\/avatar\/ccda9b15179fd1fab596469501706a8d4ab328c17627e4cd9c5752f0efc1aaed?s=96&d=mm&r=g\",\"contentUrl\":\"https:\/\/secure.gravatar.com\/avatar\/ccda9b15179fd1fab596469501706a8d4ab328c17627e4cd9c5752f0efc1aaed?s=96&d=mm&r=g\",\"caption\":\"cpeiro\"}}]}<\/script>\n<!-- \/ Yoast SEO plugin. -->","yoast_head_json":{"title":"El Hospital HLA San Carlos refuerza el Servicio Neurolog\u00eda con la incorporaci\u00f3n de un nuevo especialista - Hospital San Carlos","robots":{"index":"index","follow":"follow","max-snippet":"max-snippet:-1","max-image-preview":"max-image-preview:large","max-video-preview":"max-video-preview:-1"},"canonical":"https:\/\/www.hospitalsancarlos.es\/blog\/actualidad\/neurologia-incorporacion-dionis-cheli\/","og_locale":"es_ES","og_type":"article","og_title":"El Hospital HLA San Carlos refuerza el Servicio Neurolog\u00eda con la incorporaci\u00f3n de un nuevo especialista - Hospital San Carlos","og_description":"Denia \u2013 15 de mayo de 2025. El Hospital HLA San Carlos de Denia refuerza su equipo m\u00e9dico con la incorporaci\u00f3n del Dr. Dionis Cheli Gracia, especialista en Neurolog\u00eda. El Doctor Dionis Cheli se&#46;&#46;&#46;","og_url":"https:\/\/www.hospitalsancarlos.es\/blog\/actualidad\/neurologia-incorporacion-dionis-cheli\/","og_site_name":"Hospital San Carlos","article_published_time":"2025-05-15T14:36:01+00:00","article_modified_time":"2025-05-15T14:36:02+00:00","og_image":[{"width":2560,"height":2462,"filesize":314076,"url":"https:\/\/www.hospitalsancarlos.es\/blog\/wp-content\/uploads\/2025\/05\/20250507_082507.1-scaled.jpg","path":"\/var\/www\/vhosts\/hospitalsancarlos.es\/httpdocs\/blog\/wp-content\/uploads\/2025\/05\/20250507_082507.1-scaled.jpg","size":"full","id":1292,"alt":"Dr. Dionis Cheli","pixels":6302720,"type":"image\/jpeg"}],"twitter_card":"summary_large_image","twitter_misc":{"Escrito por":"cpeiro","Tiempo de lectura":"2 minutos"},"schema":{"@context":"https:\/\/schema.org","@graph":[{"@type":"Organization","@id":"https:\/\/www.hospitalsancarlos.es\/blog\/#organization","name":"Hospital San Carlos","url":"https:\/\/www.hospitalsancarlos.es\/blog\/","sameAs":[],"logo":{"@type":"ImageObject","@id":"https:\/\/www.hospitalsancarlos.es\/blog\/#logo","inLanguage":"es","url":"https:\/\/www.hospitalsancarlos.es\/blog\/wp-content\/uploads\/2021\/09\/logo-sancarlos.png","contentUrl":"https:\/\/www.hospitalsancarlos.es\/blog\/wp-content\/uploads\/2021\/09\/logo-sancarlos.png","width":320,"height":52,"caption":"Hospital San Carlos"},"image":{"@id":"https:\/\/www.hospitalsancarlos.es\/blog\/#logo"}},{"@type":"WebSite","@id":"https:\/\/www.hospitalsancarlos.es\/blog\/#website","url":"https:\/\/www.hospitalsancarlos.es\/blog\/","name":"Hospital San Carlos","description":"Hospital en Denia referente en la Marina Alta","publisher":{"@id":"https:\/\/www.hospitalsancarlos.es\/blog\/#organization"},"potentialAction":[{"@type":"SearchAction","target":{"@type":"EntryPoint","urlTemplate":"https:\/\/www.hospitalsancarlos.es\/blog\/?s={search_term_string}"},"query-input":"required name=search_term_string"}],"inLanguage":"es"},{"@type":"ImageObject","@id":"https:\/\/www.hospitalsancarlos.es\/blog\/actualidad\/neurologia-incorporacion-dionis-cheli\/#primaryimage","inLanguage":"es","url":"https:\/\/www.hospitalsancarlos.es\/blog\/wp-content\/uploads\/2025\/05\/20250507_082507.1-scaled.jpg","contentUrl":"https:\/\/www.hospitalsancarlos.es\/blog\/wp-content\/uploads\/2025\/05\/20250507_082507.1-scaled.jpg","width":2560,"height":2462,"caption":"Dr. Dionis Cheli"},{"@type":"WebPage","@id":"https:\/\/www.hospitalsancarlos.es\/blog\/actualidad\/neurologia-incorporacion-dionis-cheli\/#webpage","url":"https:\/\/www.hospitalsancarlos.es\/blog\/actualidad\/neurologia-incorporacion-dionis-cheli\/","name":"El Hospital HLA San Carlos refuerza el Servicio Neurolog\u00eda con la incorporaci\u00f3n de un nuevo especialista - Hospital San Carlos","isPartOf":{"@id":"https:\/\/www.hospitalsancarlos.es\/blog\/#website"},"primaryImageOfPage":{"@id":"https:\/\/www.hospitalsancarlos.es\/blog\/actualidad\/neurologia-incorporacion-dionis-cheli\/#primaryimage"},"datePublished":"2025-05-15T14:36:01+00:00","dateModified":"2025-05-15T14:36:02+00:00","breadcrumb":{"@id":"https:\/\/www.hospitalsancarlos.es\/blog\/actualidad\/neurologia-incorporacion-dionis-cheli\/#breadcrumb"},"inLanguage":"es","potentialAction":[{"@type":"ReadAction","target":["https:\/\/www.hospitalsancarlos.es\/blog\/actualidad\/neurologia-incorporacion-dionis-cheli\/"]}]},{"@type":"BreadcrumbList","@id":"https:\/\/www.hospitalsancarlos.es\/blog\/actualidad\/neurologia-incorporacion-dionis-cheli\/#breadcrumb","itemListElement":[{"@type":"ListItem","position":1,"name":"Portada","item":"https:\/\/www.hospitalsancarlos.es\/blog\/"},{"@type":"ListItem","position":2,"name":"El Hospital HLA San Carlos refuerza el Servicio Neurolog\u00eda con la incorporaci\u00f3n de un nuevo especialista"}]},{"@type":"Article","@id":"https:\/\/www.hospitalsancarlos.es\/blog\/actualidad\/neurologia-incorporacion-dionis-cheli\/#article","isPartOf":{"@id":"https:\/\/www.hospitalsancarlos.es\/blog\/actualidad\/neurologia-incorporacion-dionis-cheli\/#webpage"},"author":{"@id":"https:\/\/www.hospitalsancarlos.es\/blog\/#\/schema\/person\/c1d5250fead0465bd1f1bfbc6e72b67e"},"headline":"El Hospital HLA San Carlos refuerza el Servicio Neurolog\u00eda con la incorporaci\u00f3n de un nuevo especialista","datePublished":"2025-05-15T14:36:01+00:00","dateModified":"2025-05-15T14:36:02+00:00","mainEntityOfPage":{"@id":"https:\/\/www.hospitalsancarlos.es\/blog\/actualidad\/neurologia-incorporacion-dionis-cheli\/#webpage"},"wordCount":381,"publisher":{"@id":"https:\/\/www.hospitalsancarlos.es\/blog\/#organization"},"image":{"@id":"https:\/\/www.hospitalsancarlos.es\/blog\/actualidad\/neurologia-incorporacion-dionis-cheli\/#primaryimage"},"thumbnailUrl":"https:\/\/www.hospitalsancarlos.es\/blog\/wp-content\/uploads\/2025\/05\/20250507_082507.1-scaled.jpg","keywords":["actualidad","Hospital San Carlos","neurolog\u00eda"],"articleSection":["Actualidad","Neurolog\u00eda"],"inLanguage":"es"},{"@type":"Person","@id":"https:\/\/www.hospitalsancarlos.es\/blog\/#\/schema\/person\/c1d5250fead0465bd1f1bfbc6e72b67e","name":"cpeiro","image":{"@type":"ImageObject","@id":"https:\/\/www.hospitalsancarlos.es\/blog\/#personlogo","inLanguage":"es","url":"https:\/\/secure.gravatar.com\/avatar\/ccda9b15179fd1fab596469501706a8d4ab328c17627e4cd9c5752f0efc1aaed?s=96&d=mm&r=g","contentUrl":"https:\/\/secure.gravatar.com\/avatar\/ccda9b15179fd1fab596469501706a8d4ab328c17627e4cd9c5752f0efc1aaed?s=96&d=mm&r=g","caption":"cpeiro"}}]}},"_links":{"self":[{"href":"https:\/\/www.hospitalsancarlos.es\/blog\/wp-json\/wp\/v2\/posts\/1291","targetHints":{"allow":["GET"]}}],"collection":[{"href":"https:\/\/www.hospitalsancarlos.es\/blog\/wp-json\/wp\/v2\/posts"}],"about":[{"href":"https:\/\/www.hospitalsancarlos.es\/blog\/wp-json\/wp\/v2\/types\/post"}],"author":[{"embeddable":true,"href":"https:\/\/www.hospitalsancarlos.es\/blog\/wp-json\/wp\/v2\/users\/2"}],"replies":[{"embeddable":true,"href":"https:\/\/www.hospitalsancarlos.es\/blog\/wp-json\/wp\/v2\/comments?post=1291"}],"version-history":[{"count":1,"href":"https:\/\/www.hospitalsancarlos.es\/blog\/wp-json\/wp\/v2\/posts\/1291\/revisions"}],"predecessor-version":[{"id":1293,"href":"https:\/\/www.hospitalsancarlos.es\/blog\/wp-json\/wp\/v2\/posts\/1291\/revisions\/1293"}],"wp:featuredmedia":[{"embeddable":true,"href":"https:\/\/www.hospitalsancarlos.es\/blog\/wp-json\/wp\/v2\/media\/1292"}],"wp:attachment":[{"href":"https:\/\/www.hospitalsancarlos.es\/blog\/wp-json\/wp\/v2\/media?parent=1291"}],"wp:term":[{"taxonomy":"category","embeddable":true,"href":"https:\/\/www.hospitalsancarlos.es\/blog\/wp-json\/wp\/v2\/categories?post=1291"},{"taxonomy":"post_tag","embeddable":true,"href":"https:\/\/www.hospitalsancarlos.es\/blog\/wp-json\/wp\/v2\/tags?post=1291"}],"curies":[{"name":"wp","href":"https:\/\/api.w.org\/{rel}","templated":true}]}}