{"id":1269,"date":"2025-04-04T15:54:18","date_gmt":"2025-04-04T14:54:18","guid":{"rendered":"https:\/\/www.hospitalsancarlos.es\/blog\/?p=1269"},"modified":"2025-04-04T15:54:19","modified_gmt":"2025-04-04T14:54:19","slug":"entrevista-a-los-dermatologos-juan-montes-y-joana-cruanes-en-bay-radio-sobre-la-prevencion-del-cancer-de-piel","status":"publish","type":"post","link":"https:\/\/www.hospitalsancarlos.es\/blog\/actualidad\/entrevista-a-los-dermatologos-juan-montes-y-joana-cruanes-en-bay-radio-sobre-la-prevencion-del-cancer-de-piel\/","title":{"rendered":"Entrevista a los dermat\u00f3logos Juan Montes y Joana Crua\u00f1es en Bay Radio sobre la prevenci\u00f3n del c\u00e1ncer de piel"},"content":{"rendered":"\n<p>Los dermat\u00f3logos del Hospital IMED San Carlos de D\u00e9nia, el<strong> Dr. Juan Monte<\/strong>s y la <strong>Dra. Joana Crua\u00f1es<\/strong>, participaron en una entrevista en <strong><a href=\"https:\/\/www.bayradio.fm\/\" data-type=\"link\" data-id=\"https:\/\/www.bayradio.fm\/\">Bay Radio<\/a><\/strong>, emisora inglesa con gran presencia en la provincia de Alicante. Durante el programa hablaron sobre la <strong>importancia de la prevenci\u00f3n del c\u00e1ncer de piel<\/strong>, ofreciendo recomendaciones clave para protegerse del sol, identificar signos de alerta y fomentar la detecci\u00f3n precoz, especialmente en una zona como la Marina Alta, donde la exposici\u00f3n solar es muy elevada durante gran parte del a\u00f1o.<\/p>\n\n\n\n<figure class=\"wp-block-video\"><video controls src=\"https:\/\/www.hospitalsancarlos.es\/assets\/img\/dermatolgo-hla.mp4\"><\/video><\/figure>\n","protected":false},"excerpt":{"rendered":"<p>Los dermat\u00f3logos del Hospital IMED San Carlos de D\u00e9nia, el Dr. Juan Montes y la Dra. Joana Crua\u00f1es, participaron en una entrevista en Bay Radio, emisora inglesa con gran presencia en la provincia de&#46;&#46;&#46;<\/p>\n","protected":false},"author":2,"featured_media":1270,"comment_status":"closed","ping_status":"closed","sticky":false,"template":"","format":"standard","meta":{"footnotes":""},"categories":[24,92],"tags":[96,57,10,13,97],"class_list":["post-1269","post","type-post","status-publish","format-standard","has-post-thumbnail","hentry","category-actualidad","category-dermatologia","tag-dermatologia","tag-entrevista","tag-hospital","tag-hospital-san-carlos","tag-radio"],"yoast_head":"<!-- This site is optimized with the Yoast SEO plugin v17.2 - https:\/\/yoast.com\/wordpress\/plugins\/seo\/ -->\n<title>Entrevista a los dermat\u00f3logos Juan Montes y Joana Crua\u00f1es en Bay Radio sobre la prevenci\u00f3n del c\u00e1ncer de piel - Hospital San Carlos<\/title>\n<meta name=\"robots\" content=\"index, follow, max-snippet:-1, max-image-preview:large, max-video-preview:-1\" \/>\n<link rel=\"canonical\" href=\"https:\/\/www.hospitalsancarlos.es\/blog\/actualidad\/entrevista-a-los-dermatologos-juan-montes-y-joana-cruanes-en-bay-radio-sobre-la-prevencion-del-cancer-de-piel\/\" \/>\n<meta property=\"og:locale\" content=\"es_ES\" \/>\n<meta property=\"og:type\" content=\"article\" \/>\n<meta property=\"og:title\" content=\"Entrevista a los dermat\u00f3logos Juan Montes y Joana Crua\u00f1es en Bay Radio sobre la prevenci\u00f3n del c\u00e1ncer de piel - Hospital San Carlos\" \/>\n<meta property=\"og:description\" content=\"Los dermat\u00f3logos del Hospital IMED San Carlos de D\u00e9nia, el Dr. Juan Montes y la Dra. Joana Crua\u00f1es, participaron en una entrevista en Bay Radio, emisora inglesa con gran presencia en la provincia de&#046;&#046;&#046;\" \/>\n<meta property=\"og:url\" content=\"https:\/\/www.hospitalsancarlos.es\/blog\/actualidad\/entrevista-a-los-dermatologos-juan-montes-y-joana-cruanes-en-bay-radio-sobre-la-prevencion-del-cancer-de-piel\/\" \/>\n<meta property=\"og:site_name\" content=\"Hospital San Carlos\" \/>\n<meta property=\"article:published_time\" content=\"2025-04-04T14:54:18+00:00\" \/>\n<meta property=\"article:modified_time\" content=\"2025-04-04T14:54:19+00:00\" \/>\n<meta property=\"og:image\" content=\"https:\/\/www.hospitalsancarlos.es\/blog\/wp-content\/uploads\/2025\/04\/dermatologia.jpg\" \/>\n\t<meta property=\"og:image:width\" content=\"1080\" \/>\n\t<meta property=\"og:image:height\" content=\"617\" \/>\n<meta name=\"twitter:card\" content=\"summary_large_image\" \/>\n<meta name=\"twitter:label1\" content=\"Escrito por\" \/>\n\t<meta name=\"twitter:data1\" content=\"cpeiro\" \/>\n<script type=\"application\/ld+json\" class=\"yoast-schema-graph\">{\"@context\":\"https:\/\/schema.org\",\"@graph\":[{\"@type\":\"Organization\",\"@id\":\"https:\/\/www.hospitalsancarlos.es\/blog\/#organization\",\"name\":\"Hospital San Carlos\",\"url\":\"https:\/\/www.hospitalsancarlos.es\/blog\/\",\"sameAs\":[],\"logo\":{\"@type\":\"ImageObject\",\"@id\":\"https:\/\/www.hospitalsancarlos.es\/blog\/#logo\",\"inLanguage\":\"es\",\"url\":\"https:\/\/www.hospitalsancarlos.es\/blog\/wp-content\/uploads\/2021\/09\/logo-sancarlos.png\",\"contentUrl\":\"https:\/\/www.hospitalsancarlos.es\/blog\/wp-content\/uploads\/2021\/09\/logo-sancarlos.png\",\"width\":320,\"height\":52,\"caption\":\"Hospital San Carlos\"},\"image\":{\"@id\":\"https:\/\/www.hospitalsancarlos.es\/blog\/#logo\"}},{\"@type\":\"WebSite\",\"@id\":\"https:\/\/www.hospitalsancarlos.es\/blog\/#website\",\"url\":\"https:\/\/www.hospitalsancarlos.es\/blog\/\",\"name\":\"Hospital San Carlos\",\"description\":\"Hospital en Denia referente en la Marina Alta\",\"publisher\":{\"@id\":\"https:\/\/www.hospitalsancarlos.es\/blog\/#organization\"},\"potentialAction\":[{\"@type\":\"SearchAction\",\"target\":{\"@type\":\"EntryPoint\",\"urlTemplate\":\"https:\/\/www.hospitalsancarlos.es\/blog\/?s={search_term_string}\"},\"query-input\":\"required name=search_term_string\"}],\"inLanguage\":\"es\"},{\"@type\":\"ImageObject\",\"@id\":\"https:\/\/www.hospitalsancarlos.es\/blog\/actualidad\/entrevista-a-los-dermatologos-juan-montes-y-joana-cruanes-en-bay-radio-sobre-la-prevencion-del-cancer-de-piel\/#primaryimage\",\"inLanguage\":\"es\",\"url\":\"https:\/\/www.hospitalsancarlos.es\/blog\/wp-content\/uploads\/2025\/04\/dermatologia.jpg\",\"contentUrl\":\"https:\/\/www.hospitalsancarlos.es\/blog\/wp-content\/uploads\/2025\/04\/dermatologia.jpg\",\"width\":1080,\"height\":617,\"caption\":\"Dermatolog\\u00eda en HLA\"},{\"@type\":\"WebPage\",\"@id\":\"https:\/\/www.hospitalsancarlos.es\/blog\/actualidad\/entrevista-a-los-dermatologos-juan-montes-y-joana-cruanes-en-bay-radio-sobre-la-prevencion-del-cancer-de-piel\/#webpage\",\"url\":\"https:\/\/www.hospitalsancarlos.es\/blog\/actualidad\/entrevista-a-los-dermatologos-juan-montes-y-joana-cruanes-en-bay-radio-sobre-la-prevencion-del-cancer-de-piel\/\",\"name\":\"Entrevista a los dermat\\u00f3logos Juan Montes y Joana Crua\\u00f1es en Bay Radio sobre la prevenci\\u00f3n del c\\u00e1ncer de piel - Hospital San Carlos\",\"isPartOf\":{\"@id\":\"https:\/\/www.hospitalsancarlos.es\/blog\/#website\"},\"primaryImageOfPage\":{\"@id\":\"https:\/\/www.hospitalsancarlos.es\/blog\/actualidad\/entrevista-a-los-dermatologos-juan-montes-y-joana-cruanes-en-bay-radio-sobre-la-prevencion-del-cancer-de-piel\/#primaryimage\"},\"datePublished\":\"2025-04-04T14:54:18+00:00\",\"dateModified\":\"2025-04-04T14:54:19+00:00\",\"breadcrumb\":{\"@id\":\"https:\/\/www.hospitalsancarlos.es\/blog\/actualidad\/entrevista-a-los-dermatologos-juan-montes-y-joana-cruanes-en-bay-radio-sobre-la-prevencion-del-cancer-de-piel\/#breadcrumb\"},\"inLanguage\":\"es\",\"potentialAction\":[{\"@type\":\"ReadAction\",\"target\":[\"https:\/\/www.hospitalsancarlos.es\/blog\/actualidad\/entrevista-a-los-dermatologos-juan-montes-y-joana-cruanes-en-bay-radio-sobre-la-prevencion-del-cancer-de-piel\/\"]}]},{\"@type\":\"BreadcrumbList\",\"@id\":\"https:\/\/www.hospitalsancarlos.es\/blog\/actualidad\/entrevista-a-los-dermatologos-juan-montes-y-joana-cruanes-en-bay-radio-sobre-la-prevencion-del-cancer-de-piel\/#breadcrumb\",\"itemListElement\":[{\"@type\":\"ListItem\",\"position\":1,\"name\":\"Portada\",\"item\":\"https:\/\/www.hospitalsancarlos.es\/blog\/\"},{\"@type\":\"ListItem\",\"position\":2,\"name\":\"Entrevista a los dermat\\u00f3logos Juan Montes y Joana Crua\\u00f1es en Bay Radio sobre la prevenci\\u00f3n del c\\u00e1ncer de piel\"}]},{\"@type\":\"Article\",\"@id\":\"https:\/\/www.hospitalsancarlos.es\/blog\/actualidad\/entrevista-a-los-dermatologos-juan-montes-y-joana-cruanes-en-bay-radio-sobre-la-prevencion-del-cancer-de-piel\/#article\",\"isPartOf\":{\"@id\":\"https:\/\/www.hospitalsancarlos.es\/blog\/actualidad\/entrevista-a-los-dermatologos-juan-montes-y-joana-cruanes-en-bay-radio-sobre-la-prevencion-del-cancer-de-piel\/#webpage\"},\"author\":{\"@id\":\"https:\/\/www.hospitalsancarlos.es\/blog\/#\/schema\/person\/c1d5250fead0465bd1f1bfbc6e72b67e\"},\"headline\":\"Entrevista a los dermat\\u00f3logos Juan Montes y Joana Crua\\u00f1es en Bay Radio sobre la prevenci\\u00f3n del c\\u00e1ncer de piel\",\"datePublished\":\"2025-04-04T14:54:18+00:00\",\"dateModified\":\"2025-04-04T14:54:19+00:00\",\"mainEntityOfPage\":{\"@id\":\"https:\/\/www.hospitalsancarlos.es\/blog\/actualidad\/entrevista-a-los-dermatologos-juan-montes-y-joana-cruanes-en-bay-radio-sobre-la-prevencion-del-cancer-de-piel\/#webpage\"},\"wordCount\":116,\"publisher\":{\"@id\":\"https:\/\/www.hospitalsancarlos.es\/blog\/#organization\"},\"image\":{\"@id\":\"https:\/\/www.hospitalsancarlos.es\/blog\/actualidad\/entrevista-a-los-dermatologos-juan-montes-y-joana-cruanes-en-bay-radio-sobre-la-prevencion-del-cancer-de-piel\/#primaryimage\"},\"thumbnailUrl\":\"https:\/\/www.hospitalsancarlos.es\/blog\/wp-content\/uploads\/2025\/04\/dermatologia.jpg\",\"keywords\":[\"dermatolog\\u00eda\",\"entrevista\",\"hospital\",\"Hospital San Carlos\",\"radio\"],\"articleSection\":[\"Actualidad\",\"Dermatolog\\u00eda\"],\"inLanguage\":\"es\"},{\"@type\":\"Person\",\"@id\":\"https:\/\/www.hospitalsancarlos.es\/blog\/#\/schema\/person\/c1d5250fead0465bd1f1bfbc6e72b67e\",\"name\":\"cpeiro\",\"image\":{\"@type\":\"ImageObject\",\"@id\":\"https:\/\/www.hospitalsancarlos.es\/blog\/#personlogo\",\"inLanguage\":\"es\",\"url\":\"https:\/\/secure.gravatar.com\/avatar\/ccda9b15179fd1fab596469501706a8d4ab328c17627e4cd9c5752f0efc1aaed?s=96&d=mm&r=g\",\"contentUrl\":\"https:\/\/secure.gravatar.com\/avatar\/ccda9b15179fd1fab596469501706a8d4ab328c17627e4cd9c5752f0efc1aaed?s=96&d=mm&r=g\",\"caption\":\"cpeiro\"}}]}<\/script>\n<!-- \/ Yoast SEO plugin. -->","yoast_head_json":{"title":"Entrevista a los dermat\u00f3logos Juan Montes y Joana Crua\u00f1es en Bay Radio sobre la prevenci\u00f3n del c\u00e1ncer de piel - Hospital San Carlos","robots":{"index":"index","follow":"follow","max-snippet":"max-snippet:-1","max-image-preview":"max-image-preview:large","max-video-preview":"max-video-preview:-1"},"canonical":"https:\/\/www.hospitalsancarlos.es\/blog\/actualidad\/entrevista-a-los-dermatologos-juan-montes-y-joana-cruanes-en-bay-radio-sobre-la-prevencion-del-cancer-de-piel\/","og_locale":"es_ES","og_type":"article","og_title":"Entrevista a los dermat\u00f3logos Juan Montes y Joana Crua\u00f1es en Bay Radio sobre la prevenci\u00f3n del c\u00e1ncer de piel - Hospital San Carlos","og_description":"Los dermat\u00f3logos del Hospital IMED San Carlos de D\u00e9nia, el Dr. Juan Montes y la Dra. Joana Crua\u00f1es, participaron en una entrevista en Bay Radio, emisora inglesa con gran presencia en la provincia de&#46;&#46;&#46;","og_url":"https:\/\/www.hospitalsancarlos.es\/blog\/actualidad\/entrevista-a-los-dermatologos-juan-montes-y-joana-cruanes-en-bay-radio-sobre-la-prevencion-del-cancer-de-piel\/","og_site_name":"Hospital San Carlos","article_published_time":"2025-04-04T14:54:18+00:00","article_modified_time":"2025-04-04T14:54:19+00:00","og_image":[{"width":1080,"height":617,"filesize":91157,"url":"https:\/\/www.hospitalsancarlos.es\/blog\/wp-content\/uploads\/2025\/04\/dermatologia.jpg","path":"\/var\/www\/vhosts\/hospitalsancarlos.es\/httpdocs\/blog\/wp-content\/uploads\/2025\/04\/dermatologia.jpg","size":"full","id":1270,"alt":"","pixels":666360,"type":"image\/jpeg"}],"twitter_card":"summary_large_image","twitter_misc":{"Escrito por":"cpeiro"},"schema":{"@context":"https:\/\/schema.org","@graph":[{"@type":"Organization","@id":"https:\/\/www.hospitalsancarlos.es\/blog\/#organization","name":"Hospital San Carlos","url":"https:\/\/www.hospitalsancarlos.es\/blog\/","sameAs":[],"logo":{"@type":"ImageObject","@id":"https:\/\/www.hospitalsancarlos.es\/blog\/#logo","inLanguage":"es","url":"https:\/\/www.hospitalsancarlos.es\/blog\/wp-content\/uploads\/2021\/09\/logo-sancarlos.png","contentUrl":"https:\/\/www.hospitalsancarlos.es\/blog\/wp-content\/uploads\/2021\/09\/logo-sancarlos.png","width":320,"height":52,"caption":"Hospital San Carlos"},"image":{"@id":"https:\/\/www.hospitalsancarlos.es\/blog\/#logo"}},{"@type":"WebSite","@id":"https:\/\/www.hospitalsancarlos.es\/blog\/#website","url":"https:\/\/www.hospitalsancarlos.es\/blog\/","name":"Hospital San Carlos","description":"Hospital en Denia referente en la Marina Alta","publisher":{"@id":"https:\/\/www.hospitalsancarlos.es\/blog\/#organization"},"potentialAction":[{"@type":"SearchAction","target":{"@type":"EntryPoint","urlTemplate":"https:\/\/www.hospitalsancarlos.es\/blog\/?s={search_term_string}"},"query-input":"required name=search_term_string"}],"inLanguage":"es"},{"@type":"ImageObject","@id":"https:\/\/www.hospitalsancarlos.es\/blog\/actualidad\/entrevista-a-los-dermatologos-juan-montes-y-joana-cruanes-en-bay-radio-sobre-la-prevencion-del-cancer-de-piel\/#primaryimage","inLanguage":"es","url":"https:\/\/www.hospitalsancarlos.es\/blog\/wp-content\/uploads\/2025\/04\/dermatologia.jpg","contentUrl":"https:\/\/www.hospitalsancarlos.es\/blog\/wp-content\/uploads\/2025\/04\/dermatologia.jpg","width":1080,"height":617,"caption":"Dermatolog\u00eda en HLA"},{"@type":"WebPage","@id":"https:\/\/www.hospitalsancarlos.es\/blog\/actualidad\/entrevista-a-los-dermatologos-juan-montes-y-joana-cruanes-en-bay-radio-sobre-la-prevencion-del-cancer-de-piel\/#webpage","url":"https:\/\/www.hospitalsancarlos.es\/blog\/actualidad\/entrevista-a-los-dermatologos-juan-montes-y-joana-cruanes-en-bay-radio-sobre-la-prevencion-del-cancer-de-piel\/","name":"Entrevista a los dermat\u00f3logos Juan Montes y Joana Crua\u00f1es en Bay Radio sobre la prevenci\u00f3n del c\u00e1ncer de piel - Hospital San Carlos","isPartOf":{"@id":"https:\/\/www.hospitalsancarlos.es\/blog\/#website"},"primaryImageOfPage":{"@id":"https:\/\/www.hospitalsancarlos.es\/blog\/actualidad\/entrevista-a-los-dermatologos-juan-montes-y-joana-cruanes-en-bay-radio-sobre-la-prevencion-del-cancer-de-piel\/#primaryimage"},"datePublished":"2025-04-04T14:54:18+00:00","dateModified":"2025-04-04T14:54:19+00:00","breadcrumb":{"@id":"https:\/\/www.hospitalsancarlos.es\/blog\/actualidad\/entrevista-a-los-dermatologos-juan-montes-y-joana-cruanes-en-bay-radio-sobre-la-prevencion-del-cancer-de-piel\/#breadcrumb"},"inLanguage":"es","potentialAction":[{"@type":"ReadAction","target":["https:\/\/www.hospitalsancarlos.es\/blog\/actualidad\/entrevista-a-los-dermatologos-juan-montes-y-joana-cruanes-en-bay-radio-sobre-la-prevencion-del-cancer-de-piel\/"]}]},{"@type":"BreadcrumbList","@id":"https:\/\/www.hospitalsancarlos.es\/blog\/actualidad\/entrevista-a-los-dermatologos-juan-montes-y-joana-cruanes-en-bay-radio-sobre-la-prevencion-del-cancer-de-piel\/#breadcrumb","itemListElement":[{"@type":"ListItem","position":1,"name":"Portada","item":"https:\/\/www.hospitalsancarlos.es\/blog\/"},{"@type":"ListItem","position":2,"name":"Entrevista a los dermat\u00f3logos Juan Montes y Joana Crua\u00f1es en Bay Radio sobre la prevenci\u00f3n del c\u00e1ncer de piel"}]},{"@type":"Article","@id":"https:\/\/www.hospitalsancarlos.es\/blog\/actualidad\/entrevista-a-los-dermatologos-juan-montes-y-joana-cruanes-en-bay-radio-sobre-la-prevencion-del-cancer-de-piel\/#article","isPartOf":{"@id":"https:\/\/www.hospitalsancarlos.es\/blog\/actualidad\/entrevista-a-los-dermatologos-juan-montes-y-joana-cruanes-en-bay-radio-sobre-la-prevencion-del-cancer-de-piel\/#webpage"},"author":{"@id":"https:\/\/www.hospitalsancarlos.es\/blog\/#\/schema\/person\/c1d5250fead0465bd1f1bfbc6e72b67e"},"headline":"Entrevista a los dermat\u00f3logos Juan Montes y Joana Crua\u00f1es en Bay Radio sobre la prevenci\u00f3n del c\u00e1ncer de piel","datePublished":"2025-04-04T14:54:18+00:00","dateModified":"2025-04-04T14:54:19+00:00","mainEntityOfPage":{"@id":"https:\/\/www.hospitalsancarlos.es\/blog\/actualidad\/entrevista-a-los-dermatologos-juan-montes-y-joana-cruanes-en-bay-radio-sobre-la-prevencion-del-cancer-de-piel\/#webpage"},"wordCount":116,"publisher":{"@id":"https:\/\/www.hospitalsancarlos.es\/blog\/#organization"},"image":{"@id":"https:\/\/www.hospitalsancarlos.es\/blog\/actualidad\/entrevista-a-los-dermatologos-juan-montes-y-joana-cruanes-en-bay-radio-sobre-la-prevencion-del-cancer-de-piel\/#primaryimage"},"thumbnailUrl":"https:\/\/www.hospitalsancarlos.es\/blog\/wp-content\/uploads\/2025\/04\/dermatologia.jpg","keywords":["dermatolog\u00eda","entrevista","hospital","Hospital San Carlos","radio"],"articleSection":["Actualidad","Dermatolog\u00eda"],"inLanguage":"es"},{"@type":"Person","@id":"https:\/\/www.hospitalsancarlos.es\/blog\/#\/schema\/person\/c1d5250fead0465bd1f1bfbc6e72b67e","name":"cpeiro","image":{"@type":"ImageObject","@id":"https:\/\/www.hospitalsancarlos.es\/blog\/#personlogo","inLanguage":"es","url":"https:\/\/secure.gravatar.com\/avatar\/ccda9b15179fd1fab596469501706a8d4ab328c17627e4cd9c5752f0efc1aaed?s=96&d=mm&r=g","contentUrl":"https:\/\/secure.gravatar.com\/avatar\/ccda9b15179fd1fab596469501706a8d4ab328c17627e4cd9c5752f0efc1aaed?s=96&d=mm&r=g","caption":"cpeiro"}}]}},"_links":{"self":[{"href":"https:\/\/www.hospitalsancarlos.es\/blog\/wp-json\/wp\/v2\/posts\/1269","targetHints":{"allow":["GET"]}}],"collection":[{"href":"https:\/\/www.hospitalsancarlos.es\/blog\/wp-json\/wp\/v2\/posts"}],"about":[{"href":"https:\/\/www.hospitalsancarlos.es\/blog\/wp-json\/wp\/v2\/types\/post"}],"author":[{"embeddable":true,"href":"https:\/\/www.hospitalsancarlos.es\/blog\/wp-json\/wp\/v2\/users\/2"}],"replies":[{"embeddable":true,"href":"https:\/\/www.hospitalsancarlos.es\/blog\/wp-json\/wp\/v2\/comments?post=1269"}],"version-history":[{"count":1,"href":"https:\/\/www.hospitalsancarlos.es\/blog\/wp-json\/wp\/v2\/posts\/1269\/revisions"}],"predecessor-version":[{"id":1271,"href":"https:\/\/www.hospitalsancarlos.es\/blog\/wp-json\/wp\/v2\/posts\/1269\/revisions\/1271"}],"wp:featuredmedia":[{"embeddable":true,"href":"https:\/\/www.hospitalsancarlos.es\/blog\/wp-json\/wp\/v2\/media\/1270"}],"wp:attachment":[{"href":"https:\/\/www.hospitalsancarlos.es\/blog\/wp-json\/wp\/v2\/media?parent=1269"}],"wp:term":[{"taxonomy":"category","embeddable":true,"href":"https:\/\/www.hospitalsancarlos.es\/blog\/wp-json\/wp\/v2\/categories?post=1269"},{"taxonomy":"post_tag","embeddable":true,"href":"https:\/\/www.hospitalsancarlos.es\/blog\/wp-json\/wp\/v2\/tags?post=1269"}],"curies":[{"name":"wp","href":"https:\/\/api.w.org\/{rel}","templated":true}]}}