{"id":1167,"date":"2025-01-24T17:24:34","date_gmt":"2025-01-24T16:24:34","guid":{"rendered":"https:\/\/www.hospitalsancarlos.es\/blog\/?p=1167"},"modified":"2025-01-24T17:24:35","modified_gmt":"2025-01-24T16:24:35","slug":"el-reflujo-gastroesofagico-y-las-alergias-alimentarias-en-lactantes-las-condiciones-mas-frecuentes-de-la-consulta-pediatrica","status":"publish","type":"post","link":"https:\/\/www.hospitalsancarlos.es\/blog\/pediatria\/el-reflujo-gastroesofagico-y-las-alergias-alimentarias-en-lactantes-las-condiciones-mas-frecuentes-de-la-consulta-pediatrica\/","title":{"rendered":"El reflujo gastroesof\u00e1gico y las alergias alimentarias en lactantes: las condiciones m\u00e1s frecuentes de la consulta pedi\u00e1trica"},"content":{"rendered":"\n<p>El <strong>reflujo gastroesof\u00e1gico (RGE)<\/strong> y <strong>las alergias alimentarias<\/strong> son dos de las condiciones m\u00e1s frecuentes en la pr\u00e1ctica pedi\u00e1trica, especialmente durante los primeros meses de vida de los pacientes. Aunque ambos pueden presentar s\u00edntomas similares, como regurgitaci\u00f3n, irritabilidad y rechazo al alimento sus causas, su manejo y su pron\u00f3stico son diferentes, lo que plantea un desaf\u00edo para los pediatras a la hora de ofrecer un diagn\u00f3stico.<\/p>\n\n\n\n<figure class=\"wp-block-image size-large\"><img loading=\"lazy\" decoding=\"async\" width=\"1024\" height=\"576\" src=\"https:\/\/www.hospitalsancarlos.es\/blog\/wp-content\/uploads\/2025\/01\/Dra.-Antonia-Ivars-Pediatria-web-1024x576.jpg\" alt=\"\" class=\"wp-image-1168\" srcset=\"https:\/\/www.hospitalsancarlos.es\/blog\/wp-content\/uploads\/2025\/01\/Dra.-Antonia-Ivars-Pediatria-web-1024x576.jpg 1024w, https:\/\/www.hospitalsancarlos.es\/blog\/wp-content\/uploads\/2025\/01\/Dra.-Antonia-Ivars-Pediatria-web-300x169.jpg 300w, https:\/\/www.hospitalsancarlos.es\/blog\/wp-content\/uploads\/2025\/01\/Dra.-Antonia-Ivars-Pediatria-web-768x432.jpg 768w, https:\/\/www.hospitalsancarlos.es\/blog\/wp-content\/uploads\/2025\/01\/Dra.-Antonia-Ivars-Pediatria-web-1536x864.jpg 1536w, https:\/\/www.hospitalsancarlos.es\/blog\/wp-content\/uploads\/2025\/01\/Dra.-Antonia-Ivars-Pediatria-web.jpg 1920w\" sizes=\"auto, (max-width: 1024px) 100vw, 1024px\" \/><\/figure>\n\n\n\n<div style=\"height:45px\" aria-hidden=\"true\" class=\"wp-block-spacer\"><\/div>\n\n\n\n<p>La <strong>Dra. Antonia Ivars<\/strong>, <strong>pediatra<\/strong> especialista del <a href=\"https:\/\/www.hospitalsancarlos.es\/\">Hospital HLA San Carlos<\/a> destaca que, \u201cel reflujo gastroesof\u00e1gico se define como el paso del contenido g\u00e1strico hacia el es\u00f3fago, lo cual ocurre de manera fisiol\u00f3gica en la mayor\u00eda de los lactantes debido a la inmadurez del sistema digestivo. Se estima que hasta el 50% de los lactantes menores de tres meses presentan alg\u00fan grado de regurgitaci\u00f3n. En la mayor\u00eda de los casos, desaparecen espont\u00e1neamente a los doce meses de edad. Los <strong>s\u00edntomas m\u00e1s comunes<\/strong> son regurgitaciones frecuentes, especialmente tras alimentarse, la irritabilidad o el llanto inconsolable, as\u00ed como el arqueo de la espalda durante las tomas, en casos m\u00e1s severos\u201d.<\/p>\n\n\n\n<blockquote class=\"wp-block-quote is-layout-flow wp-block-quote-is-layout-flow\">\n<p>\u201cLas <strong>alergias alimentarias<\/strong>, particularmente la alergia a la prote\u00edna de la leche de vaca, se diagnostican cada vez con m\u00e1s frecuencia en lactantes. Se estima que esta alergia afecta al 2-3% de los ni\u00f1os menores de un a\u00f1o. Sus s\u00edntomas m\u00e1s comunes pueden ser la regurgitaci\u00f3n persistente y llanto prolongado, la presencia de sangre o mucosidad en las heces o las erupciones cut\u00e1neas como el eczema. Por ello, para el pediatra, puede ser complicado distinguir entre el reflujo gastroesof\u00e1gico y las alergias alimentarias\u201d, a\u00f1ade la Dra. Ivars.<\/p>\n<\/blockquote>\n\n\n\n<p>La <strong>figura del pediatra<\/strong> es clave en la evaluaci\u00f3n, el diagn\u00f3stico, el manejo y el seguimiento de los lactantes con reflujo gastroesof\u00e1gico y alergias alimentarias. Su intervenci\u00f3n oportuna no s\u00f3lo ayuda a aliviar los s\u00edntomas del beb\u00e9, sino que tambi\u00e9n proporciona tranquilidad a las familias.<\/p>\n\n\n\n<p><strong>Para el diagn\u00f3stico<\/strong>, el pediatra debe dirigir una evaluaci\u00f3n cuidadosa enfocada en distinguir entre ambas patolog\u00edas. Esto incluye una historia cl\u00ednica detallada para indagar sobre la existencia de antecedentes familiares de alergias, atop\u00edas, asma o intolerancias alimentarias, la observaci\u00f3n de patrones, es decir, evaluar la relaci\u00f3n entre los s\u00edntomas del beb\u00e9 y sus factores desencadenantes como las tomas o la exposici\u00f3n a ciertos alimentos y evitar los sobrediagn\u00f3sticos obviando los diagn\u00f3sticos prematuros de alergias alimentarias sin una evidencia clara.<\/p>\n\n\n\n<p>El pediatra tambi\u00e9n debe saber adaptar sus recomendaciones a las caracter\u00edsticas y necesidades del lactante. Es conveniente que ofrezca estrategias no farmacol\u00f3gicas, como los cambios posturales, para evitar la medicalizaci\u00f3n innecesaria. Tambi\u00e9n puede dise\u00f1ar un plan integral que puede incluir f\u00f3rmulas especializadas (antirreflujo, extensamente hidrolizadas o de amino\u00e1cidos) y detectar la necesidad de cuando tiene que derivar al beb\u00e9 a un gastroenter\u00f3logo pedi\u00e1trico o a un alerg\u00f3logo en casos complejos.<\/p>\n\n\n\n<p>La profesional se\u00f1ala que, \u201cpromover la lactancia materna es fundamental siempre que sea posible ya que es beneficiosa para la maduraci\u00f3n del sistema digestivo y la microbiota intestinal. En casos de alergias o intolerancias, permite implementar dietas de exclusi\u00f3n en la madre, evitando f\u00f3rmulas artificiales cuando no son necesarias\u201d.<\/p>\n\n\n\n<p>Las familias, especialmente los <strong>padres primerizos<\/strong>, tienen la necesidad de que el pediatra pueda ofrecerles unas pautas y tambi\u00e9n apoyo emocional, ya que pueden sentirse abrumadas ante los llantos o las regurgitaciones, dada su preocupaci\u00f3n por el bienestar de su beb\u00e9.<\/p>\n\n\n\n<div style=\"height:30px\" aria-hidden=\"true\" class=\"wp-block-spacer\"><\/div>\n\n\n\n<p><strong>Sobre Grupo Hospitalario HLA<\/strong><\/p>\n\n\n\n<p>El <a href=\"https:\/\/www.grupohla.com\/\">Grupo Hospitalario HLA<\/a> es uno de los mayores proveedores hospitalarios de Espa\u00f1a. Lo componen 18 hospitales y 38 centros m\u00e9dicos multiespecialidad con unidades de referencia en tratamientos de \u00faltima generaci\u00f3n, que trabajan de forma integrada para proporcionar acceso a una asistencia sanitaria de alto nivel.\u00a0<\/p>\n\n\n\n<p>Con 1.300 camas de hospitalizaci\u00f3n y m\u00e1s de 40 a\u00f1os de experiencia, HLA es un referente en la atenci\u00f3n hospitalaria y ambulatoria. Sus profesionales garantizan un modelo de atenci\u00f3n que se basa en la excelencia, la innovaci\u00f3n, la responsabilidad y un trato humano y cercano con el paciente.&nbsp;<\/p>\n","protected":false},"excerpt":{"rendered":"<p>El reflujo gastroesof\u00e1gico (RGE) y las alergias alimentarias son dos de las condiciones m\u00e1s frecuentes en la pr\u00e1ctica pedi\u00e1trica, especialmente durante los primeros meses de vida de los pacientes. Aunque ambos pueden presentar s\u00edntomas&#46;&#46;&#46;<\/p>\n","protected":false},"author":2,"featured_media":1168,"comment_status":"closed","ping_status":"closed","sticky":false,"template":"","format":"standard","meta":{"footnotes":""},"categories":[24,4],"tags":[],"class_list":["post-1167","post","type-post","status-publish","format-standard","has-post-thumbnail","hentry","category-actualidad","category-pediatria"],"yoast_head":"<!-- This site is optimized with the Yoast SEO plugin v17.2 - https:\/\/yoast.com\/wordpress\/plugins\/seo\/ -->\n<title>El reflujo gastroesof\u00e1gico y las alergias alimentarias en lactantes: las condiciones m\u00e1s frecuentes de la consulta pedi\u00e1trica - Hospital San Carlos<\/title>\n<meta name=\"robots\" content=\"index, follow, max-snippet:-1, max-image-preview:large, max-video-preview:-1\" \/>\n<link rel=\"canonical\" href=\"https:\/\/www.hospitalsancarlos.es\/blog\/pediatria\/el-reflujo-gastroesofagico-y-las-alergias-alimentarias-en-lactantes-las-condiciones-mas-frecuentes-de-la-consulta-pediatrica\/\" \/>\n<meta property=\"og:locale\" content=\"es_ES\" \/>\n<meta property=\"og:type\" content=\"article\" \/>\n<meta property=\"og:title\" content=\"El reflujo gastroesof\u00e1gico y las alergias alimentarias en lactantes: las condiciones m\u00e1s frecuentes de la consulta pedi\u00e1trica - Hospital San Carlos\" \/>\n<meta property=\"og:description\" content=\"El reflujo gastroesof\u00e1gico (RGE) y las alergias alimentarias son dos de las condiciones m\u00e1s frecuentes en la pr\u00e1ctica pedi\u00e1trica, especialmente durante los primeros meses de vida de los pacientes. Aunque ambos pueden presentar s\u00edntomas&#046;&#046;&#046;\" \/>\n<meta property=\"og:url\" content=\"https:\/\/www.hospitalsancarlos.es\/blog\/pediatria\/el-reflujo-gastroesofagico-y-las-alergias-alimentarias-en-lactantes-las-condiciones-mas-frecuentes-de-la-consulta-pediatrica\/\" \/>\n<meta property=\"og:site_name\" content=\"Hospital San Carlos\" \/>\n<meta property=\"article:published_time\" content=\"2025-01-24T16:24:34+00:00\" \/>\n<meta property=\"article:modified_time\" content=\"2025-01-24T16:24:35+00:00\" \/>\n<meta property=\"og:image\" content=\"https:\/\/www.hospitalsancarlos.es\/blog\/wp-content\/uploads\/2025\/01\/Dra.-Antonia-Ivars-Pediatria-web.jpg\" \/>\n\t<meta property=\"og:image:width\" content=\"1920\" \/>\n\t<meta property=\"og:image:height\" content=\"1080\" \/>\n<meta name=\"twitter:card\" content=\"summary_large_image\" \/>\n<meta name=\"twitter:label1\" content=\"Escrito por\" \/>\n\t<meta name=\"twitter:data1\" content=\"cpeiro\" \/>\n\t<meta name=\"twitter:label2\" content=\"Tiempo de lectura\" \/>\n\t<meta name=\"twitter:data2\" content=\"4 minutos\" \/>\n<script type=\"application\/ld+json\" class=\"yoast-schema-graph\">{\"@context\":\"https:\/\/schema.org\",\"@graph\":[{\"@type\":\"Organization\",\"@id\":\"https:\/\/www.hospitalsancarlos.es\/blog\/#organization\",\"name\":\"Hospital San Carlos\",\"url\":\"https:\/\/www.hospitalsancarlos.es\/blog\/\",\"sameAs\":[],\"logo\":{\"@type\":\"ImageObject\",\"@id\":\"https:\/\/www.hospitalsancarlos.es\/blog\/#logo\",\"inLanguage\":\"es\",\"url\":\"https:\/\/www.hospitalsancarlos.es\/blog\/wp-content\/uploads\/2021\/09\/logo-sancarlos.png\",\"contentUrl\":\"https:\/\/www.hospitalsancarlos.es\/blog\/wp-content\/uploads\/2021\/09\/logo-sancarlos.png\",\"width\":320,\"height\":52,\"caption\":\"Hospital San Carlos\"},\"image\":{\"@id\":\"https:\/\/www.hospitalsancarlos.es\/blog\/#logo\"}},{\"@type\":\"WebSite\",\"@id\":\"https:\/\/www.hospitalsancarlos.es\/blog\/#website\",\"url\":\"https:\/\/www.hospitalsancarlos.es\/blog\/\",\"name\":\"Hospital San Carlos\",\"description\":\"Hospital en Denia referente en la Marina Alta\",\"publisher\":{\"@id\":\"https:\/\/www.hospitalsancarlos.es\/blog\/#organization\"},\"potentialAction\":[{\"@type\":\"SearchAction\",\"target\":{\"@type\":\"EntryPoint\",\"urlTemplate\":\"https:\/\/www.hospitalsancarlos.es\/blog\/?s={search_term_string}\"},\"query-input\":\"required name=search_term_string\"}],\"inLanguage\":\"es\"},{\"@type\":\"ImageObject\",\"@id\":\"https:\/\/www.hospitalsancarlos.es\/blog\/pediatria\/el-reflujo-gastroesofagico-y-las-alergias-alimentarias-en-lactantes-las-condiciones-mas-frecuentes-de-la-consulta-pediatrica\/#primaryimage\",\"inLanguage\":\"es\",\"url\":\"https:\/\/www.hospitalsancarlos.es\/blog\/wp-content\/uploads\/2025\/01\/Dra.-Antonia-Ivars-Pediatria-web.jpg\",\"contentUrl\":\"https:\/\/www.hospitalsancarlos.es\/blog\/wp-content\/uploads\/2025\/01\/Dra.-Antonia-Ivars-Pediatria-web.jpg\",\"width\":1920,\"height\":1080},{\"@type\":\"WebPage\",\"@id\":\"https:\/\/www.hospitalsancarlos.es\/blog\/pediatria\/el-reflujo-gastroesofagico-y-las-alergias-alimentarias-en-lactantes-las-condiciones-mas-frecuentes-de-la-consulta-pediatrica\/#webpage\",\"url\":\"https:\/\/www.hospitalsancarlos.es\/blog\/pediatria\/el-reflujo-gastroesofagico-y-las-alergias-alimentarias-en-lactantes-las-condiciones-mas-frecuentes-de-la-consulta-pediatrica\/\",\"name\":\"El reflujo gastroesof\\u00e1gico y las alergias alimentarias en lactantes: las condiciones m\\u00e1s frecuentes de la consulta pedi\\u00e1trica - Hospital San Carlos\",\"isPartOf\":{\"@id\":\"https:\/\/www.hospitalsancarlos.es\/blog\/#website\"},\"primaryImageOfPage\":{\"@id\":\"https:\/\/www.hospitalsancarlos.es\/blog\/pediatria\/el-reflujo-gastroesofagico-y-las-alergias-alimentarias-en-lactantes-las-condiciones-mas-frecuentes-de-la-consulta-pediatrica\/#primaryimage\"},\"datePublished\":\"2025-01-24T16:24:34+00:00\",\"dateModified\":\"2025-01-24T16:24:35+00:00\",\"breadcrumb\":{\"@id\":\"https:\/\/www.hospitalsancarlos.es\/blog\/pediatria\/el-reflujo-gastroesofagico-y-las-alergias-alimentarias-en-lactantes-las-condiciones-mas-frecuentes-de-la-consulta-pediatrica\/#breadcrumb\"},\"inLanguage\":\"es\",\"potentialAction\":[{\"@type\":\"ReadAction\",\"target\":[\"https:\/\/www.hospitalsancarlos.es\/blog\/pediatria\/el-reflujo-gastroesofagico-y-las-alergias-alimentarias-en-lactantes-las-condiciones-mas-frecuentes-de-la-consulta-pediatrica\/\"]}]},{\"@type\":\"BreadcrumbList\",\"@id\":\"https:\/\/www.hospitalsancarlos.es\/blog\/pediatria\/el-reflujo-gastroesofagico-y-las-alergias-alimentarias-en-lactantes-las-condiciones-mas-frecuentes-de-la-consulta-pediatrica\/#breadcrumb\",\"itemListElement\":[{\"@type\":\"ListItem\",\"position\":1,\"name\":\"Portada\",\"item\":\"https:\/\/www.hospitalsancarlos.es\/blog\/\"},{\"@type\":\"ListItem\",\"position\":2,\"name\":\"El reflujo gastroesof\\u00e1gico y las alergias alimentarias en lactantes: las condiciones m\\u00e1s frecuentes de la consulta pedi\\u00e1trica\"}]},{\"@type\":\"Article\",\"@id\":\"https:\/\/www.hospitalsancarlos.es\/blog\/pediatria\/el-reflujo-gastroesofagico-y-las-alergias-alimentarias-en-lactantes-las-condiciones-mas-frecuentes-de-la-consulta-pediatrica\/#article\",\"isPartOf\":{\"@id\":\"https:\/\/www.hospitalsancarlos.es\/blog\/pediatria\/el-reflujo-gastroesofagico-y-las-alergias-alimentarias-en-lactantes-las-condiciones-mas-frecuentes-de-la-consulta-pediatrica\/#webpage\"},\"author\":{\"@id\":\"https:\/\/www.hospitalsancarlos.es\/blog\/#\/schema\/person\/c1d5250fead0465bd1f1bfbc6e72b67e\"},\"headline\":\"El reflujo gastroesof\\u00e1gico y las alergias alimentarias en lactantes: las condiciones m\\u00e1s frecuentes de la consulta pedi\\u00e1trica\",\"datePublished\":\"2025-01-24T16:24:34+00:00\",\"dateModified\":\"2025-01-24T16:24:35+00:00\",\"mainEntityOfPage\":{\"@id\":\"https:\/\/www.hospitalsancarlos.es\/blog\/pediatria\/el-reflujo-gastroesofagico-y-las-alergias-alimentarias-en-lactantes-las-condiciones-mas-frecuentes-de-la-consulta-pediatrica\/#webpage\"},\"wordCount\":734,\"publisher\":{\"@id\":\"https:\/\/www.hospitalsancarlos.es\/blog\/#organization\"},\"image\":{\"@id\":\"https:\/\/www.hospitalsancarlos.es\/blog\/pediatria\/el-reflujo-gastroesofagico-y-las-alergias-alimentarias-en-lactantes-las-condiciones-mas-frecuentes-de-la-consulta-pediatrica\/#primaryimage\"},\"thumbnailUrl\":\"https:\/\/www.hospitalsancarlos.es\/blog\/wp-content\/uploads\/2025\/01\/Dra.-Antonia-Ivars-Pediatria-web.jpg\",\"articleSection\":[\"Actualidad\",\"Pediatr\\u00eda\"],\"inLanguage\":\"es\"},{\"@type\":\"Person\",\"@id\":\"https:\/\/www.hospitalsancarlos.es\/blog\/#\/schema\/person\/c1d5250fead0465bd1f1bfbc6e72b67e\",\"name\":\"cpeiro\",\"image\":{\"@type\":\"ImageObject\",\"@id\":\"https:\/\/www.hospitalsancarlos.es\/blog\/#personlogo\",\"inLanguage\":\"es\",\"url\":\"https:\/\/secure.gravatar.com\/avatar\/ccda9b15179fd1fab596469501706a8d4ab328c17627e4cd9c5752f0efc1aaed?s=96&d=mm&r=g\",\"contentUrl\":\"https:\/\/secure.gravatar.com\/avatar\/ccda9b15179fd1fab596469501706a8d4ab328c17627e4cd9c5752f0efc1aaed?s=96&d=mm&r=g\",\"caption\":\"cpeiro\"}}]}<\/script>\n<!-- \/ Yoast SEO plugin. -->","yoast_head_json":{"title":"El reflujo gastroesof\u00e1gico y las alergias alimentarias en lactantes: las condiciones m\u00e1s frecuentes de la consulta pedi\u00e1trica - Hospital San Carlos","robots":{"index":"index","follow":"follow","max-snippet":"max-snippet:-1","max-image-preview":"max-image-preview:large","max-video-preview":"max-video-preview:-1"},"canonical":"https:\/\/www.hospitalsancarlos.es\/blog\/pediatria\/el-reflujo-gastroesofagico-y-las-alergias-alimentarias-en-lactantes-las-condiciones-mas-frecuentes-de-la-consulta-pediatrica\/","og_locale":"es_ES","og_type":"article","og_title":"El reflujo gastroesof\u00e1gico y las alergias alimentarias en lactantes: las condiciones m\u00e1s frecuentes de la consulta pedi\u00e1trica - Hospital San Carlos","og_description":"El reflujo gastroesof\u00e1gico (RGE) y las alergias alimentarias son dos de las condiciones m\u00e1s frecuentes en la pr\u00e1ctica pedi\u00e1trica, especialmente durante los primeros meses de vida de los pacientes. Aunque ambos pueden presentar s\u00edntomas&#46;&#46;&#46;","og_url":"https:\/\/www.hospitalsancarlos.es\/blog\/pediatria\/el-reflujo-gastroesofagico-y-las-alergias-alimentarias-en-lactantes-las-condiciones-mas-frecuentes-de-la-consulta-pediatrica\/","og_site_name":"Hospital San Carlos","article_published_time":"2025-01-24T16:24:34+00:00","article_modified_time":"2025-01-24T16:24:35+00:00","og_image":[{"width":1920,"height":1080,"filesize":107918,"url":"https:\/\/www.hospitalsancarlos.es\/blog\/wp-content\/uploads\/2025\/01\/Dra.-Antonia-Ivars-Pediatria-web.jpg","path":"\/var\/www\/vhosts\/hospitalsancarlos.es\/httpdocs\/blog\/wp-content\/uploads\/2025\/01\/Dra.-Antonia-Ivars-Pediatria-web.jpg","size":"full","id":1168,"alt":"","pixels":2073600,"type":"image\/jpeg"}],"twitter_card":"summary_large_image","twitter_misc":{"Escrito por":"cpeiro","Tiempo de lectura":"4 minutos"},"schema":{"@context":"https:\/\/schema.org","@graph":[{"@type":"Organization","@id":"https:\/\/www.hospitalsancarlos.es\/blog\/#organization","name":"Hospital San Carlos","url":"https:\/\/www.hospitalsancarlos.es\/blog\/","sameAs":[],"logo":{"@type":"ImageObject","@id":"https:\/\/www.hospitalsancarlos.es\/blog\/#logo","inLanguage":"es","url":"https:\/\/www.hospitalsancarlos.es\/blog\/wp-content\/uploads\/2021\/09\/logo-sancarlos.png","contentUrl":"https:\/\/www.hospitalsancarlos.es\/blog\/wp-content\/uploads\/2021\/09\/logo-sancarlos.png","width":320,"height":52,"caption":"Hospital San Carlos"},"image":{"@id":"https:\/\/www.hospitalsancarlos.es\/blog\/#logo"}},{"@type":"WebSite","@id":"https:\/\/www.hospitalsancarlos.es\/blog\/#website","url":"https:\/\/www.hospitalsancarlos.es\/blog\/","name":"Hospital San Carlos","description":"Hospital en Denia referente en la Marina Alta","publisher":{"@id":"https:\/\/www.hospitalsancarlos.es\/blog\/#organization"},"potentialAction":[{"@type":"SearchAction","target":{"@type":"EntryPoint","urlTemplate":"https:\/\/www.hospitalsancarlos.es\/blog\/?s={search_term_string}"},"query-input":"required name=search_term_string"}],"inLanguage":"es"},{"@type":"ImageObject","@id":"https:\/\/www.hospitalsancarlos.es\/blog\/pediatria\/el-reflujo-gastroesofagico-y-las-alergias-alimentarias-en-lactantes-las-condiciones-mas-frecuentes-de-la-consulta-pediatrica\/#primaryimage","inLanguage":"es","url":"https:\/\/www.hospitalsancarlos.es\/blog\/wp-content\/uploads\/2025\/01\/Dra.-Antonia-Ivars-Pediatria-web.jpg","contentUrl":"https:\/\/www.hospitalsancarlos.es\/blog\/wp-content\/uploads\/2025\/01\/Dra.-Antonia-Ivars-Pediatria-web.jpg","width":1920,"height":1080},{"@type":"WebPage","@id":"https:\/\/www.hospitalsancarlos.es\/blog\/pediatria\/el-reflujo-gastroesofagico-y-las-alergias-alimentarias-en-lactantes-las-condiciones-mas-frecuentes-de-la-consulta-pediatrica\/#webpage","url":"https:\/\/www.hospitalsancarlos.es\/blog\/pediatria\/el-reflujo-gastroesofagico-y-las-alergias-alimentarias-en-lactantes-las-condiciones-mas-frecuentes-de-la-consulta-pediatrica\/","name":"El reflujo gastroesof\u00e1gico y las alergias alimentarias en lactantes: las condiciones m\u00e1s frecuentes de la consulta pedi\u00e1trica - Hospital San Carlos","isPartOf":{"@id":"https:\/\/www.hospitalsancarlos.es\/blog\/#website"},"primaryImageOfPage":{"@id":"https:\/\/www.hospitalsancarlos.es\/blog\/pediatria\/el-reflujo-gastroesofagico-y-las-alergias-alimentarias-en-lactantes-las-condiciones-mas-frecuentes-de-la-consulta-pediatrica\/#primaryimage"},"datePublished":"2025-01-24T16:24:34+00:00","dateModified":"2025-01-24T16:24:35+00:00","breadcrumb":{"@id":"https:\/\/www.hospitalsancarlos.es\/blog\/pediatria\/el-reflujo-gastroesofagico-y-las-alergias-alimentarias-en-lactantes-las-condiciones-mas-frecuentes-de-la-consulta-pediatrica\/#breadcrumb"},"inLanguage":"es","potentialAction":[{"@type":"ReadAction","target":["https:\/\/www.hospitalsancarlos.es\/blog\/pediatria\/el-reflujo-gastroesofagico-y-las-alergias-alimentarias-en-lactantes-las-condiciones-mas-frecuentes-de-la-consulta-pediatrica\/"]}]},{"@type":"BreadcrumbList","@id":"https:\/\/www.hospitalsancarlos.es\/blog\/pediatria\/el-reflujo-gastroesofagico-y-las-alergias-alimentarias-en-lactantes-las-condiciones-mas-frecuentes-de-la-consulta-pediatrica\/#breadcrumb","itemListElement":[{"@type":"ListItem","position":1,"name":"Portada","item":"https:\/\/www.hospitalsancarlos.es\/blog\/"},{"@type":"ListItem","position":2,"name":"El reflujo gastroesof\u00e1gico y las alergias alimentarias en lactantes: las condiciones m\u00e1s frecuentes de la consulta pedi\u00e1trica"}]},{"@type":"Article","@id":"https:\/\/www.hospitalsancarlos.es\/blog\/pediatria\/el-reflujo-gastroesofagico-y-las-alergias-alimentarias-en-lactantes-las-condiciones-mas-frecuentes-de-la-consulta-pediatrica\/#article","isPartOf":{"@id":"https:\/\/www.hospitalsancarlos.es\/blog\/pediatria\/el-reflujo-gastroesofagico-y-las-alergias-alimentarias-en-lactantes-las-condiciones-mas-frecuentes-de-la-consulta-pediatrica\/#webpage"},"author":{"@id":"https:\/\/www.hospitalsancarlos.es\/blog\/#\/schema\/person\/c1d5250fead0465bd1f1bfbc6e72b67e"},"headline":"El reflujo gastroesof\u00e1gico y las alergias alimentarias en lactantes: las condiciones m\u00e1s frecuentes de la consulta pedi\u00e1trica","datePublished":"2025-01-24T16:24:34+00:00","dateModified":"2025-01-24T16:24:35+00:00","mainEntityOfPage":{"@id":"https:\/\/www.hospitalsancarlos.es\/blog\/pediatria\/el-reflujo-gastroesofagico-y-las-alergias-alimentarias-en-lactantes-las-condiciones-mas-frecuentes-de-la-consulta-pediatrica\/#webpage"},"wordCount":734,"publisher":{"@id":"https:\/\/www.hospitalsancarlos.es\/blog\/#organization"},"image":{"@id":"https:\/\/www.hospitalsancarlos.es\/blog\/pediatria\/el-reflujo-gastroesofagico-y-las-alergias-alimentarias-en-lactantes-las-condiciones-mas-frecuentes-de-la-consulta-pediatrica\/#primaryimage"},"thumbnailUrl":"https:\/\/www.hospitalsancarlos.es\/blog\/wp-content\/uploads\/2025\/01\/Dra.-Antonia-Ivars-Pediatria-web.jpg","articleSection":["Actualidad","Pediatr\u00eda"],"inLanguage":"es"},{"@type":"Person","@id":"https:\/\/www.hospitalsancarlos.es\/blog\/#\/schema\/person\/c1d5250fead0465bd1f1bfbc6e72b67e","name":"cpeiro","image":{"@type":"ImageObject","@id":"https:\/\/www.hospitalsancarlos.es\/blog\/#personlogo","inLanguage":"es","url":"https:\/\/secure.gravatar.com\/avatar\/ccda9b15179fd1fab596469501706a8d4ab328c17627e4cd9c5752f0efc1aaed?s=96&d=mm&r=g","contentUrl":"https:\/\/secure.gravatar.com\/avatar\/ccda9b15179fd1fab596469501706a8d4ab328c17627e4cd9c5752f0efc1aaed?s=96&d=mm&r=g","caption":"cpeiro"}}]}},"_links":{"self":[{"href":"https:\/\/www.hospitalsancarlos.es\/blog\/wp-json\/wp\/v2\/posts\/1167","targetHints":{"allow":["GET"]}}],"collection":[{"href":"https:\/\/www.hospitalsancarlos.es\/blog\/wp-json\/wp\/v2\/posts"}],"about":[{"href":"https:\/\/www.hospitalsancarlos.es\/blog\/wp-json\/wp\/v2\/types\/post"}],"author":[{"embeddable":true,"href":"https:\/\/www.hospitalsancarlos.es\/blog\/wp-json\/wp\/v2\/users\/2"}],"replies":[{"embeddable":true,"href":"https:\/\/www.hospitalsancarlos.es\/blog\/wp-json\/wp\/v2\/comments?post=1167"}],"version-history":[{"count":2,"href":"https:\/\/www.hospitalsancarlos.es\/blog\/wp-json\/wp\/v2\/posts\/1167\/revisions"}],"predecessor-version":[{"id":1170,"href":"https:\/\/www.hospitalsancarlos.es\/blog\/wp-json\/wp\/v2\/posts\/1167\/revisions\/1170"}],"wp:featuredmedia":[{"embeddable":true,"href":"https:\/\/www.hospitalsancarlos.es\/blog\/wp-json\/wp\/v2\/media\/1168"}],"wp:attachment":[{"href":"https:\/\/www.hospitalsancarlos.es\/blog\/wp-json\/wp\/v2\/media?parent=1167"}],"wp:term":[{"taxonomy":"category","embeddable":true,"href":"https:\/\/www.hospitalsancarlos.es\/blog\/wp-json\/wp\/v2\/categories?post=1167"},{"taxonomy":"post_tag","embeddable":true,"href":"https:\/\/www.hospitalsancarlos.es\/blog\/wp-json\/wp\/v2\/tags?post=1167"}],"curies":[{"name":"wp","href":"https:\/\/api.w.org\/{rel}","templated":true}]}}