{"id":1105,"date":"2024-12-04T13:04:38","date_gmt":"2024-12-04T12:04:38","guid":{"rendered":"https:\/\/www.hospitalsancarlos.es\/blog\/?p=1105"},"modified":"2024-12-04T13:04:39","modified_gmt":"2024-12-04T12:04:39","slug":"el-hospital-hla-san-carlos-de-denia-se-une-a-la-marcha-solidaria-organizada-por-la-policia-nacional-en-apoyo-a-luca-afectado-por-el-sindrome-ifap","status":"publish","type":"post","link":"https:\/\/www.hospitalsancarlos.es\/blog\/actualidad\/el-hospital-hla-san-carlos-de-denia-se-une-a-la-marcha-solidaria-organizada-por-la-policia-nacional-en-apoyo-a-luca-afectado-por-el-sindrome-ifap\/","title":{"rendered":"El Hospital HLA San Carlos de Denia se une a la marcha solidaria organizada por la Polic\u00eda Nacional en apoyo a Luca, afectado por el s\u00edndrome IFAP"},"content":{"rendered":"\n<figure class=\"wp-block-image size-large\"><img loading=\"lazy\" decoding=\"async\" width=\"1024\" height=\"575\" src=\"https:\/\/www.hospitalsancarlos.es\/blog\/wp-content\/uploads\/2024\/12\/Dorsal-web-1024x575.jpg\" alt=\"\" class=\"wp-image-1106\" srcset=\"https:\/\/www.hospitalsancarlos.es\/blog\/wp-content\/uploads\/2024\/12\/Dorsal-web-1024x575.jpg 1024w, https:\/\/www.hospitalsancarlos.es\/blog\/wp-content\/uploads\/2024\/12\/Dorsal-web-300x169.jpg 300w, https:\/\/www.hospitalsancarlos.es\/blog\/wp-content\/uploads\/2024\/12\/Dorsal-web-768x432.jpg 768w, https:\/\/www.hospitalsancarlos.es\/blog\/wp-content\/uploads\/2024\/12\/Dorsal-web-1536x863.jpg 1536w, https:\/\/www.hospitalsancarlos.es\/blog\/wp-content\/uploads\/2024\/12\/Dorsal-web.jpg 1920w\" sizes=\"auto, (max-width: 1024px) 100vw, 1024px\" \/><\/figure>\n\n\n\n<div style=\"height:22px\" aria-hidden=\"true\" class=\"wp-block-spacer\"><\/div>\n\n\n\n<div class=\"wp-block-group is-nowrap is-layout-flex wp-container-core-group-is-layout-ad2f72ca wp-block-group-is-layout-flex\">\n<div style=\"height:22px;width:0px\" aria-hidden=\"true\" class=\"wp-block-spacer wp-container-content-d62f4c8e\"><\/div>\n\n\n\n<div class=\"wp-block-media-text is-stacked-on-mobile\" style=\"grid-template-columns:24% auto\"><figure class=\"wp-block-media-text__media\"><img loading=\"lazy\" decoding=\"async\" width=\"712\" height=\"1024\" src=\"https:\/\/www.hospitalsancarlos.es\/blog\/wp-content\/uploads\/2024\/12\/Participante-marcha-Denia-web-712x1024.jpg\" alt=\"\" class=\"wp-image-1107 size-full\" srcset=\"https:\/\/www.hospitalsancarlos.es\/blog\/wp-content\/uploads\/2024\/12\/Participante-marcha-Denia-web-712x1024.jpg 712w, https:\/\/www.hospitalsancarlos.es\/blog\/wp-content\/uploads\/2024\/12\/Participante-marcha-Denia-web-209x300.jpg 209w, https:\/\/www.hospitalsancarlos.es\/blog\/wp-content\/uploads\/2024\/12\/Participante-marcha-Denia-web.jpg 751w\" sizes=\"auto, (max-width: 712px) 100vw, 712px\" \/><\/figure><div class=\"wp-block-media-text__content\">\n<div style=\"height:16px\" aria-hidden=\"true\" class=\"wp-block-spacer\"><\/div>\n\n\n\n<p>El pasado fin de semana, la <strong>Polic\u00eda Nacional<\/strong> llev\u00f3 a cabo una emotiva y exitosa <strong>carrera solidaria<\/strong> en apoyo a Luca afectado con el <strong>s\u00edndrome de IFAP<\/strong>. La marcha tuvo lugar por las calles de <strong>Denia <\/strong>y logr\u00f3 reunir a cientos de participantes, entre ciudadanos, agentes de polic\u00eda y corredores aficionados, todos unidos bajo una causa com\u00fan: recaudar fondos para costear y mejorar la vida del peque\u00f1o. La Polic\u00eda Nacional, conocida por su cercan\u00eda y labor comunitaria, decidi\u00f3 organizar este evento deportivo como muestra de apoyo a Luca y a su familia.<\/p>\n\n\n\n<p>La carrera cont\u00f3 con diversas categor\u00edas para asegurar la participaci\u00f3n de personas de todas las edades. Desde un recorrido de 100 \u2013 200 \u2013 500 y 800 metros para los m\u00e1s peque\u00f1os hasta los 5 Km y 10 Km para los m\u00e1s mayores, el evento fue dise\u00f1ado como<strong> una jornada para toda la familia<\/strong>.<\/p>\n<\/div><\/div>\n<\/div>\n\n\n\n<div style=\"height:10px\" aria-hidden=\"true\" class=\"wp-block-spacer\"><\/div>\n\n\n\n<p>El <a href=\"https:\/\/www.hospitalsancarlos.es\/\"><strong>Hospital HLA San Carlos<\/strong><\/a> se une a la emotiva marcha solidaria organizada por la Polic\u00eda Nacional de Denia para <strong>apoyar al peque\u00f1o Luca<\/strong>. Desde el Hospital HLA San Carlos de Denia nos unimos en la gran iniciativa de apoyar a todos los afectados por el s\u00edndrome IFAP y por el resto de las enfermedades minoritarias.<\/p>\n\n\n\n<p>Nuestra m\u00e1s sincera enhorabuena a la Polic\u00eda Nacional y al resto de entidades colaboradoras por el <strong>enorme \u00e9xito<\/strong> en la organizaci\u00f3n del evento.<\/p>\n\n\n\n<div style=\"height:22px\" aria-hidden=\"true\" class=\"wp-block-spacer\"><\/div>\n\n\n\n<p><strong>Sobre Grupo Hospitalario HLA<\/strong><\/p>\n\n\n\n<p>El <a href=\"https:\/\/www.grupohla.com\/\">Grupo Hospitalario HLA<\/a> es uno de los mayores proveedores hospitalarios de Espa\u00f1a. Lo componen 18 hospitales y 38 centros m\u00e9dicos multiespecialidad con unidades de referencia en tratamientos de \u00faltima generaci\u00f3n, que trabajan de forma integrada para proporcionar acceso a una asistencia sanitaria de alto nivel.\u00a0<\/p>\n\n\n\n<p>Con 1.300 camas de hospitalizaci\u00f3n y m\u00e1s de 40 a\u00f1os de experiencia, HLA es un referente en la atenci\u00f3n hospitalaria y ambulatoria. Sus profesionales garantizan un modelo de atenci\u00f3n que se basa en la excelencia, la innovaci\u00f3n, la responsabilidad y un trato humano y cercano con el paciente<\/p>\n","protected":false},"excerpt":{"rendered":"<p>El pasado fin de semana, la Polic\u00eda Nacional llev\u00f3 a cabo una emotiva y exitosa carrera solidaria en apoyo a Luca afectado con el s\u00edndrome de IFAP. La marcha tuvo lugar por las calles&#46;&#46;&#46;<\/p>\n","protected":false},"author":2,"featured_media":1106,"comment_status":"closed","ping_status":"closed","sticky":false,"template":"","format":"standard","meta":{"footnotes":""},"categories":[24],"tags":[],"class_list":["post-1105","post","type-post","status-publish","format-standard","has-post-thumbnail","hentry","category-actualidad"],"yoast_head":"<!-- This site is optimized with the Yoast SEO plugin v17.2 - https:\/\/yoast.com\/wordpress\/plugins\/seo\/ -->\n<title>El Hospital HLA San Carlos de Denia se une a la marcha solidaria organizada por la Polic\u00eda Nacional en apoyo a Luca, afectado por el s\u00edndrome IFAP - Hospital San Carlos<\/title>\n<meta name=\"robots\" content=\"index, follow, max-snippet:-1, max-image-preview:large, max-video-preview:-1\" \/>\n<link rel=\"canonical\" href=\"https:\/\/www.hospitalsancarlos.es\/blog\/actualidad\/el-hospital-hla-san-carlos-de-denia-se-une-a-la-marcha-solidaria-organizada-por-la-policia-nacional-en-apoyo-a-luca-afectado-por-el-sindrome-ifap\/\" \/>\n<meta property=\"og:locale\" content=\"es_ES\" \/>\n<meta property=\"og:type\" content=\"article\" \/>\n<meta property=\"og:title\" content=\"El Hospital HLA San Carlos de Denia se une a la marcha solidaria organizada por la Polic\u00eda Nacional en apoyo a Luca, afectado por el s\u00edndrome IFAP - Hospital San Carlos\" \/>\n<meta property=\"og:description\" content=\"El pasado fin de semana, la Polic\u00eda Nacional llev\u00f3 a cabo una emotiva y exitosa carrera solidaria en apoyo a Luca afectado con el s\u00edndrome de IFAP. La marcha tuvo lugar por las calles&#046;&#046;&#046;\" \/>\n<meta property=\"og:url\" content=\"https:\/\/www.hospitalsancarlos.es\/blog\/actualidad\/el-hospital-hla-san-carlos-de-denia-se-une-a-la-marcha-solidaria-organizada-por-la-policia-nacional-en-apoyo-a-luca-afectado-por-el-sindrome-ifap\/\" \/>\n<meta property=\"og:site_name\" content=\"Hospital San Carlos\" \/>\n<meta property=\"article:published_time\" content=\"2024-12-04T12:04:38+00:00\" \/>\n<meta property=\"article:modified_time\" content=\"2024-12-04T12:04:39+00:00\" \/>\n<meta property=\"og:image\" content=\"https:\/\/www.hospitalsancarlos.es\/blog\/wp-content\/uploads\/2024\/12\/Dorsal-web.jpg\" \/>\n\t<meta property=\"og:image:width\" content=\"1920\" \/>\n\t<meta property=\"og:image:height\" content=\"1079\" \/>\n<meta name=\"twitter:card\" content=\"summary_large_image\" \/>\n<meta name=\"twitter:label1\" content=\"Escrito por\" \/>\n\t<meta name=\"twitter:data1\" content=\"cpeiro\" \/>\n\t<meta name=\"twitter:label2\" content=\"Tiempo de lectura\" \/>\n\t<meta name=\"twitter:data2\" content=\"2 minutos\" \/>\n<script type=\"application\/ld+json\" class=\"yoast-schema-graph\">{\"@context\":\"https:\/\/schema.org\",\"@graph\":[{\"@type\":\"Organization\",\"@id\":\"https:\/\/www.hospitalsancarlos.es\/blog\/#organization\",\"name\":\"Hospital San Carlos\",\"url\":\"https:\/\/www.hospitalsancarlos.es\/blog\/\",\"sameAs\":[],\"logo\":{\"@type\":\"ImageObject\",\"@id\":\"https:\/\/www.hospitalsancarlos.es\/blog\/#logo\",\"inLanguage\":\"es\",\"url\":\"https:\/\/www.hospitalsancarlos.es\/blog\/wp-content\/uploads\/2021\/09\/logo-sancarlos.png\",\"contentUrl\":\"https:\/\/www.hospitalsancarlos.es\/blog\/wp-content\/uploads\/2021\/09\/logo-sancarlos.png\",\"width\":320,\"height\":52,\"caption\":\"Hospital San Carlos\"},\"image\":{\"@id\":\"https:\/\/www.hospitalsancarlos.es\/blog\/#logo\"}},{\"@type\":\"WebSite\",\"@id\":\"https:\/\/www.hospitalsancarlos.es\/blog\/#website\",\"url\":\"https:\/\/www.hospitalsancarlos.es\/blog\/\",\"name\":\"Hospital San Carlos\",\"description\":\"Hospital en Denia referente en la Marina Alta\",\"publisher\":{\"@id\":\"https:\/\/www.hospitalsancarlos.es\/blog\/#organization\"},\"potentialAction\":[{\"@type\":\"SearchAction\",\"target\":{\"@type\":\"EntryPoint\",\"urlTemplate\":\"https:\/\/www.hospitalsancarlos.es\/blog\/?s={search_term_string}\"},\"query-input\":\"required name=search_term_string\"}],\"inLanguage\":\"es\"},{\"@type\":\"ImageObject\",\"@id\":\"https:\/\/www.hospitalsancarlos.es\/blog\/actualidad\/el-hospital-hla-san-carlos-de-denia-se-une-a-la-marcha-solidaria-organizada-por-la-policia-nacional-en-apoyo-a-luca-afectado-por-el-sindrome-ifap\/#primaryimage\",\"inLanguage\":\"es\",\"url\":\"https:\/\/www.hospitalsancarlos.es\/blog\/wp-content\/uploads\/2024\/12\/Dorsal-web.jpg\",\"contentUrl\":\"https:\/\/www.hospitalsancarlos.es\/blog\/wp-content\/uploads\/2024\/12\/Dorsal-web.jpg\",\"width\":1920,\"height\":1079},{\"@type\":\"WebPage\",\"@id\":\"https:\/\/www.hospitalsancarlos.es\/blog\/actualidad\/el-hospital-hla-san-carlos-de-denia-se-une-a-la-marcha-solidaria-organizada-por-la-policia-nacional-en-apoyo-a-luca-afectado-por-el-sindrome-ifap\/#webpage\",\"url\":\"https:\/\/www.hospitalsancarlos.es\/blog\/actualidad\/el-hospital-hla-san-carlos-de-denia-se-une-a-la-marcha-solidaria-organizada-por-la-policia-nacional-en-apoyo-a-luca-afectado-por-el-sindrome-ifap\/\",\"name\":\"El Hospital HLA San Carlos de Denia se une a la marcha solidaria organizada por la Polic\\u00eda Nacional en apoyo a Luca, afectado por el s\\u00edndrome IFAP - Hospital San Carlos\",\"isPartOf\":{\"@id\":\"https:\/\/www.hospitalsancarlos.es\/blog\/#website\"},\"primaryImageOfPage\":{\"@id\":\"https:\/\/www.hospitalsancarlos.es\/blog\/actualidad\/el-hospital-hla-san-carlos-de-denia-se-une-a-la-marcha-solidaria-organizada-por-la-policia-nacional-en-apoyo-a-luca-afectado-por-el-sindrome-ifap\/#primaryimage\"},\"datePublished\":\"2024-12-04T12:04:38+00:00\",\"dateModified\":\"2024-12-04T12:04:39+00:00\",\"breadcrumb\":{\"@id\":\"https:\/\/www.hospitalsancarlos.es\/blog\/actualidad\/el-hospital-hla-san-carlos-de-denia-se-une-a-la-marcha-solidaria-organizada-por-la-policia-nacional-en-apoyo-a-luca-afectado-por-el-sindrome-ifap\/#breadcrumb\"},\"inLanguage\":\"es\",\"potentialAction\":[{\"@type\":\"ReadAction\",\"target\":[\"https:\/\/www.hospitalsancarlos.es\/blog\/actualidad\/el-hospital-hla-san-carlos-de-denia-se-une-a-la-marcha-solidaria-organizada-por-la-policia-nacional-en-apoyo-a-luca-afectado-por-el-sindrome-ifap\/\"]}]},{\"@type\":\"BreadcrumbList\",\"@id\":\"https:\/\/www.hospitalsancarlos.es\/blog\/actualidad\/el-hospital-hla-san-carlos-de-denia-se-une-a-la-marcha-solidaria-organizada-por-la-policia-nacional-en-apoyo-a-luca-afectado-por-el-sindrome-ifap\/#breadcrumb\",\"itemListElement\":[{\"@type\":\"ListItem\",\"position\":1,\"name\":\"Portada\",\"item\":\"https:\/\/www.hospitalsancarlos.es\/blog\/\"},{\"@type\":\"ListItem\",\"position\":2,\"name\":\"El Hospital HLA San Carlos de Denia se une a la marcha solidaria organizada por la Polic\\u00eda Nacional en apoyo a Luca, afectado por el s\\u00edndrome IFAP\"}]},{\"@type\":\"Article\",\"@id\":\"https:\/\/www.hospitalsancarlos.es\/blog\/actualidad\/el-hospital-hla-san-carlos-de-denia-se-une-a-la-marcha-solidaria-organizada-por-la-policia-nacional-en-apoyo-a-luca-afectado-por-el-sindrome-ifap\/#article\",\"isPartOf\":{\"@id\":\"https:\/\/www.hospitalsancarlos.es\/blog\/actualidad\/el-hospital-hla-san-carlos-de-denia-se-une-a-la-marcha-solidaria-organizada-por-la-policia-nacional-en-apoyo-a-luca-afectado-por-el-sindrome-ifap\/#webpage\"},\"author\":{\"@id\":\"https:\/\/www.hospitalsancarlos.es\/blog\/#\/schema\/person\/c1d5250fead0465bd1f1bfbc6e72b67e\"},\"headline\":\"El Hospital HLA San Carlos de Denia se une a la marcha solidaria organizada por la Polic\\u00eda Nacional en apoyo a Luca, afectado por el s\\u00edndrome IFAP\",\"datePublished\":\"2024-12-04T12:04:38+00:00\",\"dateModified\":\"2024-12-04T12:04:39+00:00\",\"mainEntityOfPage\":{\"@id\":\"https:\/\/www.hospitalsancarlos.es\/blog\/actualidad\/el-hospital-hla-san-carlos-de-denia-se-une-a-la-marcha-solidaria-organizada-por-la-policia-nacional-en-apoyo-a-luca-afectado-por-el-sindrome-ifap\/#webpage\"},\"wordCount\":368,\"publisher\":{\"@id\":\"https:\/\/www.hospitalsancarlos.es\/blog\/#organization\"},\"image\":{\"@id\":\"https:\/\/www.hospitalsancarlos.es\/blog\/actualidad\/el-hospital-hla-san-carlos-de-denia-se-une-a-la-marcha-solidaria-organizada-por-la-policia-nacional-en-apoyo-a-luca-afectado-por-el-sindrome-ifap\/#primaryimage\"},\"thumbnailUrl\":\"https:\/\/www.hospitalsancarlos.es\/blog\/wp-content\/uploads\/2024\/12\/Dorsal-web.jpg\",\"articleSection\":[\"Actualidad\"],\"inLanguage\":\"es\"},{\"@type\":\"Person\",\"@id\":\"https:\/\/www.hospitalsancarlos.es\/blog\/#\/schema\/person\/c1d5250fead0465bd1f1bfbc6e72b67e\",\"name\":\"cpeiro\",\"image\":{\"@type\":\"ImageObject\",\"@id\":\"https:\/\/www.hospitalsancarlos.es\/blog\/#personlogo\",\"inLanguage\":\"es\",\"url\":\"https:\/\/secure.gravatar.com\/avatar\/ccda9b15179fd1fab596469501706a8d4ab328c17627e4cd9c5752f0efc1aaed?s=96&d=mm&r=g\",\"contentUrl\":\"https:\/\/secure.gravatar.com\/avatar\/ccda9b15179fd1fab596469501706a8d4ab328c17627e4cd9c5752f0efc1aaed?s=96&d=mm&r=g\",\"caption\":\"cpeiro\"}}]}<\/script>\n<!-- \/ Yoast SEO plugin. -->","yoast_head_json":{"title":"El Hospital HLA San Carlos de Denia se une a la marcha solidaria organizada por la Polic\u00eda Nacional en apoyo a Luca, afectado por el s\u00edndrome IFAP - Hospital San Carlos","robots":{"index":"index","follow":"follow","max-snippet":"max-snippet:-1","max-image-preview":"max-image-preview:large","max-video-preview":"max-video-preview:-1"},"canonical":"https:\/\/www.hospitalsancarlos.es\/blog\/actualidad\/el-hospital-hla-san-carlos-de-denia-se-une-a-la-marcha-solidaria-organizada-por-la-policia-nacional-en-apoyo-a-luca-afectado-por-el-sindrome-ifap\/","og_locale":"es_ES","og_type":"article","og_title":"El Hospital HLA San Carlos de Denia se une a la marcha solidaria organizada por la Polic\u00eda Nacional en apoyo a Luca, afectado por el s\u00edndrome IFAP - Hospital San Carlos","og_description":"El pasado fin de semana, la Polic\u00eda Nacional llev\u00f3 a cabo una emotiva y exitosa carrera solidaria en apoyo a Luca afectado con el s\u00edndrome de IFAP. La marcha tuvo lugar por las calles&#46;&#46;&#46;","og_url":"https:\/\/www.hospitalsancarlos.es\/blog\/actualidad\/el-hospital-hla-san-carlos-de-denia-se-une-a-la-marcha-solidaria-organizada-por-la-policia-nacional-en-apoyo-a-luca-afectado-por-el-sindrome-ifap\/","og_site_name":"Hospital San Carlos","article_published_time":"2024-12-04T12:04:38+00:00","article_modified_time":"2024-12-04T12:04:39+00:00","og_image":[{"width":1920,"height":1079,"filesize":119905,"url":"https:\/\/www.hospitalsancarlos.es\/blog\/wp-content\/uploads\/2024\/12\/Dorsal-web.jpg","path":"\/var\/www\/vhosts\/hospitalsancarlos.es\/httpdocs\/blog\/wp-content\/uploads\/2024\/12\/Dorsal-web.jpg","size":"full","id":1106,"alt":"","pixels":2071680,"type":"image\/jpeg"}],"twitter_card":"summary_large_image","twitter_misc":{"Escrito por":"cpeiro","Tiempo de lectura":"2 minutos"},"schema":{"@context":"https:\/\/schema.org","@graph":[{"@type":"Organization","@id":"https:\/\/www.hospitalsancarlos.es\/blog\/#organization","name":"Hospital San Carlos","url":"https:\/\/www.hospitalsancarlos.es\/blog\/","sameAs":[],"logo":{"@type":"ImageObject","@id":"https:\/\/www.hospitalsancarlos.es\/blog\/#logo","inLanguage":"es","url":"https:\/\/www.hospitalsancarlos.es\/blog\/wp-content\/uploads\/2021\/09\/logo-sancarlos.png","contentUrl":"https:\/\/www.hospitalsancarlos.es\/blog\/wp-content\/uploads\/2021\/09\/logo-sancarlos.png","width":320,"height":52,"caption":"Hospital San Carlos"},"image":{"@id":"https:\/\/www.hospitalsancarlos.es\/blog\/#logo"}},{"@type":"WebSite","@id":"https:\/\/www.hospitalsancarlos.es\/blog\/#website","url":"https:\/\/www.hospitalsancarlos.es\/blog\/","name":"Hospital San Carlos","description":"Hospital en Denia referente en la Marina Alta","publisher":{"@id":"https:\/\/www.hospitalsancarlos.es\/blog\/#organization"},"potentialAction":[{"@type":"SearchAction","target":{"@type":"EntryPoint","urlTemplate":"https:\/\/www.hospitalsancarlos.es\/blog\/?s={search_term_string}"},"query-input":"required name=search_term_string"}],"inLanguage":"es"},{"@type":"ImageObject","@id":"https:\/\/www.hospitalsancarlos.es\/blog\/actualidad\/el-hospital-hla-san-carlos-de-denia-se-une-a-la-marcha-solidaria-organizada-por-la-policia-nacional-en-apoyo-a-luca-afectado-por-el-sindrome-ifap\/#primaryimage","inLanguage":"es","url":"https:\/\/www.hospitalsancarlos.es\/blog\/wp-content\/uploads\/2024\/12\/Dorsal-web.jpg","contentUrl":"https:\/\/www.hospitalsancarlos.es\/blog\/wp-content\/uploads\/2024\/12\/Dorsal-web.jpg","width":1920,"height":1079},{"@type":"WebPage","@id":"https:\/\/www.hospitalsancarlos.es\/blog\/actualidad\/el-hospital-hla-san-carlos-de-denia-se-une-a-la-marcha-solidaria-organizada-por-la-policia-nacional-en-apoyo-a-luca-afectado-por-el-sindrome-ifap\/#webpage","url":"https:\/\/www.hospitalsancarlos.es\/blog\/actualidad\/el-hospital-hla-san-carlos-de-denia-se-une-a-la-marcha-solidaria-organizada-por-la-policia-nacional-en-apoyo-a-luca-afectado-por-el-sindrome-ifap\/","name":"El Hospital HLA San Carlos de Denia se une a la marcha solidaria organizada por la Polic\u00eda Nacional en apoyo a Luca, afectado por el s\u00edndrome IFAP - Hospital San Carlos","isPartOf":{"@id":"https:\/\/www.hospitalsancarlos.es\/blog\/#website"},"primaryImageOfPage":{"@id":"https:\/\/www.hospitalsancarlos.es\/blog\/actualidad\/el-hospital-hla-san-carlos-de-denia-se-une-a-la-marcha-solidaria-organizada-por-la-policia-nacional-en-apoyo-a-luca-afectado-por-el-sindrome-ifap\/#primaryimage"},"datePublished":"2024-12-04T12:04:38+00:00","dateModified":"2024-12-04T12:04:39+00:00","breadcrumb":{"@id":"https:\/\/www.hospitalsancarlos.es\/blog\/actualidad\/el-hospital-hla-san-carlos-de-denia-se-une-a-la-marcha-solidaria-organizada-por-la-policia-nacional-en-apoyo-a-luca-afectado-por-el-sindrome-ifap\/#breadcrumb"},"inLanguage":"es","potentialAction":[{"@type":"ReadAction","target":["https:\/\/www.hospitalsancarlos.es\/blog\/actualidad\/el-hospital-hla-san-carlos-de-denia-se-une-a-la-marcha-solidaria-organizada-por-la-policia-nacional-en-apoyo-a-luca-afectado-por-el-sindrome-ifap\/"]}]},{"@type":"BreadcrumbList","@id":"https:\/\/www.hospitalsancarlos.es\/blog\/actualidad\/el-hospital-hla-san-carlos-de-denia-se-une-a-la-marcha-solidaria-organizada-por-la-policia-nacional-en-apoyo-a-luca-afectado-por-el-sindrome-ifap\/#breadcrumb","itemListElement":[{"@type":"ListItem","position":1,"name":"Portada","item":"https:\/\/www.hospitalsancarlos.es\/blog\/"},{"@type":"ListItem","position":2,"name":"El Hospital HLA San Carlos de Denia se une a la marcha solidaria organizada por la Polic\u00eda Nacional en apoyo a Luca, afectado por el s\u00edndrome IFAP"}]},{"@type":"Article","@id":"https:\/\/www.hospitalsancarlos.es\/blog\/actualidad\/el-hospital-hla-san-carlos-de-denia-se-une-a-la-marcha-solidaria-organizada-por-la-policia-nacional-en-apoyo-a-luca-afectado-por-el-sindrome-ifap\/#article","isPartOf":{"@id":"https:\/\/www.hospitalsancarlos.es\/blog\/actualidad\/el-hospital-hla-san-carlos-de-denia-se-une-a-la-marcha-solidaria-organizada-por-la-policia-nacional-en-apoyo-a-luca-afectado-por-el-sindrome-ifap\/#webpage"},"author":{"@id":"https:\/\/www.hospitalsancarlos.es\/blog\/#\/schema\/person\/c1d5250fead0465bd1f1bfbc6e72b67e"},"headline":"El Hospital HLA San Carlos de Denia se une a la marcha solidaria organizada por la Polic\u00eda Nacional en apoyo a Luca, afectado por el s\u00edndrome IFAP","datePublished":"2024-12-04T12:04:38+00:00","dateModified":"2024-12-04T12:04:39+00:00","mainEntityOfPage":{"@id":"https:\/\/www.hospitalsancarlos.es\/blog\/actualidad\/el-hospital-hla-san-carlos-de-denia-se-une-a-la-marcha-solidaria-organizada-por-la-policia-nacional-en-apoyo-a-luca-afectado-por-el-sindrome-ifap\/#webpage"},"wordCount":368,"publisher":{"@id":"https:\/\/www.hospitalsancarlos.es\/blog\/#organization"},"image":{"@id":"https:\/\/www.hospitalsancarlos.es\/blog\/actualidad\/el-hospital-hla-san-carlos-de-denia-se-une-a-la-marcha-solidaria-organizada-por-la-policia-nacional-en-apoyo-a-luca-afectado-por-el-sindrome-ifap\/#primaryimage"},"thumbnailUrl":"https:\/\/www.hospitalsancarlos.es\/blog\/wp-content\/uploads\/2024\/12\/Dorsal-web.jpg","articleSection":["Actualidad"],"inLanguage":"es"},{"@type":"Person","@id":"https:\/\/www.hospitalsancarlos.es\/blog\/#\/schema\/person\/c1d5250fead0465bd1f1bfbc6e72b67e","name":"cpeiro","image":{"@type":"ImageObject","@id":"https:\/\/www.hospitalsancarlos.es\/blog\/#personlogo","inLanguage":"es","url":"https:\/\/secure.gravatar.com\/avatar\/ccda9b15179fd1fab596469501706a8d4ab328c17627e4cd9c5752f0efc1aaed?s=96&d=mm&r=g","contentUrl":"https:\/\/secure.gravatar.com\/avatar\/ccda9b15179fd1fab596469501706a8d4ab328c17627e4cd9c5752f0efc1aaed?s=96&d=mm&r=g","caption":"cpeiro"}}]}},"_links":{"self":[{"href":"https:\/\/www.hospitalsancarlos.es\/blog\/wp-json\/wp\/v2\/posts\/1105","targetHints":{"allow":["GET"]}}],"collection":[{"href":"https:\/\/www.hospitalsancarlos.es\/blog\/wp-json\/wp\/v2\/posts"}],"about":[{"href":"https:\/\/www.hospitalsancarlos.es\/blog\/wp-json\/wp\/v2\/types\/post"}],"author":[{"embeddable":true,"href":"https:\/\/www.hospitalsancarlos.es\/blog\/wp-json\/wp\/v2\/users\/2"}],"replies":[{"embeddable":true,"href":"https:\/\/www.hospitalsancarlos.es\/blog\/wp-json\/wp\/v2\/comments?post=1105"}],"version-history":[{"count":11,"href":"https:\/\/www.hospitalsancarlos.es\/blog\/wp-json\/wp\/v2\/posts\/1105\/revisions"}],"predecessor-version":[{"id":1118,"href":"https:\/\/www.hospitalsancarlos.es\/blog\/wp-json\/wp\/v2\/posts\/1105\/revisions\/1118"}],"wp:featuredmedia":[{"embeddable":true,"href":"https:\/\/www.hospitalsancarlos.es\/blog\/wp-json\/wp\/v2\/media\/1106"}],"wp:attachment":[{"href":"https:\/\/www.hospitalsancarlos.es\/blog\/wp-json\/wp\/v2\/media?parent=1105"}],"wp:term":[{"taxonomy":"category","embeddable":true,"href":"https:\/\/www.hospitalsancarlos.es\/blog\/wp-json\/wp\/v2\/categories?post=1105"},{"taxonomy":"post_tag","embeddable":true,"href":"https:\/\/www.hospitalsancarlos.es\/blog\/wp-json\/wp\/v2\/tags?post=1105"}],"curies":[{"name":"wp","href":"https:\/\/api.w.org\/{rel}","templated":true}]}}