{"id":1101,"date":"2024-12-01T10:00:00","date_gmt":"2024-12-01T09:00:00","guid":{"rendered":"https:\/\/www.hospitalsancarlos.es\/blog\/?p=1101"},"modified":"2024-11-29T15:14:48","modified_gmt":"2024-11-29T14:14:48","slug":"dia-mundial-del-sida-avances-medicos-en-la-prevencion-tratamiento-y-erradicacion-del-vih","status":"publish","type":"post","link":"https:\/\/www.hospitalsancarlos.es\/blog\/actualidad\/dia-mundial-del-sida-avances-medicos-en-la-prevencion-tratamiento-y-erradicacion-del-vih\/","title":{"rendered":"D\u00eda Mundial del SIDA: Avances m\u00e9dicos en la prevenci\u00f3n, tratamiento y erradicaci\u00f3n del VIH"},"content":{"rendered":"\n<figure class=\"wp-block-image size-large\"><img loading=\"lazy\" decoding=\"async\" width=\"1024\" height=\"576\" src=\"https:\/\/www.hospitalsancarlos.es\/blog\/wp-content\/uploads\/2024\/11\/Dia-mundial-SIDA-web-1-1024x576.jpg\" alt=\"\" class=\"wp-image-1103\" srcset=\"https:\/\/www.hospitalsancarlos.es\/blog\/wp-content\/uploads\/2024\/11\/Dia-mundial-SIDA-web-1-1024x576.jpg 1024w, https:\/\/www.hospitalsancarlos.es\/blog\/wp-content\/uploads\/2024\/11\/Dia-mundial-SIDA-web-1-300x169.jpg 300w, https:\/\/www.hospitalsancarlos.es\/blog\/wp-content\/uploads\/2024\/11\/Dia-mundial-SIDA-web-1-768x432.jpg 768w, https:\/\/www.hospitalsancarlos.es\/blog\/wp-content\/uploads\/2024\/11\/Dia-mundial-SIDA-web-1-1536x864.jpg 1536w, https:\/\/www.hospitalsancarlos.es\/blog\/wp-content\/uploads\/2024\/11\/Dia-mundial-SIDA-web-1.jpg 1920w\" sizes=\"auto, (max-width: 1024px) 100vw, 1024px\" \/><figcaption class=\"wp-element-caption\">1 de Diciembre, D\u00eda Mundial del SIDA<\/figcaption><\/figure>\n\n\n\n<p>Cada 1 de diciembre, celebramos el <strong>D\u00eda Mundial del SIDA<\/strong>, una oportunidad para reflexionar desde la perspectiva m\u00e9dica sobre los avances en el manejo del <strong>VIH<\/strong>, los desaf\u00edos actuales y las metas por alcanzar. 39 millones de personas viv\u00edan con el VIH en 2022, y a pesar de los avances en tratamientos, a\u00fan se producen 1,3 millones de nuevas infecciones al a\u00f1o. Desde su descubrimiento, la <strong>infecci\u00f3n de la inmunodeficiencia humana<\/strong> (VIH) ha transformado el panorama de la salud p\u00fablica global. Este d\u00eda sirve como recordatorio de la importancia de la investigaci\u00f3n m\u00e9dica, la prevenci\u00f3n, el diagn\u00f3stico temprano y el tratamiento efectivo para combatir esta epidemia.<\/p>\n\n\n\n<p>\u201cEl VIH es un retrovirus que ataca al <strong>sistema inmunitario<\/strong>, debilitando la capacidad del cuerpo para combatir infecciones y enfermedades. Si no se trata, el virus puede progresar al<strong> s\u00edndrome de inmunodeficiencia adquirida<\/strong> (SIDA), una condici\u00f3n grave caracterizada por infecciones oportunistas y ciertos tipos de c\u00e1ncer. Aunque a\u00fan no existe cura, los avances en tratamientos han cambiado significativamente el pron\u00f3stico de esta infecci\u00f3n. El diagn\u00f3stico temprano mediante pruebas de detecci\u00f3n es clave para iniciar un tratamiento oportuno y prevenir la progresi\u00f3n del VIH. Las pruebas m\u00e1s comunes incluyen an\u00e1lisis de anticuerpos, pruebas de ant\u00edgenos y m\u00e9todos m\u00e1s sofisticados como la PCR, que detecta material gen\u00e9tico del virus\u201d, explica el<strong> Dr. David Va\u00f1o<\/strong>, especialista en medicina interna del hospital <strong><a href=\"https:\/\/www.hospitalsancarlos.es\/\">HLA San Carlos de Denia<\/a><\/strong>.<\/p>\n\n\n\n<p>El desarrollo de los <strong>antirretrovirales<\/strong> (ARV) ha sido un hito en el manejo m\u00e9dico del VIH. Estas terapias suprimen la replicaci\u00f3n viral, permitiendo que el sistema inmunitario recupere su funci\u00f3n y reduciendo la carga viral a niveles indetectables. Esto no s\u00f3lo <strong>mejora la calidad de vida<\/strong> de los pacientes, sino que tambi\u00e9n <strong>previene la transmisi\u00f3n del virus<\/strong>.<\/p>\n\n\n\n<p>Desde el punto de vista m\u00e9dico, la prevenci\u00f3n del VIH incluye varias estrategias eficaces. El uso consistente de preservativos, la educaci\u00f3n sexual y las pruebas regulares son fundamentales. Adem\u00e1s, herramientas como la profilaxis preexposici\u00f3n (PrEP) y la profilaxis postexposici\u00f3n (PEP) han demostrado ser altamente eficaces para <strong>prevenir infecciones <\/strong>de alto riesgo. Tambi\u00e9n es crucial abordar la trasmisi\u00f3n vertical, es decir, de madre a hijo durante el embarazo, el parto o lactancia. Con la administraci\u00f3n de ARV a mujeres embarazadas y reci\u00e9n nacidos, este tipo de transmisi\u00f3n se ha reducido dr\u00e1sticamente en muchos pa\u00edses.<\/p>\n\n\n\n<p>El desarrollo de una <strong>vacuna contra la VIH <\/strong>sigue siendo un objetivo prioritario en la comunidad m\u00e9dica. Aunque los ensayos cl\u00ednicos han enfrentado desaf\u00edos, algunos estudios recientes muestran <strong>resultados prometedores<\/strong> en t\u00e9rminos de inmunizaci\u00f3n. Paralelamente, la investigaci\u00f3n sobre terapias gen\u00e9ticas y estrategias de erradicaci\u00f3n viral est\u00e1 avanzando, con casos documentados de curas funcionales en algunos pacientes mediante trasplantes de m\u00e9dula \u00f3sea.<\/p>\n\n\n\n<div style=\"height:20px\" aria-hidden=\"true\" class=\"wp-block-spacer\"><\/div>\n\n\n\n<p><strong>Sobre Grupo Hospitalario HLA<\/strong><\/p>\n\n\n\n<p>El <a href=\"https:\/\/www.grupohla.com\/\">Grupo Hospitalario HLA<\/a> es uno de los mayores proveedores hospitalarios de Espa\u00f1a. Lo componen 18 hospitales y 38 centros m\u00e9dicos multiespecialidad con unidades de referencia en tratamientos de \u00faltima generaci\u00f3n, que trabajan de forma integrada para proporcionar acceso a una asistencia sanitaria de alto nivel.\u00a0<\/p>\n\n\n\n<p>Con 1.300 camas de hospitalizaci\u00f3n y m\u00e1s de 40 a\u00f1os de experiencia, HLA es un referente en la atenci\u00f3n hospitalaria y ambulatoria. Sus profesionales garantizan un modelo de atenci\u00f3n que se basa en la excelencia, la innovaci\u00f3n, la responsabilidad y un trato humano y cercano con el paciente.&nbsp;<\/p>\n\n\n\n<p><\/p>\n","protected":false},"excerpt":{"rendered":"<p>Cada 1 de diciembre, celebramos el D\u00eda Mundial del SIDA, una oportunidad para reflexionar desde la perspectiva m\u00e9dica sobre los avances en el manejo del VIH, los desaf\u00edos actuales y las metas por alcanzar.&#46;&#46;&#46;<\/p>\n","protected":false},"author":2,"featured_media":1102,"comment_status":"closed","ping_status":"closed","sticky":false,"template":"","format":"standard","meta":{"footnotes":""},"categories":[24,48],"tags":[],"class_list":["post-1101","post","type-post","status-publish","format-standard","has-post-thumbnail","hentry","category-actualidad","category-medicina-interna"],"yoast_head":"<!-- This site is optimized with the Yoast SEO plugin v17.2 - https:\/\/yoast.com\/wordpress\/plugins\/seo\/ -->\n<title>D\u00eda Mundial del SIDA: Avances m\u00e9dicos en la prevenci\u00f3n, tratamiento y erradicaci\u00f3n del VIH - Hospital San Carlos<\/title>\n<meta name=\"robots\" content=\"index, follow, max-snippet:-1, max-image-preview:large, max-video-preview:-1\" \/>\n<link rel=\"canonical\" href=\"https:\/\/www.hospitalsancarlos.es\/blog\/actualidad\/dia-mundial-del-sida-avances-medicos-en-la-prevencion-tratamiento-y-erradicacion-del-vih\/\" \/>\n<meta property=\"og:locale\" content=\"es_ES\" \/>\n<meta property=\"og:type\" content=\"article\" \/>\n<meta property=\"og:title\" content=\"D\u00eda Mundial del SIDA: Avances m\u00e9dicos en la prevenci\u00f3n, tratamiento y erradicaci\u00f3n del VIH - Hospital San Carlos\" \/>\n<meta property=\"og:description\" content=\"Cada 1 de diciembre, celebramos el D\u00eda Mundial del SIDA, una oportunidad para reflexionar desde la perspectiva m\u00e9dica sobre los avances en el manejo del VIH, los desaf\u00edos actuales y las metas por alcanzar.&#046;&#046;&#046;\" \/>\n<meta property=\"og:url\" content=\"https:\/\/www.hospitalsancarlos.es\/blog\/actualidad\/dia-mundial-del-sida-avances-medicos-en-la-prevencion-tratamiento-y-erradicacion-del-vih\/\" \/>\n<meta property=\"og:site_name\" content=\"Hospital San Carlos\" \/>\n<meta property=\"article:published_time\" content=\"2024-12-01T09:00:00+00:00\" \/>\n<meta property=\"article:modified_time\" content=\"2024-11-29T14:14:48+00:00\" \/>\n<meta property=\"og:image\" content=\"https:\/\/www.hospitalsancarlos.es\/blog\/wp-content\/uploads\/2024\/11\/Dia-mundial-SIDA-web.jpg\" \/>\n\t<meta property=\"og:image:width\" content=\"1920\" \/>\n\t<meta property=\"og:image:height\" content=\"1080\" \/>\n<meta name=\"twitter:card\" content=\"summary_large_image\" \/>\n<meta name=\"twitter:label1\" content=\"Escrito por\" \/>\n\t<meta name=\"twitter:data1\" content=\"cpeiro\" \/>\n\t<meta name=\"twitter:label2\" content=\"Tiempo de lectura\" \/>\n\t<meta name=\"twitter:data2\" content=\"3 minutos\" \/>\n<script type=\"application\/ld+json\" class=\"yoast-schema-graph\">{\"@context\":\"https:\/\/schema.org\",\"@graph\":[{\"@type\":\"Organization\",\"@id\":\"https:\/\/www.hospitalsancarlos.es\/blog\/#organization\",\"name\":\"Hospital San Carlos\",\"url\":\"https:\/\/www.hospitalsancarlos.es\/blog\/\",\"sameAs\":[],\"logo\":{\"@type\":\"ImageObject\",\"@id\":\"https:\/\/www.hospitalsancarlos.es\/blog\/#logo\",\"inLanguage\":\"es\",\"url\":\"https:\/\/www.hospitalsancarlos.es\/blog\/wp-content\/uploads\/2021\/09\/logo-sancarlos.png\",\"contentUrl\":\"https:\/\/www.hospitalsancarlos.es\/blog\/wp-content\/uploads\/2021\/09\/logo-sancarlos.png\",\"width\":320,\"height\":52,\"caption\":\"Hospital San Carlos\"},\"image\":{\"@id\":\"https:\/\/www.hospitalsancarlos.es\/blog\/#logo\"}},{\"@type\":\"WebSite\",\"@id\":\"https:\/\/www.hospitalsancarlos.es\/blog\/#website\",\"url\":\"https:\/\/www.hospitalsancarlos.es\/blog\/\",\"name\":\"Hospital San Carlos\",\"description\":\"Hospital en Denia referente en la Marina Alta\",\"publisher\":{\"@id\":\"https:\/\/www.hospitalsancarlos.es\/blog\/#organization\"},\"potentialAction\":[{\"@type\":\"SearchAction\",\"target\":{\"@type\":\"EntryPoint\",\"urlTemplate\":\"https:\/\/www.hospitalsancarlos.es\/blog\/?s={search_term_string}\"},\"query-input\":\"required name=search_term_string\"}],\"inLanguage\":\"es\"},{\"@type\":\"ImageObject\",\"@id\":\"https:\/\/www.hospitalsancarlos.es\/blog\/actualidad\/dia-mundial-del-sida-avances-medicos-en-la-prevencion-tratamiento-y-erradicacion-del-vih\/#primaryimage\",\"inLanguage\":\"es\",\"url\":\"https:\/\/www.hospitalsancarlos.es\/blog\/wp-content\/uploads\/2024\/11\/Dia-mundial-SIDA-web.jpg\",\"contentUrl\":\"https:\/\/www.hospitalsancarlos.es\/blog\/wp-content\/uploads\/2024\/11\/Dia-mundial-SIDA-web.jpg\",\"width\":1920,\"height\":1080},{\"@type\":\"WebPage\",\"@id\":\"https:\/\/www.hospitalsancarlos.es\/blog\/actualidad\/dia-mundial-del-sida-avances-medicos-en-la-prevencion-tratamiento-y-erradicacion-del-vih\/#webpage\",\"url\":\"https:\/\/www.hospitalsancarlos.es\/blog\/actualidad\/dia-mundial-del-sida-avances-medicos-en-la-prevencion-tratamiento-y-erradicacion-del-vih\/\",\"name\":\"D\\u00eda Mundial del SIDA: Avances m\\u00e9dicos en la prevenci\\u00f3n, tratamiento y erradicaci\\u00f3n del VIH - Hospital San Carlos\",\"isPartOf\":{\"@id\":\"https:\/\/www.hospitalsancarlos.es\/blog\/#website\"},\"primaryImageOfPage\":{\"@id\":\"https:\/\/www.hospitalsancarlos.es\/blog\/actualidad\/dia-mundial-del-sida-avances-medicos-en-la-prevencion-tratamiento-y-erradicacion-del-vih\/#primaryimage\"},\"datePublished\":\"2024-12-01T09:00:00+00:00\",\"dateModified\":\"2024-11-29T14:14:48+00:00\",\"breadcrumb\":{\"@id\":\"https:\/\/www.hospitalsancarlos.es\/blog\/actualidad\/dia-mundial-del-sida-avances-medicos-en-la-prevencion-tratamiento-y-erradicacion-del-vih\/#breadcrumb\"},\"inLanguage\":\"es\",\"potentialAction\":[{\"@type\":\"ReadAction\",\"target\":[\"https:\/\/www.hospitalsancarlos.es\/blog\/actualidad\/dia-mundial-del-sida-avances-medicos-en-la-prevencion-tratamiento-y-erradicacion-del-vih\/\"]}]},{\"@type\":\"BreadcrumbList\",\"@id\":\"https:\/\/www.hospitalsancarlos.es\/blog\/actualidad\/dia-mundial-del-sida-avances-medicos-en-la-prevencion-tratamiento-y-erradicacion-del-vih\/#breadcrumb\",\"itemListElement\":[{\"@type\":\"ListItem\",\"position\":1,\"name\":\"Portada\",\"item\":\"https:\/\/www.hospitalsancarlos.es\/blog\/\"},{\"@type\":\"ListItem\",\"position\":2,\"name\":\"D\\u00eda Mundial del SIDA: Avances m\\u00e9dicos en la prevenci\\u00f3n, tratamiento y erradicaci\\u00f3n del VIH\"}]},{\"@type\":\"Article\",\"@id\":\"https:\/\/www.hospitalsancarlos.es\/blog\/actualidad\/dia-mundial-del-sida-avances-medicos-en-la-prevencion-tratamiento-y-erradicacion-del-vih\/#article\",\"isPartOf\":{\"@id\":\"https:\/\/www.hospitalsancarlos.es\/blog\/actualidad\/dia-mundial-del-sida-avances-medicos-en-la-prevencion-tratamiento-y-erradicacion-del-vih\/#webpage\"},\"author\":{\"@id\":\"https:\/\/www.hospitalsancarlos.es\/blog\/#\/schema\/person\/c1d5250fead0465bd1f1bfbc6e72b67e\"},\"headline\":\"D\\u00eda Mundial del SIDA: Avances m\\u00e9dicos en la prevenci\\u00f3n, tratamiento y erradicaci\\u00f3n del VIH\",\"datePublished\":\"2024-12-01T09:00:00+00:00\",\"dateModified\":\"2024-11-29T14:14:48+00:00\",\"mainEntityOfPage\":{\"@id\":\"https:\/\/www.hospitalsancarlos.es\/blog\/actualidad\/dia-mundial-del-sida-avances-medicos-en-la-prevencion-tratamiento-y-erradicacion-del-vih\/#webpage\"},\"wordCount\":622,\"publisher\":{\"@id\":\"https:\/\/www.hospitalsancarlos.es\/blog\/#organization\"},\"image\":{\"@id\":\"https:\/\/www.hospitalsancarlos.es\/blog\/actualidad\/dia-mundial-del-sida-avances-medicos-en-la-prevencion-tratamiento-y-erradicacion-del-vih\/#primaryimage\"},\"thumbnailUrl\":\"https:\/\/www.hospitalsancarlos.es\/blog\/wp-content\/uploads\/2024\/11\/Dia-mundial-SIDA-web.jpg\",\"articleSection\":[\"Actualidad\",\"Medicina Interna\"],\"inLanguage\":\"es\"},{\"@type\":\"Person\",\"@id\":\"https:\/\/www.hospitalsancarlos.es\/blog\/#\/schema\/person\/c1d5250fead0465bd1f1bfbc6e72b67e\",\"name\":\"cpeiro\",\"image\":{\"@type\":\"ImageObject\",\"@id\":\"https:\/\/www.hospitalsancarlos.es\/blog\/#personlogo\",\"inLanguage\":\"es\",\"url\":\"https:\/\/secure.gravatar.com\/avatar\/ccda9b15179fd1fab596469501706a8d4ab328c17627e4cd9c5752f0efc1aaed?s=96&d=mm&r=g\",\"contentUrl\":\"https:\/\/secure.gravatar.com\/avatar\/ccda9b15179fd1fab596469501706a8d4ab328c17627e4cd9c5752f0efc1aaed?s=96&d=mm&r=g\",\"caption\":\"cpeiro\"}}]}<\/script>\n<!-- \/ Yoast SEO plugin. -->","yoast_head_json":{"title":"D\u00eda Mundial del SIDA: Avances m\u00e9dicos en la prevenci\u00f3n, tratamiento y erradicaci\u00f3n del VIH - Hospital San Carlos","robots":{"index":"index","follow":"follow","max-snippet":"max-snippet:-1","max-image-preview":"max-image-preview:large","max-video-preview":"max-video-preview:-1"},"canonical":"https:\/\/www.hospitalsancarlos.es\/blog\/actualidad\/dia-mundial-del-sida-avances-medicos-en-la-prevencion-tratamiento-y-erradicacion-del-vih\/","og_locale":"es_ES","og_type":"article","og_title":"D\u00eda Mundial del SIDA: Avances m\u00e9dicos en la prevenci\u00f3n, tratamiento y erradicaci\u00f3n del VIH - Hospital San Carlos","og_description":"Cada 1 de diciembre, celebramos el D\u00eda Mundial del SIDA, una oportunidad para reflexionar desde la perspectiva m\u00e9dica sobre los avances en el manejo del VIH, los desaf\u00edos actuales y las metas por alcanzar.&#46;&#46;&#46;","og_url":"https:\/\/www.hospitalsancarlos.es\/blog\/actualidad\/dia-mundial-del-sida-avances-medicos-en-la-prevencion-tratamiento-y-erradicacion-del-vih\/","og_site_name":"Hospital San Carlos","article_published_time":"2024-12-01T09:00:00+00:00","article_modified_time":"2024-11-29T14:14:48+00:00","og_image":[{"width":1920,"height":1080,"filesize":104699,"url":"https:\/\/www.hospitalsancarlos.es\/blog\/wp-content\/uploads\/2024\/11\/Dia-mundial-SIDA-web.jpg","path":"\/var\/www\/vhosts\/hospitalsancarlos.es\/httpdocs\/blog\/wp-content\/uploads\/2024\/11\/Dia-mundial-SIDA-web.jpg","size":"full","id":1102,"alt":"","pixels":2073600,"type":"image\/jpeg"}],"twitter_card":"summary_large_image","twitter_misc":{"Escrito por":"cpeiro","Tiempo de lectura":"3 minutos"},"schema":{"@context":"https:\/\/schema.org","@graph":[{"@type":"Organization","@id":"https:\/\/www.hospitalsancarlos.es\/blog\/#organization","name":"Hospital San Carlos","url":"https:\/\/www.hospitalsancarlos.es\/blog\/","sameAs":[],"logo":{"@type":"ImageObject","@id":"https:\/\/www.hospitalsancarlos.es\/blog\/#logo","inLanguage":"es","url":"https:\/\/www.hospitalsancarlos.es\/blog\/wp-content\/uploads\/2021\/09\/logo-sancarlos.png","contentUrl":"https:\/\/www.hospitalsancarlos.es\/blog\/wp-content\/uploads\/2021\/09\/logo-sancarlos.png","width":320,"height":52,"caption":"Hospital San Carlos"},"image":{"@id":"https:\/\/www.hospitalsancarlos.es\/blog\/#logo"}},{"@type":"WebSite","@id":"https:\/\/www.hospitalsancarlos.es\/blog\/#website","url":"https:\/\/www.hospitalsancarlos.es\/blog\/","name":"Hospital San Carlos","description":"Hospital en Denia referente en la Marina Alta","publisher":{"@id":"https:\/\/www.hospitalsancarlos.es\/blog\/#organization"},"potentialAction":[{"@type":"SearchAction","target":{"@type":"EntryPoint","urlTemplate":"https:\/\/www.hospitalsancarlos.es\/blog\/?s={search_term_string}"},"query-input":"required name=search_term_string"}],"inLanguage":"es"},{"@type":"ImageObject","@id":"https:\/\/www.hospitalsancarlos.es\/blog\/actualidad\/dia-mundial-del-sida-avances-medicos-en-la-prevencion-tratamiento-y-erradicacion-del-vih\/#primaryimage","inLanguage":"es","url":"https:\/\/www.hospitalsancarlos.es\/blog\/wp-content\/uploads\/2024\/11\/Dia-mundial-SIDA-web.jpg","contentUrl":"https:\/\/www.hospitalsancarlos.es\/blog\/wp-content\/uploads\/2024\/11\/Dia-mundial-SIDA-web.jpg","width":1920,"height":1080},{"@type":"WebPage","@id":"https:\/\/www.hospitalsancarlos.es\/blog\/actualidad\/dia-mundial-del-sida-avances-medicos-en-la-prevencion-tratamiento-y-erradicacion-del-vih\/#webpage","url":"https:\/\/www.hospitalsancarlos.es\/blog\/actualidad\/dia-mundial-del-sida-avances-medicos-en-la-prevencion-tratamiento-y-erradicacion-del-vih\/","name":"D\u00eda Mundial del SIDA: Avances m\u00e9dicos en la prevenci\u00f3n, tratamiento y erradicaci\u00f3n del VIH - Hospital San Carlos","isPartOf":{"@id":"https:\/\/www.hospitalsancarlos.es\/blog\/#website"},"primaryImageOfPage":{"@id":"https:\/\/www.hospitalsancarlos.es\/blog\/actualidad\/dia-mundial-del-sida-avances-medicos-en-la-prevencion-tratamiento-y-erradicacion-del-vih\/#primaryimage"},"datePublished":"2024-12-01T09:00:00+00:00","dateModified":"2024-11-29T14:14:48+00:00","breadcrumb":{"@id":"https:\/\/www.hospitalsancarlos.es\/blog\/actualidad\/dia-mundial-del-sida-avances-medicos-en-la-prevencion-tratamiento-y-erradicacion-del-vih\/#breadcrumb"},"inLanguage":"es","potentialAction":[{"@type":"ReadAction","target":["https:\/\/www.hospitalsancarlos.es\/blog\/actualidad\/dia-mundial-del-sida-avances-medicos-en-la-prevencion-tratamiento-y-erradicacion-del-vih\/"]}]},{"@type":"BreadcrumbList","@id":"https:\/\/www.hospitalsancarlos.es\/blog\/actualidad\/dia-mundial-del-sida-avances-medicos-en-la-prevencion-tratamiento-y-erradicacion-del-vih\/#breadcrumb","itemListElement":[{"@type":"ListItem","position":1,"name":"Portada","item":"https:\/\/www.hospitalsancarlos.es\/blog\/"},{"@type":"ListItem","position":2,"name":"D\u00eda Mundial del SIDA: Avances m\u00e9dicos en la prevenci\u00f3n, tratamiento y erradicaci\u00f3n del VIH"}]},{"@type":"Article","@id":"https:\/\/www.hospitalsancarlos.es\/blog\/actualidad\/dia-mundial-del-sida-avances-medicos-en-la-prevencion-tratamiento-y-erradicacion-del-vih\/#article","isPartOf":{"@id":"https:\/\/www.hospitalsancarlos.es\/blog\/actualidad\/dia-mundial-del-sida-avances-medicos-en-la-prevencion-tratamiento-y-erradicacion-del-vih\/#webpage"},"author":{"@id":"https:\/\/www.hospitalsancarlos.es\/blog\/#\/schema\/person\/c1d5250fead0465bd1f1bfbc6e72b67e"},"headline":"D\u00eda Mundial del SIDA: Avances m\u00e9dicos en la prevenci\u00f3n, tratamiento y erradicaci\u00f3n del VIH","datePublished":"2024-12-01T09:00:00+00:00","dateModified":"2024-11-29T14:14:48+00:00","mainEntityOfPage":{"@id":"https:\/\/www.hospitalsancarlos.es\/blog\/actualidad\/dia-mundial-del-sida-avances-medicos-en-la-prevencion-tratamiento-y-erradicacion-del-vih\/#webpage"},"wordCount":622,"publisher":{"@id":"https:\/\/www.hospitalsancarlos.es\/blog\/#organization"},"image":{"@id":"https:\/\/www.hospitalsancarlos.es\/blog\/actualidad\/dia-mundial-del-sida-avances-medicos-en-la-prevencion-tratamiento-y-erradicacion-del-vih\/#primaryimage"},"thumbnailUrl":"https:\/\/www.hospitalsancarlos.es\/blog\/wp-content\/uploads\/2024\/11\/Dia-mundial-SIDA-web.jpg","articleSection":["Actualidad","Medicina Interna"],"inLanguage":"es"},{"@type":"Person","@id":"https:\/\/www.hospitalsancarlos.es\/blog\/#\/schema\/person\/c1d5250fead0465bd1f1bfbc6e72b67e","name":"cpeiro","image":{"@type":"ImageObject","@id":"https:\/\/www.hospitalsancarlos.es\/blog\/#personlogo","inLanguage":"es","url":"https:\/\/secure.gravatar.com\/avatar\/ccda9b15179fd1fab596469501706a8d4ab328c17627e4cd9c5752f0efc1aaed?s=96&d=mm&r=g","contentUrl":"https:\/\/secure.gravatar.com\/avatar\/ccda9b15179fd1fab596469501706a8d4ab328c17627e4cd9c5752f0efc1aaed?s=96&d=mm&r=g","caption":"cpeiro"}}]}},"_links":{"self":[{"href":"https:\/\/www.hospitalsancarlos.es\/blog\/wp-json\/wp\/v2\/posts\/1101","targetHints":{"allow":["GET"]}}],"collection":[{"href":"https:\/\/www.hospitalsancarlos.es\/blog\/wp-json\/wp\/v2\/posts"}],"about":[{"href":"https:\/\/www.hospitalsancarlos.es\/blog\/wp-json\/wp\/v2\/types\/post"}],"author":[{"embeddable":true,"href":"https:\/\/www.hospitalsancarlos.es\/blog\/wp-json\/wp\/v2\/users\/2"}],"replies":[{"embeddable":true,"href":"https:\/\/www.hospitalsancarlos.es\/blog\/wp-json\/wp\/v2\/comments?post=1101"}],"version-history":[{"count":1,"href":"https:\/\/www.hospitalsancarlos.es\/blog\/wp-json\/wp\/v2\/posts\/1101\/revisions"}],"predecessor-version":[{"id":1104,"href":"https:\/\/www.hospitalsancarlos.es\/blog\/wp-json\/wp\/v2\/posts\/1101\/revisions\/1104"}],"wp:featuredmedia":[{"embeddable":true,"href":"https:\/\/www.hospitalsancarlos.es\/blog\/wp-json\/wp\/v2\/media\/1102"}],"wp:attachment":[{"href":"https:\/\/www.hospitalsancarlos.es\/blog\/wp-json\/wp\/v2\/media?parent=1101"}],"wp:term":[{"taxonomy":"category","embeddable":true,"href":"https:\/\/www.hospitalsancarlos.es\/blog\/wp-json\/wp\/v2\/categories?post=1101"},{"taxonomy":"post_tag","embeddable":true,"href":"https:\/\/www.hospitalsancarlos.es\/blog\/wp-json\/wp\/v2\/tags?post=1101"}],"curies":[{"name":"wp","href":"https:\/\/api.w.org\/{rel}","templated":true}]}}