{"id":1092,"date":"2024-11-27T13:38:07","date_gmt":"2024-11-27T12:38:07","guid":{"rendered":"https:\/\/www.hospitalsancarlos.es\/blog\/?p=1092"},"modified":"2024-11-27T13:38:08","modified_gmt":"2024-11-27T12:38:08","slug":"la-diverticulitis-desde-el-punto-de-vista-del-endoscopista","status":"publish","type":"post","link":"https:\/\/www.hospitalsancarlos.es\/blog\/cirugia-general-y-aparato-digestivo\/la-diverticulitis-desde-el-punto-de-vista-del-endoscopista\/","title":{"rendered":"La diverticulitis desde el punto de vista del endoscopista"},"content":{"rendered":"\n<figure class=\"wp-block-image size-large\"><img loading=\"lazy\" decoding=\"async\" width=\"1024\" height=\"576\" src=\"https:\/\/www.hospitalsancarlos.es\/blog\/wp-content\/uploads\/2024\/11\/Diverticulitis-HLA-web-1-1024x576.jpg\" alt=\"\" class=\"wp-image-1094\" srcset=\"https:\/\/www.hospitalsancarlos.es\/blog\/wp-content\/uploads\/2024\/11\/Diverticulitis-HLA-web-1-1024x576.jpg 1024w, https:\/\/www.hospitalsancarlos.es\/blog\/wp-content\/uploads\/2024\/11\/Diverticulitis-HLA-web-1-300x169.jpg 300w, https:\/\/www.hospitalsancarlos.es\/blog\/wp-content\/uploads\/2024\/11\/Diverticulitis-HLA-web-1-768x432.jpg 768w, https:\/\/www.hospitalsancarlos.es\/blog\/wp-content\/uploads\/2024\/11\/Diverticulitis-HLA-web-1.jpg 1200w\" sizes=\"auto, (max-width: 1024px) 100vw, 1024px\" \/><\/figure>\n\n\n\n<div style=\"height:27px\" aria-hidden=\"true\" class=\"wp-block-spacer\"><\/div>\n\n\n\n<p>La diverticulitis, una complicaci\u00f3n inflamatoria o infecciosa de la <strong>diverticulosis<\/strong>, es una enfermedad de creciente relevancia en el campo de la <strong>gastroenterolog\u00eda<\/strong>. Desde la perspectiva del <strong>endoscopista<\/strong>, su abordaje incluye tanto la evaluaci\u00f3n inicial como el manejo de las complicaciones a trav\u00e9s de t\u00e9cnicas especializadas, aunque con limitaciones espec\u00edficas en la fase aguda de la enfermedad.<\/p>\n\n\n\n<p>El <strong>Dr. Ram\u00f3n de C\u00e1rdenas<\/strong>, endoscopista del <strong><a href=\"https:\/\/www.hospitalsancarlos.es\/\">Hospital HLA San Carlos de Denia<\/a><\/strong>, explica que, \u201cla funci\u00f3n del endoscopista en el manejo de la diverticulitis var\u00eda seg\u00fan el estadio de la enfermedad. Aunque la <strong>colonoscop\u00eda<\/strong> no es el m\u00e9todo de elecci\u00f3n durante la fase aguda, desempe\u00f1a un papel crucial en la evaluaci\u00f3n de la diverticulosis subyacente, el diagn\u00f3stico diferencial y el seguimiento. En el <strong>diagn\u00f3stico diferencial<\/strong>, la diverticulitis aguda puede simular cl\u00ednicamente otras afecciones, como neoplasias de colon, colitis isqu\u00e9mica o enfermedad inflamatoria intestinal. La colonoscop\u00eda, realizada una vez resuelta la fase aguda, permite descartar estas patolog\u00edas. Espec\u00edficamente el endoscopista busca <strong>signos de malignidad<\/strong>, <strong>estenosis o cambios inflamatorios residuales<\/strong>. En la <strong>evaluaci\u00f3n de diverticulosis, <\/strong>durante una <strong>colonoscop\u00eda programada<\/strong>, el endoscopista identifica y clasifica los divert\u00edculos. Su localizaci\u00f3n (generalmente en el colon sigmoide) y la cantidad son \u00fatiles para valorar el riesgo de futuros episodios de diverticulitis. Adem\u00e1s, se pueden hallar complicaciones asociadas a esta enfermedad, como son la estenosis por secuelas de episodios previos de diverticulitis que causan obstrucciones o hemorragias asociadas a divert\u00edculos que requieren <strong>control del sangrado<\/strong>\u201d.<\/p>\n\n\n\n<p>En un cuadro de diverticulitis aguda, la colonoscop\u00eda est\u00e1 contraindicada debido al riesgo de perforaci\u00f3n, ya que la pared intestinal est\u00e1 debilitada por la inflamaci\u00f3n. Por ello, los <strong>estudios endosc\u00f3picos<\/strong> suelen diferirse hasta que el paciente est\u00e9 cl\u00ednicamente estable, normalmente entre 6 y 8 semanas despu\u00e9s de la resoluci\u00f3n del episodio.<\/p>\n\n\n\n<p>En ciertos escenarios, el endoscopista puede usar procedimientos espec\u00edficos para tratar las complicaciones de la diverticulitis. Dentro de estos procedimientos encontramos ejemplos como el manejo de las <strong>f\u00edstulas col\u00f3nicas<\/strong>, tratadas mediante colocaci\u00f3n de pr\u00f3tesis (stents) a trav\u00e9s de la endoscopia, o el tratamiento de la hemorragia diverticular, donde el endoscopista puede aplicar t\u00e9cnicas como la ligadura con banda el\u00e1stica, inyecci\u00f3n de agentes hemost\u00e1ticos o termocoagulaci\u00f3n para detener el sangrado activo.<\/p>\n\n\n\n<div style=\"height:15px\" aria-hidden=\"true\" class=\"wp-block-spacer\"><\/div>\n\n\n<div class=\"wp-block-image\">\n<figure class=\"aligncenter size-full is-resized\"><img loading=\"lazy\" decoding=\"async\" width=\"1024\" height=\"576\" src=\"https:\/\/www.hospitalsancarlos.es\/blog\/wp-content\/uploads\/2024\/11\/Dr.-Ramon-de-Cardenas-2web.jpg\" alt=\"\" class=\"wp-image-1096\" style=\"width:844px;height:auto\" srcset=\"https:\/\/www.hospitalsancarlos.es\/blog\/wp-content\/uploads\/2024\/11\/Dr.-Ramon-de-Cardenas-2web.jpg 1024w, https:\/\/www.hospitalsancarlos.es\/blog\/wp-content\/uploads\/2024\/11\/Dr.-Ramon-de-Cardenas-2web-300x169.jpg 300w, https:\/\/www.hospitalsancarlos.es\/blog\/wp-content\/uploads\/2024\/11\/Dr.-Ramon-de-Cardenas-2web-768x432.jpg 768w\" sizes=\"auto, (max-width: 1024px) 100vw, 1024px\" \/><figcaption class=\"wp-element-caption\">Dr. Ram\u00f3n de C\u00e1rdenas, endoscopista del Hospital HLA San Carlos de Denia<\/figcaption><\/figure>\n<\/div>\n\n\n<div style=\"height:15px\" aria-hidden=\"true\" class=\"wp-block-spacer\"><\/div>\n\n\n\n<blockquote class=\"wp-block-quote is-layout-flow wp-block-quote-is-layout-flow\">\n<p>\u201cEl endoscopista juega un papel crucial en el seguimiento de los pacientes que han superado un episodio de diverticulitis aguda. Una colonoscop\u00eda de vigilancia tiene como objetivos principales confirmar la resoluci\u00f3n de la inflamaci\u00f3n e identificar lesiones subyacentes, que puedan haber sido enmascaradas por la inflamaci\u00f3n aguda o <strong>evaluar la necesidad de cirug\u00eda<\/strong> profil\u00e1ctica en casos de diverticulitis recurrente o complicada\u201d a\u00f1ade el Dr. Ram\u00f3n de C\u00e1rdenas.<\/p>\n<\/blockquote>\n\n\n\n<p>Desde el punto de vista del endoscopista, la diverticulitis es una condici\u00f3n multifac\u00e9tica que requiere un <strong>enfoque cuidadoso<\/strong>, especialmente en la elecci\u00f3n del momento adecuado para intervenir. Aunque las t\u00e9cnicas endosc\u00f3picas no suelen emplearse en la fase aguda, son esenciales para la evaluaci\u00f3n y el tratamiento de las <strong>complicaciones asociadas<\/strong>, as\u00ed como para el diagn\u00f3stico diferencial. Este rol destaca la importancia de una <strong>colaboraci\u00f3n multidisciplinaria<\/strong> en el manejo de la diverticulitis, con el objetivo de optimizar los resultados para el paciente.<\/p>\n\n\n\n<div style=\"height:27px\" aria-hidden=\"true\" class=\"wp-block-spacer\"><\/div>\n\n\n\n<p><strong>Sobre Grupo Hospitalario HLA<\/strong><br><br>El <a href=\"https:\/\/www.grupohla.com\/\" data-type=\"link\" data-id=\"https:\/\/www.grupohla.com\/\">Grupo Hospitalario HLA<\/a> es uno de los mayores proveedores hospitalarios de Espa\u00f1a. Lo componen 18 hospitales y 38 centros m\u00e9dicos multiespecialidad con unidades de referencia en tratamientos de \u00faltima generaci\u00f3n, que trabajan de forma integrada para proporcionar acceso a una asistencia sanitaria de alto nivel.\u00a0<\/p>\n\n\n\n<p>Con 1.300 camas de hospitalizaci\u00f3n y m\u00e1s de 40 a\u00f1os de experiencia, HLA es un referente en la atenci\u00f3n hospitalaria y ambulatoria. Sus profesionales garantizan un modelo de atenci\u00f3n que se basa en la excelencia, la innovaci\u00f3n, la responsabilidad y un trato humano y cercano con el paciente.&nbsp;<\/p>\n","protected":false},"excerpt":{"rendered":"<p>La diverticulitis, una complicaci\u00f3n inflamatoria o infecciosa de la diverticulosis, es una enfermedad de creciente relevancia en el campo de la gastroenterolog\u00eda. Desde la perspectiva del endoscopista, su abordaje incluye tanto la evaluaci\u00f3n inicial&#46;&#46;&#46;<\/p>\n","protected":false},"author":2,"featured_media":1093,"comment_status":"closed","ping_status":"closed","sticky":false,"template":"","format":"standard","meta":{"footnotes":""},"categories":[24,22],"tags":[],"class_list":["post-1092","post","type-post","status-publish","format-standard","has-post-thumbnail","hentry","category-actualidad","category-cirugia-general-y-aparato-digestivo"],"yoast_head":"<!-- This site is optimized with the Yoast SEO plugin v17.2 - https:\/\/yoast.com\/wordpress\/plugins\/seo\/ -->\n<title>La diverticulitis desde el punto de vista del endoscopista - Hospital San Carlos<\/title>\n<meta name=\"robots\" content=\"index, follow, max-snippet:-1, max-image-preview:large, max-video-preview:-1\" \/>\n<link rel=\"canonical\" href=\"https:\/\/www.hospitalsancarlos.es\/blog\/cirugia-general-y-aparato-digestivo\/la-diverticulitis-desde-el-punto-de-vista-del-endoscopista\/\" \/>\n<meta property=\"og:locale\" content=\"es_ES\" \/>\n<meta property=\"og:type\" content=\"article\" \/>\n<meta property=\"og:title\" content=\"La diverticulitis desde el punto de vista del endoscopista - Hospital San Carlos\" \/>\n<meta property=\"og:description\" content=\"La diverticulitis, una complicaci\u00f3n inflamatoria o infecciosa de la diverticulosis, es una enfermedad de creciente relevancia en el campo de la gastroenterolog\u00eda. Desde la perspectiva del endoscopista, su abordaje incluye tanto la evaluaci\u00f3n inicial&#046;&#046;&#046;\" \/>\n<meta property=\"og:url\" content=\"https:\/\/www.hospitalsancarlos.es\/blog\/cirugia-general-y-aparato-digestivo\/la-diverticulitis-desde-el-punto-de-vista-del-endoscopista\/\" \/>\n<meta property=\"og:site_name\" content=\"Hospital San Carlos\" \/>\n<meta property=\"article:published_time\" content=\"2024-11-27T12:38:07+00:00\" \/>\n<meta property=\"article:modified_time\" content=\"2024-11-27T12:38:08+00:00\" \/>\n<meta property=\"og:image\" content=\"https:\/\/www.hospitalsancarlos.es\/blog\/wp-content\/uploads\/2024\/11\/Diverticulitis-HLA-web.jpg\" \/>\n\t<meta property=\"og:image:width\" content=\"1200\" \/>\n\t<meta property=\"og:image:height\" content=\"675\" \/>\n<meta name=\"twitter:card\" content=\"summary_large_image\" \/>\n<meta name=\"twitter:label1\" content=\"Escrito por\" \/>\n\t<meta name=\"twitter:data1\" content=\"cpeiro\" \/>\n\t<meta name=\"twitter:label2\" content=\"Tiempo de lectura\" \/>\n\t<meta name=\"twitter:data2\" content=\"3 minutos\" \/>\n<script type=\"application\/ld+json\" class=\"yoast-schema-graph\">{\"@context\":\"https:\/\/schema.org\",\"@graph\":[{\"@type\":\"Organization\",\"@id\":\"https:\/\/www.hospitalsancarlos.es\/blog\/#organization\",\"name\":\"Hospital San Carlos\",\"url\":\"https:\/\/www.hospitalsancarlos.es\/blog\/\",\"sameAs\":[],\"logo\":{\"@type\":\"ImageObject\",\"@id\":\"https:\/\/www.hospitalsancarlos.es\/blog\/#logo\",\"inLanguage\":\"es\",\"url\":\"https:\/\/www.hospitalsancarlos.es\/blog\/wp-content\/uploads\/2021\/09\/logo-sancarlos.png\",\"contentUrl\":\"https:\/\/www.hospitalsancarlos.es\/blog\/wp-content\/uploads\/2021\/09\/logo-sancarlos.png\",\"width\":320,\"height\":52,\"caption\":\"Hospital San Carlos\"},\"image\":{\"@id\":\"https:\/\/www.hospitalsancarlos.es\/blog\/#logo\"}},{\"@type\":\"WebSite\",\"@id\":\"https:\/\/www.hospitalsancarlos.es\/blog\/#website\",\"url\":\"https:\/\/www.hospitalsancarlos.es\/blog\/\",\"name\":\"Hospital San Carlos\",\"description\":\"Hospital en Denia referente en la Marina Alta\",\"publisher\":{\"@id\":\"https:\/\/www.hospitalsancarlos.es\/blog\/#organization\"},\"potentialAction\":[{\"@type\":\"SearchAction\",\"target\":{\"@type\":\"EntryPoint\",\"urlTemplate\":\"https:\/\/www.hospitalsancarlos.es\/blog\/?s={search_term_string}\"},\"query-input\":\"required name=search_term_string\"}],\"inLanguage\":\"es\"},{\"@type\":\"ImageObject\",\"@id\":\"https:\/\/www.hospitalsancarlos.es\/blog\/cirugia-general-y-aparato-digestivo\/la-diverticulitis-desde-el-punto-de-vista-del-endoscopista\/#primaryimage\",\"inLanguage\":\"es\",\"url\":\"https:\/\/www.hospitalsancarlos.es\/blog\/wp-content\/uploads\/2024\/11\/Diverticulitis-HLA-web.jpg\",\"contentUrl\":\"https:\/\/www.hospitalsancarlos.es\/blog\/wp-content\/uploads\/2024\/11\/Diverticulitis-HLA-web.jpg\",\"width\":1200,\"height\":675},{\"@type\":\"WebPage\",\"@id\":\"https:\/\/www.hospitalsancarlos.es\/blog\/cirugia-general-y-aparato-digestivo\/la-diverticulitis-desde-el-punto-de-vista-del-endoscopista\/#webpage\",\"url\":\"https:\/\/www.hospitalsancarlos.es\/blog\/cirugia-general-y-aparato-digestivo\/la-diverticulitis-desde-el-punto-de-vista-del-endoscopista\/\",\"name\":\"La diverticulitis desde el punto de vista del endoscopista - Hospital San Carlos\",\"isPartOf\":{\"@id\":\"https:\/\/www.hospitalsancarlos.es\/blog\/#website\"},\"primaryImageOfPage\":{\"@id\":\"https:\/\/www.hospitalsancarlos.es\/blog\/cirugia-general-y-aparato-digestivo\/la-diverticulitis-desde-el-punto-de-vista-del-endoscopista\/#primaryimage\"},\"datePublished\":\"2024-11-27T12:38:07+00:00\",\"dateModified\":\"2024-11-27T12:38:08+00:00\",\"breadcrumb\":{\"@id\":\"https:\/\/www.hospitalsancarlos.es\/blog\/cirugia-general-y-aparato-digestivo\/la-diverticulitis-desde-el-punto-de-vista-del-endoscopista\/#breadcrumb\"},\"inLanguage\":\"es\",\"potentialAction\":[{\"@type\":\"ReadAction\",\"target\":[\"https:\/\/www.hospitalsancarlos.es\/blog\/cirugia-general-y-aparato-digestivo\/la-diverticulitis-desde-el-punto-de-vista-del-endoscopista\/\"]}]},{\"@type\":\"BreadcrumbList\",\"@id\":\"https:\/\/www.hospitalsancarlos.es\/blog\/cirugia-general-y-aparato-digestivo\/la-diverticulitis-desde-el-punto-de-vista-del-endoscopista\/#breadcrumb\",\"itemListElement\":[{\"@type\":\"ListItem\",\"position\":1,\"name\":\"Portada\",\"item\":\"https:\/\/www.hospitalsancarlos.es\/blog\/\"},{\"@type\":\"ListItem\",\"position\":2,\"name\":\"La diverticulitis desde el punto de vista del endoscopista\"}]},{\"@type\":\"Article\",\"@id\":\"https:\/\/www.hospitalsancarlos.es\/blog\/cirugia-general-y-aparato-digestivo\/la-diverticulitis-desde-el-punto-de-vista-del-endoscopista\/#article\",\"isPartOf\":{\"@id\":\"https:\/\/www.hospitalsancarlos.es\/blog\/cirugia-general-y-aparato-digestivo\/la-diverticulitis-desde-el-punto-de-vista-del-endoscopista\/#webpage\"},\"author\":{\"@id\":\"https:\/\/www.hospitalsancarlos.es\/blog\/#\/schema\/person\/c1d5250fead0465bd1f1bfbc6e72b67e\"},\"headline\":\"La diverticulitis desde el punto de vista del endoscopista\",\"datePublished\":\"2024-11-27T12:38:07+00:00\",\"dateModified\":\"2024-11-27T12:38:08+00:00\",\"mainEntityOfPage\":{\"@id\":\"https:\/\/www.hospitalsancarlos.es\/blog\/cirugia-general-y-aparato-digestivo\/la-diverticulitis-desde-el-punto-de-vista-del-endoscopista\/#webpage\"},\"wordCount\":692,\"publisher\":{\"@id\":\"https:\/\/www.hospitalsancarlos.es\/blog\/#organization\"},\"image\":{\"@id\":\"https:\/\/www.hospitalsancarlos.es\/blog\/cirugia-general-y-aparato-digestivo\/la-diverticulitis-desde-el-punto-de-vista-del-endoscopista\/#primaryimage\"},\"thumbnailUrl\":\"https:\/\/www.hospitalsancarlos.es\/blog\/wp-content\/uploads\/2024\/11\/Diverticulitis-HLA-web.jpg\",\"articleSection\":[\"Actualidad\",\"Cirug\\u00eda General y Aparato Digestivo\"],\"inLanguage\":\"es\"},{\"@type\":\"Person\",\"@id\":\"https:\/\/www.hospitalsancarlos.es\/blog\/#\/schema\/person\/c1d5250fead0465bd1f1bfbc6e72b67e\",\"name\":\"cpeiro\",\"image\":{\"@type\":\"ImageObject\",\"@id\":\"https:\/\/www.hospitalsancarlos.es\/blog\/#personlogo\",\"inLanguage\":\"es\",\"url\":\"https:\/\/secure.gravatar.com\/avatar\/ccda9b15179fd1fab596469501706a8d4ab328c17627e4cd9c5752f0efc1aaed?s=96&d=mm&r=g\",\"contentUrl\":\"https:\/\/secure.gravatar.com\/avatar\/ccda9b15179fd1fab596469501706a8d4ab328c17627e4cd9c5752f0efc1aaed?s=96&d=mm&r=g\",\"caption\":\"cpeiro\"}}]}<\/script>\n<!-- \/ Yoast SEO plugin. -->","yoast_head_json":{"title":"La diverticulitis desde el punto de vista del endoscopista - Hospital San Carlos","robots":{"index":"index","follow":"follow","max-snippet":"max-snippet:-1","max-image-preview":"max-image-preview:large","max-video-preview":"max-video-preview:-1"},"canonical":"https:\/\/www.hospitalsancarlos.es\/blog\/cirugia-general-y-aparato-digestivo\/la-diverticulitis-desde-el-punto-de-vista-del-endoscopista\/","og_locale":"es_ES","og_type":"article","og_title":"La diverticulitis desde el punto de vista del endoscopista - Hospital San Carlos","og_description":"La diverticulitis, una complicaci\u00f3n inflamatoria o infecciosa de la diverticulosis, es una enfermedad de creciente relevancia en el campo de la gastroenterolog\u00eda. Desde la perspectiva del endoscopista, su abordaje incluye tanto la evaluaci\u00f3n inicial&#46;&#46;&#46;","og_url":"https:\/\/www.hospitalsancarlos.es\/blog\/cirugia-general-y-aparato-digestivo\/la-diverticulitis-desde-el-punto-de-vista-del-endoscopista\/","og_site_name":"Hospital San Carlos","article_published_time":"2024-11-27T12:38:07+00:00","article_modified_time":"2024-11-27T12:38:08+00:00","og_image":[{"width":1200,"height":675,"filesize":105532,"url":"https:\/\/www.hospitalsancarlos.es\/blog\/wp-content\/uploads\/2024\/11\/Diverticulitis-HLA-web.jpg","path":"\/var\/www\/vhosts\/hospitalsancarlos.es\/httpdocs\/blog\/wp-content\/uploads\/2024\/11\/Diverticulitis-HLA-web.jpg","size":"full","id":1093,"alt":"","pixels":810000,"type":"image\/jpeg"}],"twitter_card":"summary_large_image","twitter_misc":{"Escrito por":"cpeiro","Tiempo de lectura":"3 minutos"},"schema":{"@context":"https:\/\/schema.org","@graph":[{"@type":"Organization","@id":"https:\/\/www.hospitalsancarlos.es\/blog\/#organization","name":"Hospital San Carlos","url":"https:\/\/www.hospitalsancarlos.es\/blog\/","sameAs":[],"logo":{"@type":"ImageObject","@id":"https:\/\/www.hospitalsancarlos.es\/blog\/#logo","inLanguage":"es","url":"https:\/\/www.hospitalsancarlos.es\/blog\/wp-content\/uploads\/2021\/09\/logo-sancarlos.png","contentUrl":"https:\/\/www.hospitalsancarlos.es\/blog\/wp-content\/uploads\/2021\/09\/logo-sancarlos.png","width":320,"height":52,"caption":"Hospital San Carlos"},"image":{"@id":"https:\/\/www.hospitalsancarlos.es\/blog\/#logo"}},{"@type":"WebSite","@id":"https:\/\/www.hospitalsancarlos.es\/blog\/#website","url":"https:\/\/www.hospitalsancarlos.es\/blog\/","name":"Hospital San Carlos","description":"Hospital en Denia referente en la Marina Alta","publisher":{"@id":"https:\/\/www.hospitalsancarlos.es\/blog\/#organization"},"potentialAction":[{"@type":"SearchAction","target":{"@type":"EntryPoint","urlTemplate":"https:\/\/www.hospitalsancarlos.es\/blog\/?s={search_term_string}"},"query-input":"required name=search_term_string"}],"inLanguage":"es"},{"@type":"ImageObject","@id":"https:\/\/www.hospitalsancarlos.es\/blog\/cirugia-general-y-aparato-digestivo\/la-diverticulitis-desde-el-punto-de-vista-del-endoscopista\/#primaryimage","inLanguage":"es","url":"https:\/\/www.hospitalsancarlos.es\/blog\/wp-content\/uploads\/2024\/11\/Diverticulitis-HLA-web.jpg","contentUrl":"https:\/\/www.hospitalsancarlos.es\/blog\/wp-content\/uploads\/2024\/11\/Diverticulitis-HLA-web.jpg","width":1200,"height":675},{"@type":"WebPage","@id":"https:\/\/www.hospitalsancarlos.es\/blog\/cirugia-general-y-aparato-digestivo\/la-diverticulitis-desde-el-punto-de-vista-del-endoscopista\/#webpage","url":"https:\/\/www.hospitalsancarlos.es\/blog\/cirugia-general-y-aparato-digestivo\/la-diverticulitis-desde-el-punto-de-vista-del-endoscopista\/","name":"La diverticulitis desde el punto de vista del endoscopista - Hospital San Carlos","isPartOf":{"@id":"https:\/\/www.hospitalsancarlos.es\/blog\/#website"},"primaryImageOfPage":{"@id":"https:\/\/www.hospitalsancarlos.es\/blog\/cirugia-general-y-aparato-digestivo\/la-diverticulitis-desde-el-punto-de-vista-del-endoscopista\/#primaryimage"},"datePublished":"2024-11-27T12:38:07+00:00","dateModified":"2024-11-27T12:38:08+00:00","breadcrumb":{"@id":"https:\/\/www.hospitalsancarlos.es\/blog\/cirugia-general-y-aparato-digestivo\/la-diverticulitis-desde-el-punto-de-vista-del-endoscopista\/#breadcrumb"},"inLanguage":"es","potentialAction":[{"@type":"ReadAction","target":["https:\/\/www.hospitalsancarlos.es\/blog\/cirugia-general-y-aparato-digestivo\/la-diverticulitis-desde-el-punto-de-vista-del-endoscopista\/"]}]},{"@type":"BreadcrumbList","@id":"https:\/\/www.hospitalsancarlos.es\/blog\/cirugia-general-y-aparato-digestivo\/la-diverticulitis-desde-el-punto-de-vista-del-endoscopista\/#breadcrumb","itemListElement":[{"@type":"ListItem","position":1,"name":"Portada","item":"https:\/\/www.hospitalsancarlos.es\/blog\/"},{"@type":"ListItem","position":2,"name":"La diverticulitis desde el punto de vista del endoscopista"}]},{"@type":"Article","@id":"https:\/\/www.hospitalsancarlos.es\/blog\/cirugia-general-y-aparato-digestivo\/la-diverticulitis-desde-el-punto-de-vista-del-endoscopista\/#article","isPartOf":{"@id":"https:\/\/www.hospitalsancarlos.es\/blog\/cirugia-general-y-aparato-digestivo\/la-diverticulitis-desde-el-punto-de-vista-del-endoscopista\/#webpage"},"author":{"@id":"https:\/\/www.hospitalsancarlos.es\/blog\/#\/schema\/person\/c1d5250fead0465bd1f1bfbc6e72b67e"},"headline":"La diverticulitis desde el punto de vista del endoscopista","datePublished":"2024-11-27T12:38:07+00:00","dateModified":"2024-11-27T12:38:08+00:00","mainEntityOfPage":{"@id":"https:\/\/www.hospitalsancarlos.es\/blog\/cirugia-general-y-aparato-digestivo\/la-diverticulitis-desde-el-punto-de-vista-del-endoscopista\/#webpage"},"wordCount":692,"publisher":{"@id":"https:\/\/www.hospitalsancarlos.es\/blog\/#organization"},"image":{"@id":"https:\/\/www.hospitalsancarlos.es\/blog\/cirugia-general-y-aparato-digestivo\/la-diverticulitis-desde-el-punto-de-vista-del-endoscopista\/#primaryimage"},"thumbnailUrl":"https:\/\/www.hospitalsancarlos.es\/blog\/wp-content\/uploads\/2024\/11\/Diverticulitis-HLA-web.jpg","articleSection":["Actualidad","Cirug\u00eda General y Aparato Digestivo"],"inLanguage":"es"},{"@type":"Person","@id":"https:\/\/www.hospitalsancarlos.es\/blog\/#\/schema\/person\/c1d5250fead0465bd1f1bfbc6e72b67e","name":"cpeiro","image":{"@type":"ImageObject","@id":"https:\/\/www.hospitalsancarlos.es\/blog\/#personlogo","inLanguage":"es","url":"https:\/\/secure.gravatar.com\/avatar\/ccda9b15179fd1fab596469501706a8d4ab328c17627e4cd9c5752f0efc1aaed?s=96&d=mm&r=g","contentUrl":"https:\/\/secure.gravatar.com\/avatar\/ccda9b15179fd1fab596469501706a8d4ab328c17627e4cd9c5752f0efc1aaed?s=96&d=mm&r=g","caption":"cpeiro"}}]}},"_links":{"self":[{"href":"https:\/\/www.hospitalsancarlos.es\/blog\/wp-json\/wp\/v2\/posts\/1092","targetHints":{"allow":["GET"]}}],"collection":[{"href":"https:\/\/www.hospitalsancarlos.es\/blog\/wp-json\/wp\/v2\/posts"}],"about":[{"href":"https:\/\/www.hospitalsancarlos.es\/blog\/wp-json\/wp\/v2\/types\/post"}],"author":[{"embeddable":true,"href":"https:\/\/www.hospitalsancarlos.es\/blog\/wp-json\/wp\/v2\/users\/2"}],"replies":[{"embeddable":true,"href":"https:\/\/www.hospitalsancarlos.es\/blog\/wp-json\/wp\/v2\/comments?post=1092"}],"version-history":[{"count":3,"href":"https:\/\/www.hospitalsancarlos.es\/blog\/wp-json\/wp\/v2\/posts\/1092\/revisions"}],"predecessor-version":[{"id":1098,"href":"https:\/\/www.hospitalsancarlos.es\/blog\/wp-json\/wp\/v2\/posts\/1092\/revisions\/1098"}],"wp:featuredmedia":[{"embeddable":true,"href":"https:\/\/www.hospitalsancarlos.es\/blog\/wp-json\/wp\/v2\/media\/1093"}],"wp:attachment":[{"href":"https:\/\/www.hospitalsancarlos.es\/blog\/wp-json\/wp\/v2\/media?parent=1092"}],"wp:term":[{"taxonomy":"category","embeddable":true,"href":"https:\/\/www.hospitalsancarlos.es\/blog\/wp-json\/wp\/v2\/categories?post=1092"},{"taxonomy":"post_tag","embeddable":true,"href":"https:\/\/www.hospitalsancarlos.es\/blog\/wp-json\/wp\/v2\/tags?post=1092"}],"curies":[{"name":"wp","href":"https:\/\/api.w.org\/{rel}","templated":true}]}}