{"id":1042,"date":"2024-11-08T11:42:57","date_gmt":"2024-11-08T10:42:57","guid":{"rendered":"https:\/\/www.hospitalsancarlos.es\/blog\/?p=1042"},"modified":"2024-11-14T10:43:44","modified_gmt":"2024-11-14T09:43:44","slug":"hla-centro-medico-san-carlos-de-javea-refuerza-la-especialidad-de-medicina-familiar-con-la-incorporacion-del-dr-rafael-gomez-ferrer","status":"publish","type":"post","link":"https:\/\/www.hospitalsancarlos.es\/blog\/actualidad\/hla-centro-medico-san-carlos-de-javea-refuerza-la-especialidad-de-medicina-familiar-con-la-incorporacion-del-dr-rafael-gomez-ferrer\/","title":{"rendered":"HLA Centro M\u00e9dico San Carlos de J\u00e1vea refuerza la especialidad de medicina familiar con la incorporaci\u00f3n del Dr. Rafael G\u00f3mez-Ferrer"},"content":{"rendered":"\n<p><br><em>El experto ha destacado la importancia de la medicina de familia por su contribuci\u00f3n a mejorar la calidad de vida, reduciendo la necesidad de tratamientos especializados.<\/em><\/p>\n\n\n\n<figure class=\"wp-block-image size-full is-resized\"><img loading=\"lazy\" decoding=\"async\" width=\"1024\" height=\"576\" src=\"https:\/\/www.hospitalsancarlos.es\/blog\/wp-content\/uploads\/2024\/11\/Dr-Ferrer-Gomez2-web.jpg\" alt=\"\" class=\"wp-image-1043\" style=\"width:956px;height:auto\" srcset=\"https:\/\/www.hospitalsancarlos.es\/blog\/wp-content\/uploads\/2024\/11\/Dr-Ferrer-Gomez2-web.jpg 1024w, https:\/\/www.hospitalsancarlos.es\/blog\/wp-content\/uploads\/2024\/11\/Dr-Ferrer-Gomez2-web-300x169.jpg 300w, https:\/\/www.hospitalsancarlos.es\/blog\/wp-content\/uploads\/2024\/11\/Dr-Ferrer-Gomez2-web-768x432.jpg 768w\" sizes=\"auto, (max-width: 1024px) 100vw, 1024px\" \/><\/figure>\n\n\n\n<div style=\"height:20px\" aria-hidden=\"true\" class=\"wp-block-spacer\"><\/div>\n\n\n\n<p><br>El <a href=\"https:\/\/www.grupohla.com\/hlacmjavea\"><strong>HLA Centro M\u00e9dico J\u00e1vea<\/strong><\/a>, centro de especialidades del <a href=\"https:\/\/www.hospitalsancarlos.es\/\">Hospital HLA San Carlos de Denia<\/a>, ha incorporado al <strong>Dr. Rafael G\u00f3mez-Ferrer<\/strong> como <strong>especialista en medicina familiar<\/strong>. El profesional se licenci\u00f3 en Medicina y Cirug\u00eda General por la Universidad de Valencia en el a\u00f1o 1999. En el a\u00f1o 2014 realiz\u00f3 un M\u00e1ster en Seguridad del Paciente y Calidad Asistencial por la Universidad Miguel Hern\u00e1ndez y es, adem\u00e1s, Experto Universitario en Insuficiencia Cardiaca para Atenci\u00f3n Primaria por la Universidad De Francisco de Vitoria de Madrid.<br><br>El Dr. G\u00f3mez-Ferrer realiz\u00f3 su residencia entre 1999 y 2007 en diferentes hospitales de Inglaterra, primero en Cirug\u00eda Ortop\u00e9dica y Traumatolog\u00eda obteniendo el Membership of the Royal College of Surgeons of Glasgow (MRCS) en 2004 y posteriormente el Membership of the Royal College of General Practitioners de Londres (MRCGP).<br><br>El Dr. G\u00f3mez-Ferrer<strong> cuenta con una larga trayectoria como m\u00e9dico de atenci\u00f3n primaria<\/strong>; despu\u00e9s de especializarse, trabaj\u00f3 como m\u00e9dico de familia en el hospital The Croach Oak Family Practice de Addlestone, Inglaterra. Ya en Espa\u00f1a, fue director m\u00e9dico del Hospital Acuario de Beniarbeig. Tambi\u00e9n fue coordinador del Centro de Salud de Ondara durante 12 a\u00f1os, labor que compagin\u00f3 con su trabajo como director de Atenci\u00f3n Primaria del departamento de salud de Denia durante tres a\u00f1os. Por \u00faltimo, el Dr. G\u00f3mez-Ferrer trabaj\u00f3 como m\u00e9dico de familia en el Centro de Salud de Altea.<\/p>\n\n\n\n<p>En palabras del especialista, \u201cla medicina familiar es una especialidad m\u00e9dica que<strong> se enfoca en la atenci\u00f3n integral y continua de personas de todas las edades<\/strong>, abordando temas de salud tanto f\u00edsicos como emocionales. Los m\u00e9dicos de familia somos especialistas en prevenir, diagnosticar y tratar una amplia gama de enfermedades comunes, promoviendo el bienestar general del paciente y su entorno familiar\u201d.<\/p>\n\n\n\n<blockquote class=\"wp-block-quote is-layout-flow wp-block-quote-is-layout-flow\">\n<p>\u201cA diferencia de otras especialidades, la medicina familiar adopta un enfoque hol\u00edstico, <strong>considerando el contexto familiar y social del paciente<\/strong> en el manejo de su salud. Este tipo de atenci\u00f3n es clave para el sistema de salud, ya que ayuda a reducir la necesidad de tratamientos especializados y a mejorar la calidad de vida a largo plazo. La<strong> relaci\u00f3n de confianza entre el m\u00e9dico de familia y el paciente<\/strong> es fundamental para el \u00e9xito de esta especialidad, favoreciendo la detecci\u00f3n temprana de problemas y la adherencia a tratamientos\u201d, a\u00f1ade.<\/p>\n<\/blockquote>\n\n\n\n<p>Con esta nueva incorporaci\u00f3n,<strong> HLA Centro M\u00e9dico J\u00e1vea<\/strong> junto con el Hospital HLA San Carlos de Denia, <strong>refuerzan su apuesta por el crecimiento<\/strong>. El centro de especialidades dispone de seis consultas de diferentes especialidades, siendo las \u00faltimas en incorporarse la de Pediatr\u00eda, Ginecolog\u00eda, Oftalmolog\u00eda y el Diagn\u00f3stico por Imagen.<\/p>\n\n\n\n<div style=\"height:18px\" aria-hidden=\"true\" class=\"wp-block-spacer\"><\/div>\n\n\n\n<p><strong>Sobre Grupo Hospitalario HLA<\/strong><\/p>\n\n\n\n<p>El <a href=\"https:\/\/www.grupohla.com\/\">Grupo Hospitalario HLA<\/a> es uno de los mayores proveedores hospitalarios de Espa\u00f1a. Lo componen 18 hospitales y 35 centros m\u00e9dicos multiespecialidad con unidades de referencia en tratamientos de \u00faltima generaci\u00f3n, que trabajan de forma integrada para proporcionar acceso a una asistencia sanitaria de alto nivel.\u00a0<\/p>\n\n\n\n<p>Con 1.300 plazas de hospitalizaci\u00f3n y 40 a\u00f1os de experiencia, HLA es un referente en la atenci\u00f3n hospitalaria y ambulatoria. Sus profesionales garantizan un modelo de atenci\u00f3n que se basa en la excelencia, la innovaci\u00f3n, la responsabilidad y un trato humano y cercano con el paciente.&nbsp;<br><\/p>\n","protected":false},"excerpt":{"rendered":"<p>El experto ha destacado la importancia de la medicina de familia por su contribuci\u00f3n a mejorar la calidad de vida, reduciendo la necesidad de tratamientos especializados. El HLA Centro M\u00e9dico J\u00e1vea, centro de especialidades&#46;&#46;&#46;<\/p>\n","protected":false},"author":2,"featured_media":1043,"comment_status":"closed","ping_status":"closed","sticky":false,"template":"","format":"standard","meta":{"footnotes":""},"categories":[24],"tags":[],"class_list":["post-1042","post","type-post","status-publish","format-standard","has-post-thumbnail","hentry","category-actualidad"],"yoast_head":"<!-- This site is optimized with the Yoast SEO plugin v17.2 - https:\/\/yoast.com\/wordpress\/plugins\/seo\/ -->\n<title>HLA Centro M\u00e9dico San Carlos de J\u00e1vea refuerza la especialidad de medicina familiar con la incorporaci\u00f3n del Dr. Rafael G\u00f3mez-Ferrer - Hospital San Carlos<\/title>\n<meta name=\"robots\" content=\"index, follow, max-snippet:-1, max-image-preview:large, max-video-preview:-1\" \/>\n<link rel=\"canonical\" href=\"https:\/\/www.hospitalsancarlos.es\/blog\/actualidad\/hla-centro-medico-san-carlos-de-javea-refuerza-la-especialidad-de-medicina-familiar-con-la-incorporacion-del-dr-rafael-gomez-ferrer\/\" \/>\n<meta property=\"og:locale\" content=\"es_ES\" \/>\n<meta property=\"og:type\" content=\"article\" \/>\n<meta property=\"og:title\" content=\"HLA Centro M\u00e9dico San Carlos de J\u00e1vea refuerza la especialidad de medicina familiar con la incorporaci\u00f3n del Dr. Rafael G\u00f3mez-Ferrer - Hospital San Carlos\" \/>\n<meta property=\"og:description\" content=\"El experto ha destacado la importancia de la medicina de familia por su contribuci\u00f3n a mejorar la calidad de vida, reduciendo la necesidad de tratamientos especializados. El HLA Centro M\u00e9dico J\u00e1vea, centro de especialidades&#046;&#046;&#046;\" \/>\n<meta property=\"og:url\" content=\"https:\/\/www.hospitalsancarlos.es\/blog\/actualidad\/hla-centro-medico-san-carlos-de-javea-refuerza-la-especialidad-de-medicina-familiar-con-la-incorporacion-del-dr-rafael-gomez-ferrer\/\" \/>\n<meta property=\"og:site_name\" content=\"Hospital San Carlos\" \/>\n<meta property=\"article:published_time\" content=\"2024-11-08T10:42:57+00:00\" \/>\n<meta property=\"article:modified_time\" content=\"2024-11-14T09:43:44+00:00\" \/>\n<meta property=\"og:image\" content=\"https:\/\/www.hospitalsancarlos.es\/blog\/wp-content\/uploads\/2024\/11\/Dr-Ferrer-Gomez2-web.jpg\" \/>\n\t<meta property=\"og:image:width\" content=\"1024\" \/>\n\t<meta property=\"og:image:height\" content=\"576\" \/>\n<meta name=\"twitter:card\" content=\"summary_large_image\" \/>\n<meta name=\"twitter:label1\" content=\"Escrito por\" \/>\n\t<meta name=\"twitter:data1\" content=\"cpeiro\" \/>\n\t<meta name=\"twitter:label2\" content=\"Tiempo de lectura\" \/>\n\t<meta name=\"twitter:data2\" content=\"3 minutos\" \/>\n<script type=\"application\/ld+json\" class=\"yoast-schema-graph\">{\"@context\":\"https:\/\/schema.org\",\"@graph\":[{\"@type\":\"Organization\",\"@id\":\"https:\/\/www.hospitalsancarlos.es\/blog\/#organization\",\"name\":\"Hospital San Carlos\",\"url\":\"https:\/\/www.hospitalsancarlos.es\/blog\/\",\"sameAs\":[],\"logo\":{\"@type\":\"ImageObject\",\"@id\":\"https:\/\/www.hospitalsancarlos.es\/blog\/#logo\",\"inLanguage\":\"es\",\"url\":\"https:\/\/www.hospitalsancarlos.es\/blog\/wp-content\/uploads\/2021\/09\/logo-sancarlos.png\",\"contentUrl\":\"https:\/\/www.hospitalsancarlos.es\/blog\/wp-content\/uploads\/2021\/09\/logo-sancarlos.png\",\"width\":320,\"height\":52,\"caption\":\"Hospital San Carlos\"},\"image\":{\"@id\":\"https:\/\/www.hospitalsancarlos.es\/blog\/#logo\"}},{\"@type\":\"WebSite\",\"@id\":\"https:\/\/www.hospitalsancarlos.es\/blog\/#website\",\"url\":\"https:\/\/www.hospitalsancarlos.es\/blog\/\",\"name\":\"Hospital San Carlos\",\"description\":\"Hospital en Denia referente en la Marina Alta\",\"publisher\":{\"@id\":\"https:\/\/www.hospitalsancarlos.es\/blog\/#organization\"},\"potentialAction\":[{\"@type\":\"SearchAction\",\"target\":{\"@type\":\"EntryPoint\",\"urlTemplate\":\"https:\/\/www.hospitalsancarlos.es\/blog\/?s={search_term_string}\"},\"query-input\":\"required name=search_term_string\"}],\"inLanguage\":\"es\"},{\"@type\":\"ImageObject\",\"@id\":\"https:\/\/www.hospitalsancarlos.es\/blog\/actualidad\/hla-centro-medico-san-carlos-de-javea-refuerza-la-especialidad-de-medicina-familiar-con-la-incorporacion-del-dr-rafael-gomez-ferrer\/#primaryimage\",\"inLanguage\":\"es\",\"url\":\"https:\/\/www.hospitalsancarlos.es\/blog\/wp-content\/uploads\/2024\/11\/Dr-Ferrer-Gomez2-web.jpg\",\"contentUrl\":\"https:\/\/www.hospitalsancarlos.es\/blog\/wp-content\/uploads\/2024\/11\/Dr-Ferrer-Gomez2-web.jpg\",\"width\":1024,\"height\":576},{\"@type\":\"WebPage\",\"@id\":\"https:\/\/www.hospitalsancarlos.es\/blog\/actualidad\/hla-centro-medico-san-carlos-de-javea-refuerza-la-especialidad-de-medicina-familiar-con-la-incorporacion-del-dr-rafael-gomez-ferrer\/#webpage\",\"url\":\"https:\/\/www.hospitalsancarlos.es\/blog\/actualidad\/hla-centro-medico-san-carlos-de-javea-refuerza-la-especialidad-de-medicina-familiar-con-la-incorporacion-del-dr-rafael-gomez-ferrer\/\",\"name\":\"HLA Centro M\\u00e9dico San Carlos de J\\u00e1vea refuerza la especialidad de medicina familiar con la incorporaci\\u00f3n del Dr. Rafael G\\u00f3mez-Ferrer - Hospital San Carlos\",\"isPartOf\":{\"@id\":\"https:\/\/www.hospitalsancarlos.es\/blog\/#website\"},\"primaryImageOfPage\":{\"@id\":\"https:\/\/www.hospitalsancarlos.es\/blog\/actualidad\/hla-centro-medico-san-carlos-de-javea-refuerza-la-especialidad-de-medicina-familiar-con-la-incorporacion-del-dr-rafael-gomez-ferrer\/#primaryimage\"},\"datePublished\":\"2024-11-08T10:42:57+00:00\",\"dateModified\":\"2024-11-14T09:43:44+00:00\",\"breadcrumb\":{\"@id\":\"https:\/\/www.hospitalsancarlos.es\/blog\/actualidad\/hla-centro-medico-san-carlos-de-javea-refuerza-la-especialidad-de-medicina-familiar-con-la-incorporacion-del-dr-rafael-gomez-ferrer\/#breadcrumb\"},\"inLanguage\":\"es\",\"potentialAction\":[{\"@type\":\"ReadAction\",\"target\":[\"https:\/\/www.hospitalsancarlos.es\/blog\/actualidad\/hla-centro-medico-san-carlos-de-javea-refuerza-la-especialidad-de-medicina-familiar-con-la-incorporacion-del-dr-rafael-gomez-ferrer\/\"]}]},{\"@type\":\"BreadcrumbList\",\"@id\":\"https:\/\/www.hospitalsancarlos.es\/blog\/actualidad\/hla-centro-medico-san-carlos-de-javea-refuerza-la-especialidad-de-medicina-familiar-con-la-incorporacion-del-dr-rafael-gomez-ferrer\/#breadcrumb\",\"itemListElement\":[{\"@type\":\"ListItem\",\"position\":1,\"name\":\"Portada\",\"item\":\"https:\/\/www.hospitalsancarlos.es\/blog\/\"},{\"@type\":\"ListItem\",\"position\":2,\"name\":\"HLA Centro M\\u00e9dico San Carlos de J\\u00e1vea refuerza la especialidad de medicina familiar con la incorporaci\\u00f3n del Dr. Rafael G\\u00f3mez-Ferrer\"}]},{\"@type\":\"Article\",\"@id\":\"https:\/\/www.hospitalsancarlos.es\/blog\/actualidad\/hla-centro-medico-san-carlos-de-javea-refuerza-la-especialidad-de-medicina-familiar-con-la-incorporacion-del-dr-rafael-gomez-ferrer\/#article\",\"isPartOf\":{\"@id\":\"https:\/\/www.hospitalsancarlos.es\/blog\/actualidad\/hla-centro-medico-san-carlos-de-javea-refuerza-la-especialidad-de-medicina-familiar-con-la-incorporacion-del-dr-rafael-gomez-ferrer\/#webpage\"},\"author\":{\"@id\":\"https:\/\/www.hospitalsancarlos.es\/blog\/#\/schema\/person\/c1d5250fead0465bd1f1bfbc6e72b67e\"},\"headline\":\"HLA Centro M\\u00e9dico San Carlos de J\\u00e1vea refuerza la especialidad de medicina familiar con la incorporaci\\u00f3n del Dr. Rafael G\\u00f3mez-Ferrer\",\"datePublished\":\"2024-11-08T10:42:57+00:00\",\"dateModified\":\"2024-11-14T09:43:44+00:00\",\"mainEntityOfPage\":{\"@id\":\"https:\/\/www.hospitalsancarlos.es\/blog\/actualidad\/hla-centro-medico-san-carlos-de-javea-refuerza-la-especialidad-de-medicina-familiar-con-la-incorporacion-del-dr-rafael-gomez-ferrer\/#webpage\"},\"wordCount\":613,\"publisher\":{\"@id\":\"https:\/\/www.hospitalsancarlos.es\/blog\/#organization\"},\"image\":{\"@id\":\"https:\/\/www.hospitalsancarlos.es\/blog\/actualidad\/hla-centro-medico-san-carlos-de-javea-refuerza-la-especialidad-de-medicina-familiar-con-la-incorporacion-del-dr-rafael-gomez-ferrer\/#primaryimage\"},\"thumbnailUrl\":\"https:\/\/www.hospitalsancarlos.es\/blog\/wp-content\/uploads\/2024\/11\/Dr-Ferrer-Gomez2-web.jpg\",\"articleSection\":[\"Actualidad\"],\"inLanguage\":\"es\"},{\"@type\":\"Person\",\"@id\":\"https:\/\/www.hospitalsancarlos.es\/blog\/#\/schema\/person\/c1d5250fead0465bd1f1bfbc6e72b67e\",\"name\":\"cpeiro\",\"image\":{\"@type\":\"ImageObject\",\"@id\":\"https:\/\/www.hospitalsancarlos.es\/blog\/#personlogo\",\"inLanguage\":\"es\",\"url\":\"https:\/\/secure.gravatar.com\/avatar\/ccda9b15179fd1fab596469501706a8d4ab328c17627e4cd9c5752f0efc1aaed?s=96&d=mm&r=g\",\"contentUrl\":\"https:\/\/secure.gravatar.com\/avatar\/ccda9b15179fd1fab596469501706a8d4ab328c17627e4cd9c5752f0efc1aaed?s=96&d=mm&r=g\",\"caption\":\"cpeiro\"}}]}<\/script>\n<!-- \/ Yoast SEO plugin. -->","yoast_head_json":{"title":"HLA Centro M\u00e9dico San Carlos de J\u00e1vea refuerza la especialidad de medicina familiar con la incorporaci\u00f3n del Dr. Rafael G\u00f3mez-Ferrer - Hospital San Carlos","robots":{"index":"index","follow":"follow","max-snippet":"max-snippet:-1","max-image-preview":"max-image-preview:large","max-video-preview":"max-video-preview:-1"},"canonical":"https:\/\/www.hospitalsancarlos.es\/blog\/actualidad\/hla-centro-medico-san-carlos-de-javea-refuerza-la-especialidad-de-medicina-familiar-con-la-incorporacion-del-dr-rafael-gomez-ferrer\/","og_locale":"es_ES","og_type":"article","og_title":"HLA Centro M\u00e9dico San Carlos de J\u00e1vea refuerza la especialidad de medicina familiar con la incorporaci\u00f3n del Dr. Rafael G\u00f3mez-Ferrer - Hospital San Carlos","og_description":"El experto ha destacado la importancia de la medicina de familia por su contribuci\u00f3n a mejorar la calidad de vida, reduciendo la necesidad de tratamientos especializados. El HLA Centro M\u00e9dico J\u00e1vea, centro de especialidades&#46;&#46;&#46;","og_url":"https:\/\/www.hospitalsancarlos.es\/blog\/actualidad\/hla-centro-medico-san-carlos-de-javea-refuerza-la-especialidad-de-medicina-familiar-con-la-incorporacion-del-dr-rafael-gomez-ferrer\/","og_site_name":"Hospital San Carlos","article_published_time":"2024-11-08T10:42:57+00:00","article_modified_time":"2024-11-14T09:43:44+00:00","og_image":[{"width":1024,"height":576,"filesize":202012,"url":"https:\/\/www.hospitalsancarlos.es\/blog\/wp-content\/uploads\/2024\/11\/Dr-Ferrer-Gomez2-web.jpg","path":"\/var\/www\/vhosts\/hospitalsancarlos.es\/httpdocs\/blog\/wp-content\/uploads\/2024\/11\/Dr-Ferrer-Gomez2-web.jpg","size":"full","id":1043,"alt":"","pixels":589824,"type":"image\/jpeg"}],"twitter_card":"summary_large_image","twitter_misc":{"Escrito por":"cpeiro","Tiempo de lectura":"3 minutos"},"schema":{"@context":"https:\/\/schema.org","@graph":[{"@type":"Organization","@id":"https:\/\/www.hospitalsancarlos.es\/blog\/#organization","name":"Hospital San Carlos","url":"https:\/\/www.hospitalsancarlos.es\/blog\/","sameAs":[],"logo":{"@type":"ImageObject","@id":"https:\/\/www.hospitalsancarlos.es\/blog\/#logo","inLanguage":"es","url":"https:\/\/www.hospitalsancarlos.es\/blog\/wp-content\/uploads\/2021\/09\/logo-sancarlos.png","contentUrl":"https:\/\/www.hospitalsancarlos.es\/blog\/wp-content\/uploads\/2021\/09\/logo-sancarlos.png","width":320,"height":52,"caption":"Hospital San Carlos"},"image":{"@id":"https:\/\/www.hospitalsancarlos.es\/blog\/#logo"}},{"@type":"WebSite","@id":"https:\/\/www.hospitalsancarlos.es\/blog\/#website","url":"https:\/\/www.hospitalsancarlos.es\/blog\/","name":"Hospital San Carlos","description":"Hospital en Denia referente en la Marina Alta","publisher":{"@id":"https:\/\/www.hospitalsancarlos.es\/blog\/#organization"},"potentialAction":[{"@type":"SearchAction","target":{"@type":"EntryPoint","urlTemplate":"https:\/\/www.hospitalsancarlos.es\/blog\/?s={search_term_string}"},"query-input":"required name=search_term_string"}],"inLanguage":"es"},{"@type":"ImageObject","@id":"https:\/\/www.hospitalsancarlos.es\/blog\/actualidad\/hla-centro-medico-san-carlos-de-javea-refuerza-la-especialidad-de-medicina-familiar-con-la-incorporacion-del-dr-rafael-gomez-ferrer\/#primaryimage","inLanguage":"es","url":"https:\/\/www.hospitalsancarlos.es\/blog\/wp-content\/uploads\/2024\/11\/Dr-Ferrer-Gomez2-web.jpg","contentUrl":"https:\/\/www.hospitalsancarlos.es\/blog\/wp-content\/uploads\/2024\/11\/Dr-Ferrer-Gomez2-web.jpg","width":1024,"height":576},{"@type":"WebPage","@id":"https:\/\/www.hospitalsancarlos.es\/blog\/actualidad\/hla-centro-medico-san-carlos-de-javea-refuerza-la-especialidad-de-medicina-familiar-con-la-incorporacion-del-dr-rafael-gomez-ferrer\/#webpage","url":"https:\/\/www.hospitalsancarlos.es\/blog\/actualidad\/hla-centro-medico-san-carlos-de-javea-refuerza-la-especialidad-de-medicina-familiar-con-la-incorporacion-del-dr-rafael-gomez-ferrer\/","name":"HLA Centro M\u00e9dico San Carlos de J\u00e1vea refuerza la especialidad de medicina familiar con la incorporaci\u00f3n del Dr. Rafael G\u00f3mez-Ferrer - Hospital San Carlos","isPartOf":{"@id":"https:\/\/www.hospitalsancarlos.es\/blog\/#website"},"primaryImageOfPage":{"@id":"https:\/\/www.hospitalsancarlos.es\/blog\/actualidad\/hla-centro-medico-san-carlos-de-javea-refuerza-la-especialidad-de-medicina-familiar-con-la-incorporacion-del-dr-rafael-gomez-ferrer\/#primaryimage"},"datePublished":"2024-11-08T10:42:57+00:00","dateModified":"2024-11-14T09:43:44+00:00","breadcrumb":{"@id":"https:\/\/www.hospitalsancarlos.es\/blog\/actualidad\/hla-centro-medico-san-carlos-de-javea-refuerza-la-especialidad-de-medicina-familiar-con-la-incorporacion-del-dr-rafael-gomez-ferrer\/#breadcrumb"},"inLanguage":"es","potentialAction":[{"@type":"ReadAction","target":["https:\/\/www.hospitalsancarlos.es\/blog\/actualidad\/hla-centro-medico-san-carlos-de-javea-refuerza-la-especialidad-de-medicina-familiar-con-la-incorporacion-del-dr-rafael-gomez-ferrer\/"]}]},{"@type":"BreadcrumbList","@id":"https:\/\/www.hospitalsancarlos.es\/blog\/actualidad\/hla-centro-medico-san-carlos-de-javea-refuerza-la-especialidad-de-medicina-familiar-con-la-incorporacion-del-dr-rafael-gomez-ferrer\/#breadcrumb","itemListElement":[{"@type":"ListItem","position":1,"name":"Portada","item":"https:\/\/www.hospitalsancarlos.es\/blog\/"},{"@type":"ListItem","position":2,"name":"HLA Centro M\u00e9dico San Carlos de J\u00e1vea refuerza la especialidad de medicina familiar con la incorporaci\u00f3n del Dr. Rafael G\u00f3mez-Ferrer"}]},{"@type":"Article","@id":"https:\/\/www.hospitalsancarlos.es\/blog\/actualidad\/hla-centro-medico-san-carlos-de-javea-refuerza-la-especialidad-de-medicina-familiar-con-la-incorporacion-del-dr-rafael-gomez-ferrer\/#article","isPartOf":{"@id":"https:\/\/www.hospitalsancarlos.es\/blog\/actualidad\/hla-centro-medico-san-carlos-de-javea-refuerza-la-especialidad-de-medicina-familiar-con-la-incorporacion-del-dr-rafael-gomez-ferrer\/#webpage"},"author":{"@id":"https:\/\/www.hospitalsancarlos.es\/blog\/#\/schema\/person\/c1d5250fead0465bd1f1bfbc6e72b67e"},"headline":"HLA Centro M\u00e9dico San Carlos de J\u00e1vea refuerza la especialidad de medicina familiar con la incorporaci\u00f3n del Dr. Rafael G\u00f3mez-Ferrer","datePublished":"2024-11-08T10:42:57+00:00","dateModified":"2024-11-14T09:43:44+00:00","mainEntityOfPage":{"@id":"https:\/\/www.hospitalsancarlos.es\/blog\/actualidad\/hla-centro-medico-san-carlos-de-javea-refuerza-la-especialidad-de-medicina-familiar-con-la-incorporacion-del-dr-rafael-gomez-ferrer\/#webpage"},"wordCount":613,"publisher":{"@id":"https:\/\/www.hospitalsancarlos.es\/blog\/#organization"},"image":{"@id":"https:\/\/www.hospitalsancarlos.es\/blog\/actualidad\/hla-centro-medico-san-carlos-de-javea-refuerza-la-especialidad-de-medicina-familiar-con-la-incorporacion-del-dr-rafael-gomez-ferrer\/#primaryimage"},"thumbnailUrl":"https:\/\/www.hospitalsancarlos.es\/blog\/wp-content\/uploads\/2024\/11\/Dr-Ferrer-Gomez2-web.jpg","articleSection":["Actualidad"],"inLanguage":"es"},{"@type":"Person","@id":"https:\/\/www.hospitalsancarlos.es\/blog\/#\/schema\/person\/c1d5250fead0465bd1f1bfbc6e72b67e","name":"cpeiro","image":{"@type":"ImageObject","@id":"https:\/\/www.hospitalsancarlos.es\/blog\/#personlogo","inLanguage":"es","url":"https:\/\/secure.gravatar.com\/avatar\/ccda9b15179fd1fab596469501706a8d4ab328c17627e4cd9c5752f0efc1aaed?s=96&d=mm&r=g","contentUrl":"https:\/\/secure.gravatar.com\/avatar\/ccda9b15179fd1fab596469501706a8d4ab328c17627e4cd9c5752f0efc1aaed?s=96&d=mm&r=g","caption":"cpeiro"}}]}},"_links":{"self":[{"href":"https:\/\/www.hospitalsancarlos.es\/blog\/wp-json\/wp\/v2\/posts\/1042","targetHints":{"allow":["GET"]}}],"collection":[{"href":"https:\/\/www.hospitalsancarlos.es\/blog\/wp-json\/wp\/v2\/posts"}],"about":[{"href":"https:\/\/www.hospitalsancarlos.es\/blog\/wp-json\/wp\/v2\/types\/post"}],"author":[{"embeddable":true,"href":"https:\/\/www.hospitalsancarlos.es\/blog\/wp-json\/wp\/v2\/users\/2"}],"replies":[{"embeddable":true,"href":"https:\/\/www.hospitalsancarlos.es\/blog\/wp-json\/wp\/v2\/comments?post=1042"}],"version-history":[{"count":1,"href":"https:\/\/www.hospitalsancarlos.es\/blog\/wp-json\/wp\/v2\/posts\/1042\/revisions"}],"predecessor-version":[{"id":1044,"href":"https:\/\/www.hospitalsancarlos.es\/blog\/wp-json\/wp\/v2\/posts\/1042\/revisions\/1044"}],"wp:featuredmedia":[{"embeddable":true,"href":"https:\/\/www.hospitalsancarlos.es\/blog\/wp-json\/wp\/v2\/media\/1043"}],"wp:attachment":[{"href":"https:\/\/www.hospitalsancarlos.es\/blog\/wp-json\/wp\/v2\/media?parent=1042"}],"wp:term":[{"taxonomy":"category","embeddable":true,"href":"https:\/\/www.hospitalsancarlos.es\/blog\/wp-json\/wp\/v2\/categories?post=1042"},{"taxonomy":"post_tag","embeddable":true,"href":"https:\/\/www.hospitalsancarlos.es\/blog\/wp-json\/wp\/v2\/tags?post=1042"}],"curies":[{"name":"wp","href":"https:\/\/api.w.org\/{rel}","templated":true}]}}